{"id":4425,"date":"2017-09-11T23:58:16","date_gmt":"2017-09-11T23:58:16","guid":{"rendered":"http:\/\/zumbalaturba.com.ar\/?p=4425"},"modified":"2017-09-11T23:58:16","modified_gmt":"2017-09-11T23:58:16","slug":"rosario-16-y-17-de-septiembre-la-esperanza-no-es-la-espera-sino-la-construccion-de-la-utopia","status":"publish","type":"post","link":"https:\/\/zumbalaturba.com.ar\/?p=4425","title":{"rendered":"Rosario, 16 y 17 de septiembre: \u201cla esperanza no es la espera, sino la construcci\u00f3n de la utop\u00eda\u201d"},"content":{"rendered":"<p><img decoding=\"async\" class=\" wp-image-4426 alignleft\" src=\"https:\/\/zumbalaturba.com.ar\/wp-content\/uploads\/2017\/09\/21557480_1209287592506218_1740420571179462348_n-300x277.jpg\" alt=\"21557480_1209287592506218_1740420571179462348_n\" width=\"204\" height=\"188\" srcset=\"https:\/\/zumbalaturba.com.ar\/wp-content\/uploads\/2017\/09\/21557480_1209287592506218_1740420571179462348_n-300x277.jpg 300w, https:\/\/zumbalaturba.com.ar\/wp-content\/uploads\/2017\/09\/21557480_1209287592506218_1740420571179462348_n-768x708.jpg 768w, https:\/\/zumbalaturba.com.ar\/wp-content\/uploads\/2017\/09\/21557480_1209287592506218_1740420571179462348_n.jpg 843w\" sizes=\"(max-width: 204px) 100vw, 204px\" \/>Los d\u00edas 16 y 17 de septiembre se realizar\u00e1 en la ciudad de Rosario el 13\u00b0 Encuentro de la Red Nacional de Educadoras y Educadores Populares. Desde el <b>Enredando las Ma\u00f1anas <\/b>conversamos con <b>Iv\u00e1n, integrante del equipo de Educaci\u00f3n Popular Pa\u00f1uelos en Rebeld\u00eda, <\/b>para conocer m\u00e1s detalles de la convocatoria, a la que se espera que asistan m\u00e1s de 400 educadorxs populares de distintos puntos del pa\u00eds y del continente.<\/p>\n[audio+video]\n<p><iframe src=\"http:\/\/ar.ivoox.com\/es\/player_ej_20810970_2_1.html?data=k5Wlk5Wde5Ghhpywj5aUaZS1lJyah5yncZKhhpywj5WRaZi3jpWah5yncabi1dfS2M7XuMKfwpC22MbSaZO3jLXOh6iXaaOl1srZ0diPqc-fs8rPx9HIaaSnhqaxw5KJe6Shs8bRy9SPntbhw8aYzsaPmNbmw8aah5yncZE.&amp;\" width=\"100%\" height=\"200\" frameborder=\"0\" scrolling=\"no\" allowfullscreen=\"allowfullscreen\"><\/iframe><\/p>\n<p>Septiembre es el mes del nacimiento de Paulo Freire, y septiembre ser\u00e1 el mes que albergue un conjunto de propuestas emancipatorias que se siguen pensando desde la clave de la educaci\u00f3n popular.<\/p>\n<p>En particular, los d\u00edas 16 y 17 de septiembre tendr\u00e1 lugar en la ciudad de Rosario el <strong>13\u00b0 Encuentro de la Red Nacional de Educadoras y Educadores Populares<\/strong>, convocado en el marco de la Escuela de Derechos de los Pueblos del Abya Yala por un importante n\u00famero de organizaciones sociales.<\/p>\n<p>Iv\u00e1n, integrante de Pa\u00f1uelos en Rebeld\u00eda, comenta al aire del Enredando las Ma\u00f1anas que se espera la participaci\u00f3n de entre 400 y 450 personas provenientes de distintos lugares del pa\u00eds y del Abya Yala, entre los que se cuentan contingentes que viajar\u00e1n desde las ciudades de Tandil, Buenos Aires, C\u00f3rdoba y La Plata.<\/p>\n<p>El eje que orientar\u00e1 el trabajo del fin de semana ser\u00e1 el de &#8220;<strong>Pedagog\u00eda de la Esperanza. Experiencias que cuidan y encienden nuestros fuegos<\/strong>&#8220;. Para el educador popular, la elecci\u00f3n de este eje tiene que ver con &#8220;<em>que lo vemos necesario ante el escenario de desolaci\u00f3n que estamos teniendo \u00faltimamente que recibimos en la cotidianidad noticias tremendas d\u00eda a d\u00eda. Parece que las noticias no cesan, y eso puede mermar un poco en nuestro \u00e1nimo, pero no en nuestra esperanza, porque sabemos que la esperanza no es la espera, sino es la construcci\u00f3n de la utop\u00eda<\/em>&#8220;.<\/p>\n<p>El Encuentro se desarrollar\u00e1 en el Centro Cultural La Toma, espacio recuperado en el a\u00f1o 2001 por sus trabajadorxs, y empezar\u00e1 en la jornada del s\u00e1bado con un agradecimiento y homenaje a ese espacio. Iv\u00e1n explica que La Toma es &#8220;<em>uno de los espacios recuperados que hasta ahora se sostiene, que sus trabajadores y trabajadoras est\u00e1n llevando adelante con un mont\u00f3n de vicisitudes pero lo est\u00e1n logrando<\/em>&#8221;<\/p>\n<p>Despu\u00e9s la actividad continuar\u00e1 proponiendo la met\u00e1fora de los fuegos, que &#8220;<em>implica la unidad que estamos buscando, que es unir nuestros fuegos y pensar c\u00f3mo los sostenemos, una met\u00e1fora necesaria<\/em>&#8220;. El trabajo posterior contar\u00e1 con un abordaje desde la perspectiva del Teatro de lxs Oprimidxs y el desarrollo de comisiones para encontrarse nuevamente por la noche con, explica el integrante de Pa\u00f1uelos, &#8220;<em>una serie de homenajes muy interesantes, a las Madres de la Plaza 25 de Mayo, de aqu\u00ed de Rosario, a Mercedes &#8216;La Mecha&#8217; Delgado, recordando la Noche de los L\u00e1pices, tambi\u00e9n homenajearemos a Pocho Lepratti y al padre Edgardo Montaldo y la semilla que germin\u00f3 en ellos, que es la Organizaci\u00f3n Social de Ludue\u00f1a y el Carnaval, la murga y los comedores<\/em>&#8220;.<\/p>\n<p>Por otro lado, la perspectiva internacionalista se encender\u00e1 fuerte el d\u00eda domingo, cuando puedan escucharse las voces de las delegaciones de otros puntos del continente. Iv\u00e1n comparte que la actividad empezar\u00e1 &#8220;<em>con un homenaje a Felisa Lemos, una compa\u00f1era que estuvo en la guerrilla nicarag\u00fcense, compa\u00f1era internacionalista de aqu\u00ed de Rosario. Se trabajar\u00e1 en las mesas y despu\u00e9s tendremos la intervenci\u00f3n de las compa\u00f1eras del Abya Yala, de diversas representaciones. Tenemos ya confirmada la presencia del MST de Brasil, de Conamuri de Paraguay, y algo m\u00e1s allende las fronteras latinoamericanas, una compa\u00f1era de las mujeres Kurdas. As\u00ed que la Mesa Latinoamericana estar\u00e1 poblada de muchas compa\u00f1eras. Tambi\u00e9n habr\u00e1 de Centroam\u00e9rica, la Asamblea de Mexicanas y Mexicanos<\/em>&#8220;.<\/p>\n<p>El cierre de la actividad buscar\u00e1 visibilizarse en un espacio p\u00fablico con un abrazo al monumento al Che Guevara. &#8220;<em>Ese monumento<\/em> -explica el entrevistado- <em>relativamente nuevo, hubo una campa\u00f1a para recaudar firmas para que se sacar\u00e1 la estatua de ese lugar. Una organizaci\u00f3n que es una &#8220;fachota&#8221; de primera, que no tuvieron mucho \u00e9xito. Estamos intentando hacer una respuesta aprovechando la presencia latinoamericana presente en ese d\u00eda<\/em>&#8220;.<\/p>\n<p>Por otro lado, diversos momentos del Encuentro estar\u00e1n transmiti\u00e9ndose en vivo por el facebook de Pa\u00f1uelos en Rebeld\u00eda y otros modos de difusi\u00f3n, contando con la participaci\u00f3n y aporte de la <strong>Red Nacional de Medios Alternativos<\/strong> y la <strong>Radio Che Guevara<\/strong>.<\/p>\n<p><iframe src=\"https:\/\/www.youtube.com\/embed\/h78kNJ-MlXg\" width=\"560\" height=\"315\" frameborder=\"0\" allowfullscreen=\"allowfullscreen\"><\/iframe><\/p>\n<p><strong>Contacto:<\/strong><br \/>\nfacebook: <a href=\"https:\/\/www.facebook.com\/Pa%C3%B1uelos-en-Rebeld%C3%ADa-461055923996059\/\">Pa\u00f1uelos en Rebeld\u00eda<\/a><br \/>\nmail: <a href=\"mailto:encuentrorededpop2017@gmail.com\">encuentrorededpop2017@gmail.com<\/a><br \/>\nevento en facebook:\u00a0<a href=\"https:\/\/www.facebook.com\/events\/309395482865978\/?ref=br_rs\">https:\/\/www.facebook.com\/events\/309395482865978\/?ref=br_rs<\/a><\/p>\n<p>&nbsp;<\/p>\n<div class='share-to-whatsapp-wrapper'><div class='share-on-whsp'>Share on: <\/div><div class='clear '><\/div><\/div>","protected":false},"excerpt":{"rendered":"<p>Los d\u00edas 16 y 17 de septiembre se realizar\u00e1 en la ciudad de Rosario el 13\u00b0 Encuentro de la Red Nacional de Educadoras y Educadores Populares. Desde el Enredando las Ma\u00f1anas conversamos con Iv\u00e1n, integrante del equipo de Educaci\u00f3n Popular Pa\u00f1uelos en Rebeld\u00eda, para conocer m\u00e1s detalles de la convocatoria, a la que se espera [&hellip;]<\/p>\n","protected":false},"author":6,"featured_media":4427,"comment_status":"open","ping_status":"open","sticky":false,"template":"","format":"standard","meta":{"footnotes":""},"categories":[18],"tags":[604,63,812],"class_list":["post-4425","post","type-post","status-publish","format-standard","has-post-thumbnail","hentry","category-elm","tag-educacion-popular","tag-panuelos","tag-paulo-freire"],"_links":{"self":[{"href":"https:\/\/zumbalaturba.com.ar\/index.php?rest_route=\/wp\/v2\/posts\/4425","targetHints":{"allow":["GET"]}}],"collection":[{"href":"https:\/\/zumbalaturba.com.ar\/index.php?rest_route=\/wp\/v2\/posts"}],"about":[{"href":"https:\/\/zumbalaturba.com.ar\/index.php?rest_route=\/wp\/v2\/types\/post"}],"author":[{"embeddable":true,"href":"https:\/\/zumbalaturba.com.ar\/index.php?rest_route=\/wp\/v2\/users\/6"}],"replies":[{"embeddable":true,"href":"https:\/\/zumbalaturba.com.ar\/index.php?rest_route=%2Fwp%2Fv2%2Fcomments&post=4425"}],"version-history":[{"count":0,"href":"https:\/\/zumbalaturba.com.ar\/index.php?rest_route=\/wp\/v2\/posts\/4425\/revisions"}],"wp:featuredmedia":[{"embeddable":true,"href":"https:\/\/zumbalaturba.com.ar\/index.php?rest_route=\/wp\/v2\/media\/4427"}],"wp:attachment":[{"href":"https:\/\/zumbalaturba.com.ar\/index.php?rest_route=%2Fwp%2Fv2%2Fmedia&parent=4425"}],"wp:term":[{"taxonomy":"category","embeddable":true,"href":"https:\/\/zumbalaturba.com.ar\/index.php?rest_route=%2Fwp%2Fv2%2Fcategories&post=4425"},{"taxonomy":"post_tag","embeddable":true,"href":"https:\/\/zumbalaturba.com.ar\/index.php?rest_route=%2Fwp%2Fv2%2Ftags&post=4425"}],"curies":[{"name":"wp","href":"https:\/\/api.w.org\/{rel}","templated":true}]}}