{"id":4528,"date":"2017-09-22T13:09:17","date_gmt":"2017-09-22T16:09:17","guid":{"rendered":"http:\/\/zumbalaturba.com.ar\/?p=4528"},"modified":"2023-10-14T20:17:26","modified_gmt":"2023-10-14T23:17:26","slug":"soledad-cuello-el-mismo-estado-nos-estaba-quitando-la-esperanza-de-buscar-con-vida-a-yamila","status":"publish","type":"post","link":"https:\/\/zumbalaturba.com.ar\/?p=4528","title":{"rendered":"Soledad Cuello: &#8220;el mismo Estado nos estaba quitando la esperanza de buscar con vida a Yamila&#8221;"},"content":{"rendered":"<p><img decoding=\"async\" class=\" wp-image-4529 alignleft\" src=\"https:\/\/zumbalaturba.com.ar\/wp-content\/uploads\/2017\/09\/Yamila-3-300x199.jpg\" alt=\"Yamila (3)\" width=\"267\" height=\"177\" srcset=\"https:\/\/zumbalaturba.com.ar\/wp-content\/uploads\/2017\/09\/Yamila-3-300x199.jpg 300w, https:\/\/zumbalaturba.com.ar\/wp-content\/uploads\/2017\/09\/Yamila-3-768x510.jpg 768w, https:\/\/zumbalaturba.com.ar\/wp-content\/uploads\/2017\/09\/Yamila-3.jpg 960w\" sizes=\"(max-width: 267px) 100vw, 267px\" \/> Por una decisi\u00f3n de la Justicia Federal de C\u00f3rdoba, la desaparici\u00f3n de Yamila Cuello continuar\u00e1 siendo investigada como presunta trata de personas. Desde <b>Zumba la Turba<\/b> conversamos con <b>Soledad Cuello, su hermana, y Juan Pablo Cuello, integrante de la Coordinadora por Aparici\u00f3n con Vida de Yamila Cuello<\/b>.<\/p>\n<p><iframe src=\"http:\/\/ar.ivoox.com\/es\/player_ej_20958279_2_1.html?data=k5Wml52We5qhhpywj5WbaZS1lZuah5yncZOhhpywj5WRaZi3jpWah5yncabi1dfS2M7XuMKfwpDA0dHJb6TpxtHZ0YqWh4zmwtnWyM7HpcTd0NOYxsqPp8Lp1MaY1tfFuMKhhpywj7fFqMrjjL_iz8fFb83VjLni1MfFcYarpJKh&amp;\" width=\"100%\" height=\"200\" frameborder=\"0\" scrolling=\"no\" allowfullscreen=\"allowfullscreen\"><\/iframe><\/p>\n<p>En una decisi\u00f3n que tuerce la voluntad del fiscal Enrique Senestrari de desligarse de la investigaci\u00f3n de la desaparici\u00f3n de Yamila Cuello por presunta trata de personas, la sala B de la <b>C\u00e1mara Federal de C\u00f3rdoba dio vuelta una resoluci\u00f3n del juez federal Ricardo Bustos Fierro y orden\u00f3 que la investigaci\u00f3n por la desaparici\u00f3n de Yamila Cuello contin\u00fae en la \u00f3rbita federal<\/b>.<\/p>\n<p>Soledad Cuello busca a su hermana desde el 25 de octubre de 2009. Esa noche, la joven se despidi\u00f3 de su abuela en la casa de barrio Coronel Olmedo en C\u00f3rdoba, y no volvieron a verla. 8 a\u00f1os ha transitado Soledad incontables pasillos y dependencias estatales, exigiendo que el Estado se haga cargo seriamente de la b\u00fasqueda de Yamila, encontr\u00e1ndose con la indiferencia de lxs funcionarixs e incluso, a veces, a su maltrato.<\/p>\n<p>El \u00faltimo embate hab\u00eda sido un mes atr\u00e1s, cuando el fiscal Senestrari plante\u00f3 que la investigaci\u00f3n deb\u00eda trasladarse a la justicia provincial por tratarse de un homicidio, desestimando la hip\u00f3tesis de la red de trata de personas. La familia de Yamila se opuso y el lunes 18 de septiembre la C\u00e1mara aval\u00f3 esa posici\u00f3n, se\u00f1alando que <b>existen indicios que hacen necesaria la continuidad de la investigaci\u00f3n<\/b> en ese sentido. Ahora el tribunal tiene un plazo de diez d\u00edas para expedirse. Pero desde la Coordinadora consideran que el fallo est\u00e1 muy bien argumentado, y que deja en evidencia porqu\u00e9 <b>Soledad viene planteando hace a\u00f1os que se investiguen las redes de trata que hay detr\u00e1s de la desaparici\u00f3n de Yamila<\/b>.<\/p>\n<p>Para Soledad, la noticia es un respaldo a la posici\u00f3n de la familia, y se\u00f1ala que <i>\u201cla misma justicia, el mismo Estado, nos estaba quitando la esperanza a nosotros de buscarla con vida (&#8230;) Que hoy por hoy tengamos el triunfo de que la causa se quede en el fuero federal, creo que se debe a la lucha y al acompa\u00f1amiento de las diferentes organizaciones, partidos, de la lucha de la calle<\/i>\u201d.<\/p>\n<p>En un contexto pol\u00edtico en el cual la idea de la desaparici\u00f3n forzada de personas ha cobrado desgraciadamente nueva vigencia, Juan Pablo sostiene la importancia de que \u201c<i>la C\u00e1mara Federal haya reafirmado esta postura nuestra, (&#8230;) que son los fuertes indicios de que Yamila ha sido v\u00edctima de una red de prostituci\u00f3n forzada, que eso es parte de un delito federal y que se debe investigar esa hip\u00f3tesis y todas las posibles razones por las cuales hoy falta en su casa. La aparici\u00f3n con vida hoy, cuando de la justicia vemos que en el caso de Santiago Maldonado, en el caso de Julio L\u00f3pez, en el caso de tantos desaparecidos quieren desligar en hip\u00f3tesis ins\u00f3litas, este fallo de alguna manera es un aliciente a todos los familiares de los desaparecidos en democracia para seguir investigando y que siga siendo una b\u00fasqueda federal<\/i>\u201d.<\/p>\n<p>La desaparici\u00f3n de Yamila Cuello es un claro reflejo de la justicia que tenemos, que siempre se inclina para desproteger a los sectores empobrecidos y a las mujeres.<\/p>\n<p>Para la Coordinadora por la Aparici\u00f3n con vida de Yamila Cuello, la responsabilidad del Estado es ineludible, porque \u201c<i>cuando desapareci\u00f3 Yamila, la polic\u00eda se neg\u00f3 a tomar la denuncia hasta el tercer d\u00eda. Incluso a nosotros nos dicen que eso ya cambi\u00f3, es mentira. D\u00eda a d\u00eda conocemos casos que siguen plante\u00e1ndoles a la familia que esperen, que ya van a volver<\/i>\u201d. Para Soledad, \u201c<i>el Estado, m\u00e1s all\u00e1 de lavarse las manos, siempre va a estar peg\u00e1ndole de alguna manera a la mujer, y m\u00e1s que todo en los sectores pobres, porque yo siempre digo, los pobres no tenemos derecho a nada. Yo creo que si hubi\u00e9ramos sido una familia de plata hubieran dado vuelta al mundo y mi hermana hoy estar\u00eda ac\u00e1<\/i>\u201d.<\/p>\n<p>Sin embargo, desde el dolor, Soledad ha sostenido de manera constante la b\u00fasqueda de su hermana y en ese camino ha sido vital \u201c<i>el apoyo de mucha gente que se sum\u00f3 y se solidariza (&#8230;) nunca dejo de decir que gracias a ellos yo hoy por hoy estoy ac\u00e1 parada, sigo repudiando, sigo saliendo a la calle y no va a haber nada que me haga callar<\/i>\u201d.<\/p>\n<p><b>\u00bfSenestrari, un fiscal \u201cprogresista\u201d?<\/b><\/p>\n<p>Lxs funcionarixs del poder judicial juegan un papel central a la hora de la administraci\u00f3n discrecional de la justicia y de garantizar la impunidad. Es una tarea pendiente de los sectores populares la de visibilizar el accionar de jueces y fiscales como socios de los grandes poderes.<\/p>\n<p>Juan Pablo se\u00f1ala que \u201c<i>el fiscal Enrique Senestrari ven\u00eda teniendo un perfil progresista, garantista, y \u00faltimamente venimos viendo en los fallos, como cuando criminaliza a un chico que escribe en un twitter en contra de la gendarmer\u00eda, o cuando en el caso de Yamila Cuello plantea, sin ninguna pista firme como le dice la C\u00e1mara, que puede haber sido un homicidio para sacarse la causa de encima, nos damos cuenta c\u00f3mo estos fiscales est\u00e1n jugando para el lado del poder, para el lado de la impunidad. Lo vemos tambi\u00e9n en el caso de Santiago. Entonces es muy importante desenmascarar estas posturas, denunciarlas fuertemente<\/i>\u201d. Hoy la fiscal\u00eda a cargo de la b\u00fasqueda de Yamilla pretende escaparse de investigar las redes de trata, y se excusa con hip\u00f3tesis inconclusas.<\/p>\n<p>&nbsp;<\/p>\n<div class='share-to-whatsapp-wrapper'><div class='share-on-whsp'>Share on: <\/div><div class='clear '><\/div><\/div>","protected":false},"excerpt":{"rendered":"<p>Por una decisi\u00f3n de la Justicia Federal de C\u00f3rdoba, la desaparici\u00f3n de Yamila Cuello continuar\u00e1 siendo investigada como presunta trata de personas. Desde Zumba la Turba conversamos con Soledad Cuello, su hermana, y Juan Pablo Cuello, integrante de la Coordinadora por Aparici\u00f3n con Vida de Yamila Cuello. En una decisi\u00f3n que tuerce la voluntad del [&hellip;]<\/p>\n","protected":false},"author":6,"featured_media":4530,"comment_status":"open","ping_status":"open","sticky":false,"template":"","format":"standard","meta":{"footnotes":""},"categories":[38,1241,15,5],"tags":[786,825,100,99],"class_list":["post-4528","post","type-post","status-publish","format-standard","has-post-thumbnail","hentry","category-anticarcelario-antrepresivo","category-ddhh","category-la-zumba","category-transfeminismos","tag-bastadedesaparecidxsendemocracia","tag-sole-cuello","tag-trata","tag-yamila-cuello"],"_links":{"self":[{"href":"https:\/\/zumbalaturba.com.ar\/index.php?rest_route=\/wp\/v2\/posts\/4528","targetHints":{"allow":["GET"]}}],"collection":[{"href":"https:\/\/zumbalaturba.com.ar\/index.php?rest_route=\/wp\/v2\/posts"}],"about":[{"href":"https:\/\/zumbalaturba.com.ar\/index.php?rest_route=\/wp\/v2\/types\/post"}],"author":[{"embeddable":true,"href":"https:\/\/zumbalaturba.com.ar\/index.php?rest_route=\/wp\/v2\/users\/6"}],"replies":[{"embeddable":true,"href":"https:\/\/zumbalaturba.com.ar\/index.php?rest_route=%2Fwp%2Fv2%2Fcomments&post=4528"}],"version-history":[{"count":0,"href":"https:\/\/zumbalaturba.com.ar\/index.php?rest_route=\/wp\/v2\/posts\/4528\/revisions"}],"wp:featuredmedia":[{"embeddable":true,"href":"https:\/\/zumbalaturba.com.ar\/index.php?rest_route=\/wp\/v2\/media\/4530"}],"wp:attachment":[{"href":"https:\/\/zumbalaturba.com.ar\/index.php?rest_route=%2Fwp%2Fv2%2Fmedia&parent=4528"}],"wp:term":[{"taxonomy":"category","embeddable":true,"href":"https:\/\/zumbalaturba.com.ar\/index.php?rest_route=%2Fwp%2Fv2%2Fcategories&post=4528"},{"taxonomy":"post_tag","embeddable":true,"href":"https:\/\/zumbalaturba.com.ar\/index.php?rest_route=%2Fwp%2Fv2%2Ftags&post=4528"}],"curies":[{"name":"wp","href":"https:\/\/api.w.org\/{rel}","templated":true}]}}