{"id":4560,"date":"2017-09-28T01:36:41","date_gmt":"2017-09-28T04:36:41","guid":{"rendered":"http:\/\/zumbalaturba.com.ar\/?p=4560"},"modified":"2023-10-14T20:15:33","modified_gmt":"2023-10-14T23:15:33","slug":"le-otorgaron-la-libertad-al-femicida-de-yuliana-cuando-la-impunidad-se-viste-de-azul","status":"publish","type":"post","link":"https:\/\/zumbalaturba.com.ar\/?p=4560","title":{"rendered":"Le otorgaron la libertad al femicida de Yuliana: cuando la impunidad se viste de azul"},"content":{"rendered":"<p class=\"western\"><img fetchpriority=\"high\" decoding=\"async\" class=\"size-medium wp-image-4562 alignleft\" src=\"https:\/\/zumbalaturba.com.ar\/wp-content\/uploads\/2017\/09\/yuliana-chevalluer-300x300.jpeg\" alt=\"yuliana chevalluer\" width=\"300\" height=\"300\" srcset=\"https:\/\/zumbalaturba.com.ar\/wp-content\/uploads\/2017\/09\/yuliana-chevalluer-300x300.jpeg 300w, https:\/\/zumbalaturba.com.ar\/wp-content\/uploads\/2017\/09\/yuliana-chevalluer-768x768.jpeg 768w, https:\/\/zumbalaturba.com.ar\/wp-content\/uploads\/2017\/09\/yuliana-chevalluer.jpeg 800w\" sizes=\"(max-width: 300px) 100vw, 300px\" \/>A menos de un mes del <strong>femicidio de Yuliana Chevalier,<\/strong> el Fiscal de delitos complejos de la ciudad de San Francisco, Bernardo Alberione, decidi\u00f3 que el polic\u00eda Alejandro Lovera espere el juicio en libertad. Desde <strong>Zumba la Turba<\/strong> nos comunicamos con <b>Daiana, integrante de Mujeres Unidas de San Francisco <\/b>y con <b>Claudia Mirele, abogada de la familia<\/b><i>.<\/i><\/p>\n<p class=\"western\">Hace poco m\u00e1s de un mes, el 18 de agosto, Yuliana Chevalier, una joven de veinte a\u00f1os de la localidad de Frontera, muri\u00f3 de un balazo del arma reglamentaria de su pareja Alejandro Lovera, polic\u00eda de la provincia de Santa Fe.<\/p>\n<p class=\"western\">Entrevista a la abogada Claudia Mirele:<\/p>\n<p>\u00a0<iframe src=\"http:\/\/ar.ivoox.com\/es\/player_ek_21141108_2_1.html?data=k5aelpaVdJmhhpywj5WZaZS1lZaah5yncZKhhpywj5WRaZi3jpWah5yncabi1dfS2M7XuMKfwpCwzsbZqMrVjLLW1MrQqYampJDOxNTLpcXVjMnSjdHFb8fVzs7Zy8aPqMaf2pKSmaiRlsLYytSYvNrRpsKfzcaYttrWpsKhhpywj5U.&amp;\" width=\"238\" height=\"48\" frameborder=\"0\" scrolling=\"no\" allowfullscreen=\"allowfullscreen\"><\/iframe><\/p>\n<p class=\"western\">Entrevista a Daiana, Mujeres Unidas:<\/p>\n<p><iframe src=\"http:\/\/ar.ivoox.com\/es\/player_ek_21141384_2_1.html?data=k5aelpaXfJWhhpywj5acaZS1kZaah5yncZKhhpywj5WRaZi3jpWah5yncabi1dfS2M7XuMKfwpCxw87FssKZk6iYr9rOqdPZ1JDC0M7IpdSf0dTfjbjFsoy608bbxc7Xp9Chhpywj7fFqMrjjL_iz8fFb83VjLni1MfFcYarpJKd&amp;\" width=\"238\" height=\"48\" frameborder=\"0\" scrolling=\"no\" allowfullscreen=\"allowfullscreen\"><\/iframe><br \/>\nLa primer versi\u00f3n que circul\u00f3 en los medios de comunicaci\u00f3n fue que se trataba de un suicidio. Sin embargo, a la tarde de ese mismo d\u00eda, el Fiscal Alberione caratul\u00f3 su muerte como homicidio simple, y con el correr de los d\u00edas imput\u00f3 a Lovera incluyendo el agravante del v\u00ednculo y del uso de arma de fuego.<\/p>\n<p class=\"western\">El hecho ocurri\u00f3 en el barrio \u201cLa Milka\u201d, de la localidad de San Francisco, provincia de C\u00f3rdoba. Daiana relata que previamente la joven hab\u00eda hecho denuncias por violencia de g\u00e9nero contra Lovera, pero que estaban radicadas en la provincia de Santa Fe, sede judicial de Rafaela. En este caso en particular, la cuesti\u00f3n de las jurisdicciones no es menor porque Frontera, donde viv\u00eda cotidianamente Yuliana, es una localidad de la provincia de Santa Fe separada tan solo por una calle de la vecina ciudad de San Francisco (C\u00f3rdoba).<\/p>\n<p class=\"western\">Daiana es integrante de la organizaci\u00f3n Mujeres Unidas de San Francisco, uno de los espacios que tom\u00f3 en sus manos la exigencia de justicia por el femicidio de Yuliana junto a la familia. Uno de los reclamos centrales tiene que ver con la modificaci\u00f3n de la car\u00e1tula para incorporar el agravante de violencia de g\u00e9nero y abordarlo como femicidio, ya que, explica \u201c<em>Yuliana no solamente falleci\u00f3 por un disparo sino que tambi\u00e9n el cuerpo presentaba golpes, incluso anteriores al hecho<\/em>\u201d. Sin embargo, el fiscal no s\u00f3lo no avanz\u00f3 en este sentido, sino que \u201c<em>el viernes pasado<\/em> [22\/09] <em>se comenz\u00f3 a rumorear que Lovera podr\u00eda llegar a obtener la libertad (\u2026) y efectivamente se comunic\u00f3 que por falta de m\u00e9rito en las pruebas Lovera esperar\u00eda el juicio en libertad<\/em>\u201d.<\/p>\n<p class=\"western\">En relaci\u00f3n a la car\u00e1tula, la abogada de la familia de Yuliana, Claudia Mireles, sostiene que \u201c<em>en virtud de la prueba que estamos en este momento viendo el expediente -al que reci\u00e9n hemos podido acceder en esta semana- (\u2026) consideramos que en la autopsia dice que Yuliana tiene golpes pre-mortem, es decir, anterior a la muerte ha tenido golpes. Entonces es como que todo configura para que haya sido no un suicidio como lo quiere hacer pasar Lovera<\/em>&#8220;.<\/p>\n<p class=\"western\">La impunidad que evidencia el tratamiento de Lovera es flagrante: Daiana comparte que en ning\u00fan momento estuvo preso en una c\u00e1rcel, sino que <em>\u201cestuvo siempre en la comisaria, eso tambi\u00e9n reclam\u00e1bamos. Que dejara de tener privilegios<\/em>\u201d. Sin embargo, afirma, \u201c<em>nuestros reclamos no fueron escuchados e incluso, ahora, tiene la libertad<\/em>\u201d. Los motivos por los que deber\u00eda permanecer privado de su libertad hasta el juicio tienen que ver con el riesgo procesal en torno a la posible fuga o manipulaci\u00f3n de evidencia, pero tambi\u00e9n, explica, \u201c<em>la familia denuncia que ha recibido amenazas de parte de Lovera mientras estaba preso. Hay amenazas, intimidaciones y llamadas telef\u00f3nicas, los abogados van a intentar poner una medida cautelar que va justamente contra esto. El deber\u00eda esperar el juicio en una unidad penitenciaria (\u2026) Nos resultan raras muchas cosas, como se est\u00e1 manejando la justicia<\/em>\u201d. Ante estas decisiones, la entrevistada afirma que desde la organizaci\u00f3n sienten \u201c<em>que el fiscal es c\u00f3mplice del femicida y que se pone foco sobre Yulliana, su vida personal, cuando \u00e9ste debe estar en Lovera. Confiamos que la presi\u00f3n que podamos poner sirva de algo, por eso nos organizamos<\/em>\u201d.<\/p>\n<p class=\"western\">Tampoco la abogada Mirele puede ocultar la sorpresa frente a la decisi\u00f3n del fiscal: \u201c<em>tengo muchos a\u00f1os de experiencia, soy Dipomada en criminal\u00edstica y ciencias forenses, y realmente (\u2026) jam\u00e1s he visto una persona que con esta calificaci\u00f3n legal que se le est\u00e1 investigando como supuesto autor, permitan que est\u00e9 en la calle. Y adem\u00e1s, sum\u00e1ndole a todo esto, ver que es personal policial y que no tiene domicilio en San Francisco, sino en la ciudad de Santa Fe<\/em>\u201d. Desde la querella est\u00e1n preparando la oposici\u00f3n a esta resoluci\u00f3n del fiscal, que presentar\u00e1n en los primeros d\u00edas de la semana pr\u00f3xima. La decisi\u00f3n definitiva recaer\u00e1 sobre el juez de control de San Francisco.<\/p>\n<p class=\"western\">La letrada detalla que a nivel jur\u00eddico la decisi\u00f3n es doblemente injustificable, ya que \u201c<em>lo sorprendente es que se le permita estar en libertad no solo hasta el juicio, sino durante la tramitaci\u00f3n del proceso (\u2026) por la calificaci\u00f3n legal y por la pena supuesta que le podr\u00eda caer de hecho en caso de que sea considerado culpable en un posterior juicio que sabemos que es perpetua<\/em>\u201d. La abogada se\u00f1ala adem\u00e1s que tampoco es frecuente la etapa procesal en la que se toma esta decisi\u00f3n, ya que no se ha concluido la investigaci\u00f3n y todav\u00eda existen posibilidades de incorporaci\u00f3n de nuevos testigos. Tambi\u00e9n las amenazas denunciadas por la t\u00eda y la abuela de Yuliana suman a \u201c<em>la peligrosidad procesal de que esta persona se encuentre en libertad mientras se tramita el proceso<\/em>\u201d.<\/p>\n<p class=\"western\">La ocupaci\u00f3n de Lovera no parece ser un detalle en el relato de esta historia que tuvo un cruento final para Yuliana. M\u00e1s all\u00e1 de los evidentes privilegios y la impunidad de los que hoy goza a nivel judicial, el femicida conoci\u00f3 a la joven en una situaci\u00f3n de extrema vulnerabilidad, cuando ella acudi\u00f3 a la comisar\u00eda a realizar una denuncia por abuso. Los relatos familiares dan cuenta de que posteriormente el polic\u00eda frecuentemente \u201cca\u00eda a la casa\u201d en el m\u00f3vil.<\/p>\n<p class=\"western\">Finalmente, Daiana manifiesta su preocupaci\u00f3n ante la escasa repercusi\u00f3n social que ha tenido el femicidio de Yuliana, tanto en las convocatorias realizadas para exigir justicia, como en el abordaje en los medios de comunicaci\u00f3n locales que lo han ignorado o se han dedicado a \u201c<em>hablar bastante de Yuliana y poco se habla de Lovera que es el femicida (\u2026), culpabilizando a la v\u00edctima<\/em>\u201d. De hecho, trascendi\u00f3 que el efectivo policial habr\u00eda sido ya trasladado de otra localidad por denuncias por violencia de g\u00e9nero.<\/p>\n<div class='share-to-whatsapp-wrapper'><div class='share-on-whsp'>Share on: <\/div><div class='clear '><\/div><\/div>","protected":false},"excerpt":{"rendered":"<p>A menos de un mes del femicidio de Yuliana Chevalier, el Fiscal de delitos complejos de la ciudad de San Francisco, Bernardo Alberione, decidi\u00f3 que el polic\u00eda Alejandro Lovera espere el juicio en libertad. Desde Zumba la Turba nos comunicamos con Daiana, integrante de Mujeres Unidas de San Francisco y con Claudia Mirele, abogada de [&hellip;]<\/p>\n","protected":false},"author":6,"featured_media":4563,"comment_status":"open","ping_status":"open","sticky":false,"template":"","format":"standard","meta":{"footnotes":""},"categories":[38,18,15,3,5],"tags":[830,399,695,567,829],"class_list":["post-4560","post","type-post","status-publish","format-standard","has-post-thumbnail","hentry","category-anticarcelario-antrepresivo","category-elm","category-la-zumba","category-rnma","category-transfeminismos","tag-alejandro-lovera","tag-femicidio","tag-justicia-patriarcal","tag-violencia-de-genero","tag-yuliana-chevalier"],"_links":{"self":[{"href":"https:\/\/zumbalaturba.com.ar\/index.php?rest_route=\/wp\/v2\/posts\/4560","targetHints":{"allow":["GET"]}}],"collection":[{"href":"https:\/\/zumbalaturba.com.ar\/index.php?rest_route=\/wp\/v2\/posts"}],"about":[{"href":"https:\/\/zumbalaturba.com.ar\/index.php?rest_route=\/wp\/v2\/types\/post"}],"author":[{"embeddable":true,"href":"https:\/\/zumbalaturba.com.ar\/index.php?rest_route=\/wp\/v2\/users\/6"}],"replies":[{"embeddable":true,"href":"https:\/\/zumbalaturba.com.ar\/index.php?rest_route=%2Fwp%2Fv2%2Fcomments&post=4560"}],"version-history":[{"count":0,"href":"https:\/\/zumbalaturba.com.ar\/index.php?rest_route=\/wp\/v2\/posts\/4560\/revisions"}],"wp:featuredmedia":[{"embeddable":true,"href":"https:\/\/zumbalaturba.com.ar\/index.php?rest_route=\/wp\/v2\/media\/4563"}],"wp:attachment":[{"href":"https:\/\/zumbalaturba.com.ar\/index.php?rest_route=%2Fwp%2Fv2%2Fmedia&parent=4560"}],"wp:term":[{"taxonomy":"category","embeddable":true,"href":"https:\/\/zumbalaturba.com.ar\/index.php?rest_route=%2Fwp%2Fv2%2Fcategories&post=4560"},{"taxonomy":"post_tag","embeddable":true,"href":"https:\/\/zumbalaturba.com.ar\/index.php?rest_route=%2Fwp%2Fv2%2Ftags&post=4560"}],"curies":[{"name":"wp","href":"https:\/\/api.w.org\/{rel}","templated":true}]}}