{"id":4566,"date":"2017-09-28T15:18:51","date_gmt":"2017-09-28T18:18:51","guid":{"rendered":"http:\/\/zumbalaturba.com.ar\/?p=4566"},"modified":"2023-10-14T19:33:42","modified_gmt":"2023-10-14T22:33:42","slug":"la-primavera-sin-porta-tiene-nueva-fecha","status":"publish","type":"post","link":"https:\/\/zumbalaturba.com.ar\/?p=4566","title":{"rendered":"La Primavera sin Porta tiene nueva fecha"},"content":{"rendered":"<p><em>Por el alerta meteorol\u00f3gica se reprogram\u00f3\u00a0 la Marcha y Festival Primavera Sin Porta para el pr\u00f3ximo 05\/10 a las 17hs en Col\u00f3n y Gral. Paz<\/em><br \/>\nLxs vecinxs de\u00a0 zona sur sigue sin respuesta a m\u00e1s de un mes de la audiencia p\u00fablica\u00a0 por el Amparo Ambiental contra la contaminaci\u00f3n e ilegalidad de la producci\u00f3n de etanol de Porta Hnos y la inacci\u00f3n del Ministerio de ambiente y energ\u00eda de la Naci\u00f3n.<br \/>\nHace 5 a\u00f1os que lxs vecinxs luchan por\u00a0el\u00a0\u00a0derecho a la salud y a\u00a0 vivir en un ambiente sano. Frente a la emergencia sanitaria y ambiental que causa la planta de etanol ilegal,\u00a0siguen exigiendo justicia:<strong> ni un enfermx m\u00e1s, ni un muertx<\/strong> <strong>m\u00e1s<\/strong>.<\/p>\n<p>Son m\u00e1s de 15.000\u00a0 lxs ciudanxs\u00a0 afectadxs por la contaminaci\u00f3n e ilegalidad de Porta hnos. El pr\u00f3ximo jueves 5 de octubre\u00a0 marchar\u00e1n a las 17hs desde Col\u00f3n y Gral . Paz por:<\/p>\n<p>la ERRADICACI\u00d3N de la planta de etanol manteniendo las fuentes de trabajo,<\/p>\n<p>la REMEDIACI\u00d3N ambiental<\/p>\n<p>y la REPARACI\u00d3N para lxs afectadxs por la contaminaci\u00f3n e ilegalidad de Porta Hnos. y la inacci\u00f3n del gobierno Municipal, Provincial y Nacional ante la emergencia sanitaria.<\/p>\n<p>&nbsp;<\/p>\n<div class='share-to-whatsapp-wrapper'><div class='share-on-whsp'>Share on: <\/div><div class='clear '><\/div><\/div>","protected":false},"excerpt":{"rendered":"<p>Por el alerta meteorol\u00f3gica se reprogram\u00f3\u00a0 la Marcha y Festival Primavera Sin Porta para el pr\u00f3ximo 05\/10 a las 17hs en Col\u00f3n y Gral. Paz Lxs vecinxs de\u00a0 zona sur sigue sin respuesta a m\u00e1s de un mes de la audiencia p\u00fablica\u00a0 por el Amparo Ambiental contra la contaminaci\u00f3n e ilegalidad de la producci\u00f3n de [&hellip;]<\/p>\n","protected":false},"author":2,"featured_media":4567,"comment_status":"open","ping_status":"open","sticky":false,"template":"","format":"standard","meta":{"footnotes":""},"categories":[37,1241,15,233,1191],"tags":[530,832,831,807,833],"class_list":["post-4566","post","type-post","status-publish","format-standard","has-post-thumbnail","hentry","category-arte-cultura","category-ddhh","category-la-zumba","category-lucha-y-orgasmizacion","category-luchas-por-el-territorio","tag-contaminacion","tag-ilegalidad","tag-primavera-sin-porta","tag-v-u-d-a-s","tag-zona-sur"],"_links":{"self":[{"href":"https:\/\/zumbalaturba.com.ar\/index.php?rest_route=\/wp\/v2\/posts\/4566","targetHints":{"allow":["GET"]}}],"collection":[{"href":"https:\/\/zumbalaturba.com.ar\/index.php?rest_route=\/wp\/v2\/posts"}],"about":[{"href":"https:\/\/zumbalaturba.com.ar\/index.php?rest_route=\/wp\/v2\/types\/post"}],"author":[{"embeddable":true,"href":"https:\/\/zumbalaturba.com.ar\/index.php?rest_route=\/wp\/v2\/users\/2"}],"replies":[{"embeddable":true,"href":"https:\/\/zumbalaturba.com.ar\/index.php?rest_route=%2Fwp%2Fv2%2Fcomments&post=4566"}],"version-history":[{"count":0,"href":"https:\/\/zumbalaturba.com.ar\/index.php?rest_route=\/wp\/v2\/posts\/4566\/revisions"}],"wp:featuredmedia":[{"embeddable":true,"href":"https:\/\/zumbalaturba.com.ar\/index.php?rest_route=\/wp\/v2\/media\/4567"}],"wp:attachment":[{"href":"https:\/\/zumbalaturba.com.ar\/index.php?rest_route=%2Fwp%2Fv2%2Fmedia&parent=4566"}],"wp:term":[{"taxonomy":"category","embeddable":true,"href":"https:\/\/zumbalaturba.com.ar\/index.php?rest_route=%2Fwp%2Fv2%2Fcategories&post=4566"},{"taxonomy":"post_tag","embeddable":true,"href":"https:\/\/zumbalaturba.com.ar\/index.php?rest_route=%2Fwp%2Fv2%2Ftags&post=4566"}],"curies":[{"name":"wp","href":"https:\/\/api.w.org\/{rel}","templated":true}]}}