{"id":4587,"date":"2017-10-02T14:20:23","date_gmt":"2017-10-02T14:20:23","guid":{"rendered":"http:\/\/zumbalaturba.com.ar\/?p=4587"},"modified":"2017-10-02T14:21:04","modified_gmt":"2017-10-02T14:21:04","slug":"big-bang-y-expansion-de-miles-davis-y-john-coltrane-a-paul-bley-gary-peacock-avital-clarke-y-shocron","status":"publish","type":"post","link":"https:\/\/zumbalaturba.com.ar\/?p=4587","title":{"rendered":"Big Bang y expansi\u00f3n: de Miles Davis y John Coltrane a Paul Bley, Gary Peacock, Avital, Clarke y Shocron."},"content":{"rendered":"<p style=\"padding-left: 150px;\"><em><span style=\"font-size: 14pt;\">Francia, 1960, y el p\u00fablico del<\/span><\/em> <span style=\"font-size: 14pt;\">Oly<\/span><span style=\"font-size: 14pt;\">mpia<\/span><em><span style=\"font-size: 14pt;\"> de Par\u00eds es testigo de una transformaci\u00f3n. <\/span><\/em><span style=\"font-size: 14pt;\"><strong>John Coltrane<\/strong><\/span><em><span style=\"font-size: 14pt;\">, en su \u00faltima etapa en el Quinteto de <\/span><\/em><span style=\"font-size: 14pt;\"><strong>Miles Davis<\/strong><\/span><em><span style=\"font-size: 14pt;\">, empieza a proyectarse hacia una nueva concepci\u00f3n musical, empieza a avanzar desenfrenadamente hacia el futuro, sin ninguna posibilidad de que alguien lo detenga.<\/span><\/em><\/p>\n<p><iframe id=\"audio_21212673\" style=\"border: 1px solid #EEE; box-sizing: border-box; width: 100%;\" src=\"https:\/\/ar.ivoox.com\/es\/player_ej_21212673_4_1.html?c1=ff6600\" width=\"300\" height=\"200\" frameborder=\"0\" scrolling=\"no\" allowfullscreen=\"allowfullscreen\"><\/iframe><\/p>\n<p><span style=\"font-size: 14pt;\">As\u00ed iniciamos este programa n\u00famero 114 de <strong>La Nota Azul<\/strong>, correspondiente al s\u00e1bado 30 de septiembre de 2017. Por radio<strong> Zumba La Turba<\/strong>, <img fetchpriority=\"high\" decoding=\"async\" class=\"alignright wp-image-1182\" src=\"http:\/\/lanotaazul.com.ar\/wp-content\/uploads\/2017\/10\/miles-davis-olympia-1960-vol-1-cover-300x300.jpg\" alt=\"\" width=\"256\" height=\"256\" \/>en la FM 99.5 de C\u00f3rdoba, Argentina.<\/span><\/p>\n<p><span style=\"font-size: 14pt;\">En esta emisi\u00f3n, abrimos con la m\u00fasica del quinteto de <strong>Miles Davis<\/strong> en vivo en 1960 en\u00a0el <em>Olympia<\/em> de Par\u00eds. El descomunal saxo tenor de <strong>John Cotrane<\/strong> rompe la noche del 20 de marzo de 1960 en Par\u00eds, secundando (\u00bf?) a <strong>Miles Davis<\/strong> y apoy\u00e1ndose nada menos que en <strong>Wynton Kelly<\/strong> en el piano, <strong>Paul Chambers<\/strong> en el contrabajo y <strong>Jimmy Cobb<\/strong> en bater\u00eda.<\/span><\/p>\n<p><span style=\"font-size: 14pt;\"><img decoding=\"async\" class=\"alignleft wp-image-1183 \" src=\"http:\/\/lanotaazul.com.ar\/wp-content\/uploads\/2017\/10\/Paul-Bley-Gary-Peacock-Mindset-cover-300x300.jpg\" alt=\"\" width=\"284\" height=\"284\" \/>Luego es el turno de <strong>Paul Bley<\/strong> y <strong>Gary Peacock<\/strong> desde <em><strong>Mindset,<\/strong><\/em> disco grabado en 1992 y lanzado en el a\u00f1o 1997 por el sello <em>SoulNote<\/em>. El piano de Bley y el contrabajo de Peacock alternan sus solos y se re\u00fanen para volar juntos con su tremenda m\u00fasica.<\/span><\/p>\n<p><span style=\"font-size: 14pt;\">A continuaci\u00f3n, presentamos el \u00e1lbum<em><strong> Avital Meets Avital<\/strong><\/em>, que re\u00fane al contrabajista <strong>Omer Avital<\/strong> con <strong>Avi Avital<\/strong>\u00a0en la mandolina, ligado a la m\u00fasica cl\u00e1sica. El disco fue lanzado este a\u00f1o 2017 por el sello <em>Deutsche Grammophon<\/em>.<\/span><\/p>\n<p><span style=\"font-size: 14pt;\">La segunda novedad en el programa llega con el \u00e1lbum <em><strong>Random Acts of Order<\/strong><\/em> de <strong>Zack Clarke<\/strong>, pianista y compositor que vive y trabaja en la ciudad de Nueva York. El \u00e1lbum fue lanzado en <em>Clean Feed Records<\/em> este a\u00f1o 2017 y re\u00fane a <strong>Zack Clarke<\/strong> en piano y electr\u00f3nica, <strong>Henry Fraser<\/strong> en contrabajo y <strong>Dre Ho\u010devar<\/strong> en bater\u00eda. Grabaciones anteriores de Clarke incluyen el \u00e1lbum electr\u00f3nico <strong><em>Music For Headphones<\/em><\/strong> y <strong><em>Dialectic,<\/em><\/strong> una colaboraci\u00f3n con el violonchelista <strong>Chris Irvine<\/strong> que ofrece improvisaci\u00f3n libre basada en las terceras suites de violoncello de Bach.<\/span><\/p>\n<div id='gallery-1' class='gallery galleryid-4587 gallery-columns-2 gallery-size-medium'><figure class='gallery-item'>\n\t\t\t<div class='gallery-icon landscape'>\n\t\t\t\t<img decoding=\"async\" width=\"300\" height=\"300\" src=\"https:\/\/zumbalaturba.com.ar\/wp-content\/uploads\/2017\/10\/avital-meets-avital-300x300.jpg\" class=\"attachment-medium size-medium\" alt=\"\" srcset=\"https:\/\/zumbalaturba.com.ar\/wp-content\/uploads\/2017\/10\/avital-meets-avital-300x300.jpg 300w, https:\/\/zumbalaturba.com.ar\/wp-content\/uploads\/2017\/10\/avital-meets-avital-768x768.jpg 768w, https:\/\/zumbalaturba.com.ar\/wp-content\/uploads\/2017\/10\/avital-meets-avital.jpg 1000w\" sizes=\"(max-width: 300px) 100vw, 300px\" \/>\n\t\t\t<\/div><\/figure><figure class='gallery-item'>\n\t\t\t<div class='gallery-icon landscape'>\n\t\t\t\t<img loading=\"lazy\" decoding=\"async\" width=\"300\" height=\"300\" src=\"https:\/\/zumbalaturba.com.ar\/wp-content\/uploads\/2017\/10\/Zack-Clarke-300x300.jpg\" class=\"attachment-medium size-medium\" alt=\"\" srcset=\"https:\/\/zumbalaturba.com.ar\/wp-content\/uploads\/2017\/10\/Zack-Clarke-300x300.jpg 300w, https:\/\/zumbalaturba.com.ar\/wp-content\/uploads\/2017\/10\/Zack-Clarke.jpg 500w\" sizes=\"(max-width: 300px) 100vw, 300px\" \/>\n\t\t\t<\/div><\/figure>\n\t\t<\/div>\n\n<p><span style=\"font-size: 14pt;\">Luego llega la pianista rosarina <strong>Paula Shocron<\/strong>, <img loading=\"lazy\" decoding=\"async\" class=\"alignright size-medium wp-image-1186\" src=\"http:\/\/lanotaazul.com.ar\/wp-content\/uploads\/2017\/10\/Paula-Shocron-Surya-293x300.jpg\" alt=\"\" width=\"293\" height=\"300\" \/>desde su disco <strong><em>Surya<\/em><\/strong> del a\u00f1o 2014 para el sello <em>Kuai Music<\/em>. El tr\u00edo se completa con <strong>Juan Bay\u00f3n<\/strong> en el contrabajo y <strong>Bruno\u00a0Varela<\/strong> en la bater\u00eda, tremendo apoyo para una creatividad extraordinaria.<\/span><\/p>\n<p>&nbsp;<\/p>\n<p><span style=\"font-size: 14pt;\">Todo eso y mucho m\u00e1s en dos horas de jazz, m\u00fasica y radio.<\/span><\/p>\n<p>&nbsp;<\/p>\n<p>&nbsp;<\/p>\n<p style=\"text-align: center;\"><span style=\"font-size: 14pt;\"><a href=\"http:\/\/lanotaazul.com.ar\/programas\/big-bang-y-expansion-de-miles-davis-y-john-coltrane-a-paul-bley-gary-peacock-avital-clarke-y-shocron\/\" target=\"_blank\" rel=\"noopener noreferrer\"><em><strong>ESCUCHALO TAMBI\u00c9N POR AC\u00c1<\/strong><\/em><\/a><\/span><\/p>\n<p>&nbsp;<\/p>\n<p><img loading=\"lazy\" decoding=\"async\" class=\"aligncenter size-medium wp-image-1185\" src=\"http:\/\/lanotaazul.com.ar\/wp-content\/uploads\/2017\/10\/Paula-Shocron-5-300x156.jpg\" alt=\"\" width=\"300\" height=\"156\" \/><\/p>\n<div class='share-to-whatsapp-wrapper'><div class='share-on-whsp'>Share on: <\/div><div class='clear '><\/div><\/div>","protected":false},"excerpt":{"rendered":"<p>Francia, 1960, y el p\u00fablico del Olympia de Par\u00eds es testigo de una transformaci\u00f3n. John Coltrane, en su \u00faltima etapa en el Quinteto de Miles Davis, empieza a proyectarse hacia una nueva concepci\u00f3n musical, empieza a avanzar desenfrenadamente hacia el futuro, sin ninguna posibilidad de que alguien lo detenga. As\u00ed iniciamos este programa n\u00famero 114 [&hellip;]<\/p>\n","protected":false},"author":14,"featured_media":4589,"comment_status":"open","ping_status":"open","sticky":false,"template":"","format":"standard","meta":{"footnotes":""},"categories":[261],"tags":[81,52,293,305,296,166],"class_list":["post-4587","post","type-post","status-publish","format-standard","has-post-thumbnail","hentry","category-la-nota-azul","tag-agenda-cultural","tag-cultura","tag-jazz","tag-jazz-federal-club","tag-la-nota-azul","tag-musica"],"_links":{"self":[{"href":"https:\/\/zumbalaturba.com.ar\/index.php?rest_route=\/wp\/v2\/posts\/4587","targetHints":{"allow":["GET"]}}],"collection":[{"href":"https:\/\/zumbalaturba.com.ar\/index.php?rest_route=\/wp\/v2\/posts"}],"about":[{"href":"https:\/\/zumbalaturba.com.ar\/index.php?rest_route=\/wp\/v2\/types\/post"}],"author":[{"embeddable":true,"href":"https:\/\/zumbalaturba.com.ar\/index.php?rest_route=\/wp\/v2\/users\/14"}],"replies":[{"embeddable":true,"href":"https:\/\/zumbalaturba.com.ar\/index.php?rest_route=%2Fwp%2Fv2%2Fcomments&post=4587"}],"version-history":[{"count":0,"href":"https:\/\/zumbalaturba.com.ar\/index.php?rest_route=\/wp\/v2\/posts\/4587\/revisions"}],"wp:featuredmedia":[{"embeddable":true,"href":"https:\/\/zumbalaturba.com.ar\/index.php?rest_route=\/wp\/v2\/media\/4589"}],"wp:attachment":[{"href":"https:\/\/zumbalaturba.com.ar\/index.php?rest_route=%2Fwp%2Fv2%2Fmedia&parent=4587"}],"wp:term":[{"taxonomy":"category","embeddable":true,"href":"https:\/\/zumbalaturba.com.ar\/index.php?rest_route=%2Fwp%2Fv2%2Fcategories&post=4587"},{"taxonomy":"post_tag","embeddable":true,"href":"https:\/\/zumbalaturba.com.ar\/index.php?rest_route=%2Fwp%2Fv2%2Ftags&post=4587"}],"curies":[{"name":"wp","href":"https:\/\/api.w.org\/{rel}","templated":true}]}}