{"id":4669,"date":"2017-10-11T03:09:23","date_gmt":"2017-10-11T03:09:23","guid":{"rendered":"http:\/\/zumbalaturba.com.ar\/?p=4669"},"modified":"2017-10-11T03:09:23","modified_gmt":"2017-10-11T03:09:23","slug":"no-luchamos-contra-el-vih-sino-contra-el-estigma","status":"publish","type":"post","link":"https:\/\/zumbalaturba.com.ar\/?p=4669","title":{"rendered":"&#8220;No luchamos contra el VIH, sino contra el estigma&#8221;"},"content":{"rendered":"<p><img fetchpriority=\"high\" decoding=\"async\" class=\"size-medium wp-image-4671 alignleft\" src=\"https:\/\/zumbalaturba.com.ar\/wp-content\/uploads\/2017\/10\/rajap-300x258.jpg\" alt=\"rajap\" width=\"300\" height=\"258\" srcset=\"https:\/\/zumbalaturba.com.ar\/wp-content\/uploads\/2017\/10\/rajap-300x258.jpg 300w, https:\/\/zumbalaturba.com.ar\/wp-content\/uploads\/2017\/10\/rajap.jpg 620w\" sizes=\"(max-width: 300px) 100vw, 300px\" \/>\u201c<em>Nuestros corazones empiezan a latir cada vez m\u00e1s fuerte. Los detalles se van ajustando. La ciudad se preparara. 24 provincias. 250 adolescentes y j\u00f3venes positivxs. 3 d\u00edas. 20 mesas de capacitaci\u00f3n y empoderamiento. Adherencia a la vida<\/em>\u201d. As\u00ed anuncia la <b>Red Argentina de J\u00f3venes y Adolescentes Positivos<\/b> en su p\u00e1gina web la cercan\u00eda de su VII Encuentro Nacional, que tendr\u00e1 lugar en Rosario los d\u00edas 14, 15 y 16 de octubre. Desde <b>Enredando las Ma\u00f1anas <\/b>en <b>Zumba la Turba <\/b>conversamos con <b>Cintia Jerez<\/b>, integrante de la organizaci\u00f3n.<\/p>\n<p><iframe src=\"http:\/\/ar.ivoox.com\/es\/player_ej_21385146_2_1.html?data=k5agmpqVeJehhpywj5aXaZS1kZuah5yncZKhhpywj5WRaZi3jpWah5yncabi1dfS2M7XuMKfwpCwy9PYrcKfq8rfx9-JdqSfs6a3o7WRaZi3jrfOxs7Tb7vpzsfOjdHFb7Xp08fOj4qbh46k&amp;\" width=\"100%\" height=\"200\" frameborder=\"0\" scrolling=\"no\" allowfullscreen=\"allowfullscreen\"><\/iframe><\/p>\n<p>En primer lugar, Cintia comparte que RAJAP \u201c<i>es una red nacional de j\u00f3venes y adolescentes positivos, que fue creado con el fin de dar contenci\u00f3n, acompa\u00f1amiento, de activismo y encuentro de j\u00f3venes que viven con VIH<\/i>\u201d. \u00a0La Red naci\u00f3 en el a\u00f1o 2010 y ha ido consolid\u00e1ndose a trav\u00e9s de los encuentros nacionales, que \u201c<i>han pasado en otras provincias<\/i> -comparte la integrante de la organizaci\u00f3n- <i>y ahora toca en la ciudad de Rosario<\/i>\u201d.<\/p>\n<p>A su vez, RAJAP se articula con otras redes latinoamericanas, por lo que apenas una semana despu\u00e9s estar\u00e1n participando en el Encuentro Latinoamericano de J\u00f3venes y Adolescentes Positivos que se realizar\u00e1 en la ciudad de Cusco, en Per\u00fa, \u00a0del 23 al 27 de octubre. Cintia explica que \u201c<i>la Red de J\u00f3venes y Adolescentes Positivos de Latinoam\u00e9rica y el Caribe Hispano es una unidad regional y se ha consolidado as\u00ed con el fin de fortalecer todas las redes nacionales. Son niveles de agenda, niveles de trabajo. RAJAP forma parte del territorio argentino, esta red a su vez engloba a otras redes de otros pa\u00edses, de apoyo y contenci\u00f3n para los j\u00f3venes que viven con VIH. La idea del encuentro de Cusco va a unificar, vamos a estar unificando todo nuestro trabajo y las agendas, se va a hacer una consulta regional de adolescentes y de mujeres trans tambi\u00e9n, que viven con VIH<\/i>\u201d.<\/p>\n<p><b>No luchamos contra el VIH, sino contra el estigma<\/b><\/p>\n<p>Cintia comparte el car\u00e1cter del trabajo de la organizaci\u00f3n, explicando que, en realidad, no luchan \u201c<i>contra el VIH, porque es algo que ya tenemos en el cuerpo. Entonces buscamos una movilizaci\u00f3n en respuesta al VIH, al estigma, a la discriminaci\u00f3n que todav\u00eda existe en la sociedad a pesar de todos los avances en ciencia y medicina que hemos tenido con los tratamientos. Una persona que vive con VIH puede vivir una vida totalmente normal (&#8230;) Buscamos generar cambios en la percepci\u00f3n social que la comunidad tiene acerca del VIH<\/i>\u201d.<\/p>\n<p>Sin embargo, m\u00e1s all\u00e1 de que el desarrollo de la medicina habilita la posibilidad de una vida normal, la activista reconoce que hay obst\u00e1culos planteados por parte de \u201c<i>los sistemas legales, la educaci\u00f3n, los sistemas de salud. Las conductas discriminatorias vienen justamente de parte de profesionales de la salud que no est\u00e1n informados, no hay sensibilidad en los sistemas de salud, no son amigables y por eso se produce la discriminaci\u00f3n. \u00a0La educaci\u00f3n ayuda mucho en esto, los sistemas legales tambi\u00e9n que son mal utilizados<\/i>\u201d.<\/p>\n<p>Ante esta realidad, la idea, afirma Cintia, es impulsar \u201c<i>el empoderamiento de los j\u00f3venes, por un lado, pero tambi\u00e9n se van a dar capacitaciones, informaci\u00f3n, concientizar a la sociedad acerca de esto que es vivir con VIH y esta percepci\u00f3n que queremos cambiar<\/i>\u201d.<\/p>\n<p><b>Por una nueva ley de VIH<\/b><\/p>\n<p>En relaci\u00f3n a las pol\u00edticas p\u00fablicas en materia de VIH, Cintia afirma que han observado avances, \u201c<i>pero no muy concretos<\/i>\u201d. En este momento, impulsan el tratamiento de una nueva Ley de VIH en Argentina que reemplace la Ley Nacional 23798 que data de 1990. \u201c<i>Hablamos<\/i> -explica la joven- <i>de una ley vieja que no contempla un mont\u00f3n de cuestiones actuales. Esta ley resulta insuficiente para responder a las necesidades actuales de la poblaci\u00f3n<\/i>\u201d.<\/p>\n<div class='share-to-whatsapp-wrapper'><div class='share-on-whsp'>Share on: <\/div><div class='clear '><\/div><\/div>","protected":false},"excerpt":{"rendered":"<p>\u201cNuestros corazones empiezan a latir cada vez m\u00e1s fuerte. Los detalles se van ajustando. La ciudad se preparara. 24 provincias. 250 adolescentes y j\u00f3venes positivxs. 3 d\u00edas. 20 mesas de capacitaci\u00f3n y empoderamiento. Adherencia a la vida\u201d. As\u00ed anuncia la Red Argentina de J\u00f3venes y Adolescentes Positivos en su p\u00e1gina web la cercan\u00eda de su [&hellip;]<\/p>\n","protected":false},"author":6,"featured_media":4670,"comment_status":"open","ping_status":"open","sticky":false,"template":"","format":"standard","meta":{"footnotes":""},"categories":[18],"tags":[851,114,853,852],"class_list":["post-4669","post","type-post","status-publish","format-standard","has-post-thumbnail","hentry","category-elm","tag-rajap","tag-salud","tag-sida","tag-vih"],"_links":{"self":[{"href":"https:\/\/zumbalaturba.com.ar\/index.php?rest_route=\/wp\/v2\/posts\/4669","targetHints":{"allow":["GET"]}}],"collection":[{"href":"https:\/\/zumbalaturba.com.ar\/index.php?rest_route=\/wp\/v2\/posts"}],"about":[{"href":"https:\/\/zumbalaturba.com.ar\/index.php?rest_route=\/wp\/v2\/types\/post"}],"author":[{"embeddable":true,"href":"https:\/\/zumbalaturba.com.ar\/index.php?rest_route=\/wp\/v2\/users\/6"}],"replies":[{"embeddable":true,"href":"https:\/\/zumbalaturba.com.ar\/index.php?rest_route=%2Fwp%2Fv2%2Fcomments&post=4669"}],"version-history":[{"count":0,"href":"https:\/\/zumbalaturba.com.ar\/index.php?rest_route=\/wp\/v2\/posts\/4669\/revisions"}],"wp:featuredmedia":[{"embeddable":true,"href":"https:\/\/zumbalaturba.com.ar\/index.php?rest_route=\/wp\/v2\/media\/4670"}],"wp:attachment":[{"href":"https:\/\/zumbalaturba.com.ar\/index.php?rest_route=%2Fwp%2Fv2%2Fmedia&parent=4669"}],"wp:term":[{"taxonomy":"category","embeddable":true,"href":"https:\/\/zumbalaturba.com.ar\/index.php?rest_route=%2Fwp%2Fv2%2Fcategories&post=4669"},{"taxonomy":"post_tag","embeddable":true,"href":"https:\/\/zumbalaturba.com.ar\/index.php?rest_route=%2Fwp%2Fv2%2Ftags&post=4669"}],"curies":[{"name":"wp","href":"https:\/\/api.w.org\/{rel}","templated":true}]}}