{"id":4727,"date":"2017-10-16T17:09:57","date_gmt":"2017-10-16T17:09:57","guid":{"rendered":"http:\/\/zumbalaturba.com.ar\/?p=4727"},"modified":"2017-10-24T00:45:00","modified_gmt":"2017-10-24T00:45:00","slug":"la-lucha-de-plascar-por-las-fuentes-de-trabajo","status":"publish","type":"post","link":"https:\/\/zumbalaturba.com.ar\/?p=4727","title":{"rendered":"La lucha de Plascar por las fuentes de trabajo"},"content":{"rendered":"<p>Desde Zumba La Turba hablamos con\u00a0Ruben Nieto de Plascar y delegado del Sindicato de Pl\u00e1sticos sobre las 240 trabajadorxs despedidxs en septiembre. Lxs trabajadorxs exigen el cobro de la indemnizaci\u00f3n y que se reabra la planta, ya que la misma se encuentra operativa.\u00a0Por eso, piden\u00a0 la expropiaci\u00f3n y provincializaci\u00f3n.<\/p>\n<p>Escuch\u00e1 aqu\u00ed la entrevista completa:<\/p>\n<p><iframe src=\"http:\/\/ar.ivoox.com\/es\/player_ej_21484724_2_1.html?data=k5ahmpmbdpWhhpywj5WUaZS1kZWah5yncZGhhpywj5WRaZi3jpWah5yncbHgwtjQw9eJd6Kfs9rPx9OPksrZ1dSYxsrQb7Tdz8nWxcbYs4zYxpC9zoqnd4a1ktjhy8jTt46ZmKiatMbIrdCfu9raxMaPsMKftdrfxMaRaZi3jpk.&amp;\" width=\"100%\" height=\"200\" frameborder=\"0\" scrolling=\"no\" allowfullscreen=\"allowfullscreen\"><\/iframe><\/p>\n<div class='share-to-whatsapp-wrapper'><div class='share-on-whsp'>Share on: <\/div><div class='clear '><\/div><\/div>","protected":false},"excerpt":{"rendered":"<p>Desde Zumba La Turba hablamos con\u00a0Ruben Nieto de Plascar y delegado del Sindicato de Pl\u00e1sticos sobre las 240 trabajadorxs despedidxs en septiembre. Lxs trabajadorxs exigen el cobro de la indemnizaci\u00f3n y que se reabra la planta, ya que la misma se encuentra operativa.\u00a0Por eso, piden\u00a0 la expropiaci\u00f3n y provincializaci\u00f3n. Escuch\u00e1 aqu\u00ed la entrevista completa: Share [&hellip;]<\/p>\n","protected":false},"author":7,"featured_media":4729,"comment_status":"open","ping_status":"open","sticky":false,"template":"","format":"standard","meta":{"footnotes":""},"categories":[29],"tags":[862],"class_list":["post-4727","post","type-post","status-publish","format-standard","has-post-thumbnail","hentry","category-trabajadores-en-lucha","tag-plascar"],"_links":{"self":[{"href":"https:\/\/zumbalaturba.com.ar\/index.php?rest_route=\/wp\/v2\/posts\/4727","targetHints":{"allow":["GET"]}}],"collection":[{"href":"https:\/\/zumbalaturba.com.ar\/index.php?rest_route=\/wp\/v2\/posts"}],"about":[{"href":"https:\/\/zumbalaturba.com.ar\/index.php?rest_route=\/wp\/v2\/types\/post"}],"author":[{"embeddable":true,"href":"https:\/\/zumbalaturba.com.ar\/index.php?rest_route=\/wp\/v2\/users\/7"}],"replies":[{"embeddable":true,"href":"https:\/\/zumbalaturba.com.ar\/index.php?rest_route=%2Fwp%2Fv2%2Fcomments&post=4727"}],"version-history":[{"count":0,"href":"https:\/\/zumbalaturba.com.ar\/index.php?rest_route=\/wp\/v2\/posts\/4727\/revisions"}],"wp:featuredmedia":[{"embeddable":true,"href":"https:\/\/zumbalaturba.com.ar\/index.php?rest_route=\/wp\/v2\/media\/4729"}],"wp:attachment":[{"href":"https:\/\/zumbalaturba.com.ar\/index.php?rest_route=%2Fwp%2Fv2%2Fmedia&parent=4727"}],"wp:term":[{"taxonomy":"category","embeddable":true,"href":"https:\/\/zumbalaturba.com.ar\/index.php?rest_route=%2Fwp%2Fv2%2Fcategories&post=4727"},{"taxonomy":"post_tag","embeddable":true,"href":"https:\/\/zumbalaturba.com.ar\/index.php?rest_route=%2Fwp%2Fv2%2Ftags&post=4727"}],"curies":[{"name":"wp","href":"https:\/\/api.w.org\/{rel}","templated":true}]}}