{"id":4735,"date":"2017-10-19T18:54:07","date_gmt":"2017-10-19T18:54:07","guid":{"rendered":"http:\/\/zumbalaturba.com.ar\/?p=4735"},"modified":"2017-10-19T18:56:31","modified_gmt":"2017-10-19T18:56:31","slug":"el-de-azul-no-es-un-transfemicidio-aislado-es-el-resultado-de-un-sistema-expulsivo","status":"publish","type":"post","link":"https:\/\/zumbalaturba.com.ar\/?p=4735","title":{"rendered":"&#8220;El de Azul no es un transfemicidio aislado, es el resultado de un sistema expulsivo&#8221;"},"content":{"rendered":"<p><img fetchpriority=\"high\" decoding=\"async\" class=\"size-medium wp-image-4737 alignleft\" src=\"https:\/\/zumbalaturba.com.ar\/wp-content\/uploads\/2017\/10\/azul-rostro-300x169.jpg\" alt=\"azul rostro\" width=\"300\" height=\"169\" srcset=\"https:\/\/zumbalaturba.com.ar\/wp-content\/uploads\/2017\/10\/azul-rostro-300x169.jpg 300w, https:\/\/zumbalaturba.com.ar\/wp-content\/uploads\/2017\/10\/azul-rostro-768x432.jpg 768w, https:\/\/zumbalaturba.com.ar\/wp-content\/uploads\/2017\/10\/azul-rostro.jpg 770w\" sizes=\"(max-width: 300px) 100vw, 300px\" \/>Ante el transfemicidio de Azul Montoro este mi\u00e9rcoles 18 de octubre en C\u00f3rdoba, es importante sostener su nombre y contar su historia. Tambi\u00e9n el de Laura, el de Estrella, el de Cindy y tantas otras. Pero no perder de vista que la responsabilidad de sus muertes va mucho m\u00e1s all\u00e1 del verdugo que ejecut\u00f3 el castigo disciplinador de la disidencia de la norma cisheteropatriarcal*.<\/p>\n<p>En horas de la tarde de ayer, antes de que fuera apresado el transfemicida, distintas organizaciones convocaron a una concentraci\u00f3n en la central de polic\u00eda. La mayor\u00eda de lxs presentes eran mujeres trans o travestis que desde el dolor y la bronca exig\u00edan justicia.<\/p>\n<p>Aunque todav\u00eda es r\u00e1pido para afirmarlo, da la impresi\u00f3n de que los mecanismos de impunidad de la (in)justicia machista no pudieron activarse esta vez, ante la alevos\u00eda de la violencia que termin\u00f3 con la vida de Azul Montoro.<\/p>\n<p>Es que hay que entender que las maneras con las que el sistema heteropatriarcal disciplina y castiga los cuerpos trans y travestis van mucho m\u00e1s all\u00e1 del encubrimiento individual de quien \u00e9sta u otras veces empu\u00f1aron el arma. Ni siquiera hace falta que el transfemicida tenga poder pol\u00edtico o econ\u00f3mico o porte alg\u00fan uniforme, como en otros casos de impunidad, para que el sistema funcione blindando este c\u00edrculo de violencia que deja libres a quienes descargan su odio matando y recuerda a lxs dem\u00e1s que la transgresi\u00f3n tiene su costo en vidas.<\/p>\n<p>Laura Moyano, Estrella Bel\u00e9n Sanchez, Vanesa Ledesma, para recordar algunos de los nombres s\u00f3lo en C\u00f3rdoba, muestran c\u00f3mo una y otra vez, cuando el odio se descarga, r\u00e1pidamente los engranajes empiezan a girar: lxs funcionarixs policiales y judiciales act\u00faan a medias, los medios hegem\u00f3nicos pueden poner titulares como \u201c<em>\u2019Cosen\u2019 a pu\u00f1aladas a transexual y al perro que cuidaba<\/em>\u201d. Lxs vecinxs pueden horrorizarse -un rato- y volver a la cotidianidad. Nuestrxs gritos de Ni Una Menos tampoco suenan tan fuerte en las calles.<\/p>\n<p>Los d\u00edas, las semanas, los meses pasan, y los expedientes juntan tierra en alg\u00fan estante de los palacios de (in)justicia. El dolor tambi\u00e9n se acumula.<\/p>\n<p><strong>Azul<\/strong><\/p>\n<p>Azul ten\u00eda 26 a\u00f1os. Hab\u00eda nacido en Villa Mercedes, San Luis, y desde hac\u00eda varios a\u00f1os viv\u00eda en C\u00f3rdoba. Su amiga Gabriela la recuerda como una buena persona y compa\u00f1era, que \u201ctambi\u00e9n sal\u00eda a hacer marchas por otras compa\u00f1eras que tambi\u00e9n las mataron\u201d. Paola es otra mujer trans, integrante de AMMAR, y dice \u201c<em>yo s\u00f3lo quiero que se haga justicia por mi amiga, que me la sacaron de las manos<\/em>\u201d. Paola no puede hablar de Azul, se le hace un nudo en la garganta.<\/p>\n<p>\u201c<strong>No es un transfemicidio aislado, es el resultado de un sistema expulsivo\u201d<\/strong><\/p>\n<p>En las inmediaciones de la central de polic\u00eda estuvieron presentes tambi\u00e9n integrantes de diversas organizaciones, entre ellas, Celeste Giacchetto, titular de ATTTA, y Kitty, otra de sus integrantes. Celeste plantea con claridad que el de Azul no se trata de un transfemicidio aislado, sino que \u201c<em>es el resultado de todo un sistema expulsivo particularmente con las mujeres trans. Por eso tambi\u00e9n nuestra bronca. Es el resultado m\u00e1ximo de la negaci\u00f3n del Estado en car\u00e1cter de derechos, que nos sigue obligando a ejercer el trabajo sexual como \u00fanica opci\u00f3n de supervivencia sin ninguna garant\u00eda de nuestra vida al ejercerlo sin protecci\u00f3n, a merced de cualquiera, como le sucedi\u00f3 a Azul<\/em>\u201d.<\/p>\n<p>Entre los derechos que niega el Estado, contin\u00faa, \u201c<em>la justicia es uno de los derechos que faltan, el acceso a la justicia. Nuestros cr\u00edmenes quedan impunes, est\u00e1 el caso de Laura Moyano, el de Estrella Sanchez, Vanesa Ledesma y una larga lista de mujeres trans brutalmente asesinadas sin resoluci\u00f3n<\/em>\u201d.<\/p>\n<p>Por su lado, Kitty lamenta \u201c<em>Yo pienso que deber\u00edamos ser m\u00e1s, nosotras necesitamos que las chicas del Ni Una Menos nos hubiesen acompa\u00f1ado, as\u00ed como nosotras acompa\u00f1amos esas luchas y en los femicidios. Hoy esto deber\u00eda estar colmado (\u2026) Ojal\u00e1 que este caso se resuelva r\u00e1pido y el asesino est\u00e9 tras las rejas como tiene que ser. Y que no sea un caso m\u00e1s que quede impune en la sociedad. Los pol\u00edticos de turno deber\u00edan darnos la inclusi\u00f3n laboral para que las mujeres trans y los hombres trans tuvieran otras oportunidades de vida<\/em>\u201d.<\/p>\n<p>Una vez m\u00e1s, ante la violencia machista y heteronormativa, sostenemos que <strong>justicia es que no vuelva a pasar<\/strong>.<\/p>\n<p><iframe style=\"border: none; overflow: hidden;\" src=\"https:\/\/www.facebook.com\/plugins\/video.php?href=https%3A%2F%2Fwww.facebook.com%2Fzumba.laturba%2Fvideos%2F1421685671278113%2F&amp;show_text=0&amp;width=560\" width=\"560\" height=\"315\" frameborder=\"0\" scrolling=\"no\" allowfullscreen=\"allowfullscreen\"><\/iframe><\/p>\n<p><span style=\"font-size: small;\"> <em>(*) Hablamos de cisheteropatriarcado para se\u00f1alar el sistema de dominaci\u00f3n sexo-g\u00e9nero que establece el entramado de jerarqu\u00edas de varones sobre mujeres, personas heterosexuales sobre homosexuales y cisg\u00e9nero sobre transg\u00e9nero.<\/em><\/span><\/p>\n<div class='share-to-whatsapp-wrapper'><div class='share-on-whsp'>Share on: <\/div><div class='clear '><\/div><\/div>","protected":false},"excerpt":{"rendered":"<p>Ante el transfemicidio de Azul Montoro este mi\u00e9rcoles 18 de octubre en C\u00f3rdoba, es importante sostener su nombre y contar su historia. Tambi\u00e9n el de Laura, el de Estrella, el de Cindy y tantas otras. Pero no perder de vista que la responsabilidad de sus muertes va mucho m\u00e1s all\u00e1 del verdugo que ejecut\u00f3 el [&hellip;]<\/p>\n","protected":false},"author":6,"featured_media":4736,"comment_status":"open","ping_status":"open","sticky":false,"template":"","format":"standard","meta":{"footnotes":""},"categories":[5],"tags":[],"class_list":["post-4735","post","type-post","status-publish","format-standard","has-post-thumbnail","hentry","category-transfeminismos"],"_links":{"self":[{"href":"https:\/\/zumbalaturba.com.ar\/index.php?rest_route=\/wp\/v2\/posts\/4735","targetHints":{"allow":["GET"]}}],"collection":[{"href":"https:\/\/zumbalaturba.com.ar\/index.php?rest_route=\/wp\/v2\/posts"}],"about":[{"href":"https:\/\/zumbalaturba.com.ar\/index.php?rest_route=\/wp\/v2\/types\/post"}],"author":[{"embeddable":true,"href":"https:\/\/zumbalaturba.com.ar\/index.php?rest_route=\/wp\/v2\/users\/6"}],"replies":[{"embeddable":true,"href":"https:\/\/zumbalaturba.com.ar\/index.php?rest_route=%2Fwp%2Fv2%2Fcomments&post=4735"}],"version-history":[{"count":0,"href":"https:\/\/zumbalaturba.com.ar\/index.php?rest_route=\/wp\/v2\/posts\/4735\/revisions"}],"wp:featuredmedia":[{"embeddable":true,"href":"https:\/\/zumbalaturba.com.ar\/index.php?rest_route=\/wp\/v2\/media\/4736"}],"wp:attachment":[{"href":"https:\/\/zumbalaturba.com.ar\/index.php?rest_route=%2Fwp%2Fv2%2Fmedia&parent=4735"}],"wp:term":[{"taxonomy":"category","embeddable":true,"href":"https:\/\/zumbalaturba.com.ar\/index.php?rest_route=%2Fwp%2Fv2%2Fcategories&post=4735"},{"taxonomy":"post_tag","embeddable":true,"href":"https:\/\/zumbalaturba.com.ar\/index.php?rest_route=%2Fwp%2Fv2%2Ftags&post=4735"}],"curies":[{"name":"wp","href":"https:\/\/api.w.org\/{rel}","templated":true}]}}