{"id":4750,"date":"2017-10-22T06:27:03","date_gmt":"2017-10-22T06:27:03","guid":{"rendered":"http:\/\/zumbalaturba.com.ar\/?p=4750"},"modified":"2017-10-22T06:27:03","modified_gmt":"2017-10-22T06:27:03","slug":"4750","status":"publish","type":"post","link":"https:\/\/zumbalaturba.com.ar\/?p=4750","title":{"rendered":""},"content":{"rendered":"<p style=\"padding-left: 150px;\"><span style=\"font-size: 14pt;\">El jazz tiene una fuerte devoci\u00f3n por las leyendas. Elogioso de las tradiciones, o consciente al menos, de que sin la tradici\u00f3n no existe nada nuevo, el jazz tiene algo de tradicionalista y conservador, en el m\u00e1s productivo sentido de la palabra: lo que se pierde no prospera ni progresa; s\u00f3lo desaparece y queda en el olvido. Lo que se olvid\u00f3 ha sido un paso atr\u00e1s y no sirve para dar ninguna hacia adelante\u2026 El pianista <strong>Barry Harris<\/strong>, que est\u00e1 en Argentina para dar cuatro clases y un concierto, abre esta emisi\u00f3n\u00a0de <strong>La Nota Azul<\/strong>\u2026 Programa\u00a0n\u00famero 116, correspondiente al s\u00e1bado 21 de octubre de 2017, radio <strong>Zumba La Turba<\/strong>, FM 99.5.<\/span><\/p>\n<p><iframe id=\"audio_21601381\" style=\"border: 1px solid #EEE; box-sizing: border-box; width: 100%;\" src=\"https:\/\/ar.ivoox.com\/es\/player_ej_21601381_4_1.html?c1=ff6600\" width=\"300\" height=\"200\" frameborder=\"0\" scrolling=\"no\" allowfullscreen=\"allowfullscreen\"><\/iframe><\/p>\n<p style=\"text-align: right; padding-left: 240px;\"><span style=\"font-size: 14pt;\"><em>Este programa est\u00e1 te\u00f1ido de la tristeza, la bronca, la indignaci\u00f3n y, por supuesto, sobre todo, del reclamo de justicia por Santiago Maldonado.<\/em><\/span><\/p>\n<p>&nbsp;<\/p>\n<p><span style=\"font-size: 14pt;\">En esta emisi\u00f3n abrimos con la m\u00fasica de <strong>Barry <img fetchpriority=\"high\" decoding=\"async\" class=\"alignright size-medium wp-image-1222\" src=\"http:\/\/lanotaazul.com.ar\/wp-content\/uploads\/2017\/10\/Barry-Harris-At-Workshop-300x297.jpg\" alt=\"\" width=\"300\" height=\"297\" \/>Harris<\/strong>,\u00a0legendario pianista de jazz que\u00a0con sus 87 a\u00f1os est\u00e1 de visita en Argentina para dar cuatro clases y un concierto. Escuchamos su \u00e1lbum de 1960 <strong><em>Barry Harris At The Jazz Workshop<\/em><\/strong>, con <strong>Barry Harris<\/strong> en piano, <strong>Sam Jones<\/strong> en contrabajo y <strong>Louis Hayes<\/strong> en bater\u00eda.<\/span><\/p>\n<p><span style=\"font-size: 14pt;\">El pr\u00f3ximo s\u00e1bado 28 de octubre, la ciudad de C\u00f3rdoba ser\u00e1 sede del <strong>DATA Festival<\/strong> en una edici\u00f3n en la que el jazz vuelve a tener protagonismo. Una selecci\u00f3n de primer nivel se reunir\u00e1 en esta primera edici\u00f3n del Data Festival en C\u00f3rdoba. Estar\u00e1 presente el <strong>Malosetti 4tet<\/strong>, con <strong>Javier Malosetti<\/strong> en bajo, <strong>Hern\u00e1n Jacinto<\/strong> en piano y teclados, <strong>Ramiro Flores<\/strong> en saxos y <strong>Tom\u00e1s Sainz<\/strong> en bater\u00eda, quien tambi\u00e9n es parte del cuarteto <strong>Rom\u00e1n,<\/strong> integrado adem\u00e1s por <strong>Ezequiel Cantero<\/strong> y <strong>Sebasti\u00e1n Lans<\/strong> en guitarras y <strong>Mart\u00edn Varela<\/strong> en bajo. El DATA Festival tambi\u00e9n incluir\u00e1 nada menos que a <strong>Tramperas Tr\u00edo<\/strong>, con <strong>Nicol\u00e1s Ocampo<\/strong> en saxos, <strong>Fernando M\u00e9ndez<\/strong> en bajo y <strong>Mat\u00edas Romero<\/strong> en bater\u00eda, que est\u00e1n tocando su nuevo material y suenan ajustad\u00edsimos.\u00a0<\/span><\/p>\n<p>&nbsp;<\/p>\n<p style=\"text-align: center;\"><span style=\"font-size: 14pt;\"><strong>&gt;&gt;&gt;&gt;&gt; <em><a href=\"http:\/\/lanotaazul.com.ar\/entrevistas\/tramperas-trio-en-vivo-en-la-nota-azul\/\" target=\"_blank\" rel=\"noopener noreferrer\">Escuch\u00e1 a TRAMPERAS TR\u00cdO en La Nota Azul<\/a><\/em><\/strong><\/span><\/p>\n<p>&nbsp;<\/p>\n<p><span style=\"font-size: 14pt;\">De todos ellos que ser\u00e1n protagonistas del <strong>DATA Festival<\/strong> en C\u00f3rdoba escuchamos algo de m\u00fasica, para empezar a imaginar lo que ser\u00e1 tama\u00f1o evento.<\/span><\/p>\n<p><a href=\"https:\/\/www.facebook.com\/events\/376809339418472\/?ref=br_rs\"><img decoding=\"async\" class=\"aligncenter wp-image-1216\" src=\"http:\/\/lanotaazul.com.ar\/wp-content\/uploads\/2017\/10\/Data-Festival.jpg\" alt=\"\" width=\"640\" height=\"335\" \/><\/a><\/p>\n<p>&nbsp;<\/p>\n<p>&nbsp;<\/p>\n<p><span style=\"font-size: 14pt;\">Adem\u00e1s, dialogamos con <strong>Tom\u00e1s Sa\u00ednz<\/strong>, baterista del <strong>Malosetti 4tet<\/strong> y de la agrupaci\u00f3n <strong>Rom\u00e1n.<\/strong> Charlamos sobre sus diversos proyectos y trabajos y sobre la experiencia de tocar a dos bater\u00edas (o dos bateristas en la misma bater\u00eda), junto a <strong>Pablo Gonz\u00e1lez<\/strong> en el disco <strong><em>El Jard\u00edn de Ord\u00f3\u00f1ez<\/em><\/strong> de <strong>Ramiro Flores<\/strong>.<\/span><\/p>\n<p><span style=\"font-size: 14pt;\">Luego inauguramos en el programa un espacio<img decoding=\"async\" class=\"wp-image-1212 size-medium alignright\" src=\"http:\/\/lanotaazul.com.ar\/wp-content\/uploads\/2017\/10\/Alcides-Larrosa-300x199.jpg\" alt=\"\" width=\"300\" height=\"199\" \/> dedicado\u00a0a\u00a0di\u00e1logos sobre <em>improvisaci\u00f3n libre<\/em>, con la idea de indagar, adentrarnos y acercar distintas maneras de disfrutar la m\u00fasica. Llamamos a <strong>Alcides Larrosa<\/strong>, guitarrista, compositor e improvisador, quien se explay\u00f3 acerca de su m\u00fasica y desarroll\u00f3 una serie de ideas y conceptos muy ricos y \u00fatiles para comprender las particularidades de la improvisaci\u00f3n libre contempor\u00e1nea.<\/span><\/p>\n<p><span style=\"font-size: 14pt;\">A continuaci\u00f3n, presentamos el EP <strong><em>The Whirlwind<\/em><\/strong> de <strong>Karen D\u00edaz Renzi<\/strong>, lanzado en julio de este a\u00f1o 2017, con <strong>Kar Diaz<\/strong> en voz y <strong>Nico S\u00e1nchez<\/strong> en guitarra. En el EP tambi\u00e9n participan <strong>Cristian Andrada<\/strong> en contrabajo, <strong>Claudio Pietri<\/strong> en piano y <strong>Andre Maurel<\/strong> en bateria.<\/span><\/p>\n<p><span style=\"font-size: 14pt;\">Cerramos el programa con una muestra del \u00e1lbum <strong><em>Gato Negro<\/em><\/strong> del tr\u00edo de <strong>Juan Pocho Sabogal<\/strong>, <strong>Tom\u00e1s Uriburu<\/strong> y <strong>Christian Erik Dolberg<\/strong>.<\/span><\/p>\n<div id='gallery-1' class='gallery galleryid-4750 gallery-columns-2 gallery-size-medium'><figure class='gallery-item'>\n\t\t\t<div class='gallery-icon landscape'>\n\t\t\t\t<a href='https:\/\/zumbalaturba.com.ar\/?attachment_id=4753'><img loading=\"lazy\" decoding=\"async\" width=\"300\" height=\"200\" src=\"https:\/\/zumbalaturba.com.ar\/wp-content\/uploads\/2017\/10\/Kar-D\u00edaz-300x200.jpg\" class=\"attachment-medium size-medium\" alt=\"\" srcset=\"https:\/\/zumbalaturba.com.ar\/wp-content\/uploads\/2017\/10\/Kar-D\u00edaz-300x200.jpg 300w, https:\/\/zumbalaturba.com.ar\/wp-content\/uploads\/2017\/10\/Kar-D\u00edaz-768x512.jpg 768w, https:\/\/zumbalaturba.com.ar\/wp-content\/uploads\/2017\/10\/Kar-D\u00edaz-1024x683.jpg 1024w\" sizes=\"(max-width: 300px) 100vw, 300px\" \/><\/a>\n\t\t\t<\/div><\/figure><figure class='gallery-item'>\n\t\t\t<div class='gallery-icon landscape'>\n\t\t\t\t<a href='https:\/\/zumbalaturba.com.ar\/?attachment_id=4752'><img loading=\"lazy\" decoding=\"async\" width=\"300\" height=\"269\" src=\"https:\/\/zumbalaturba.com.ar\/wp-content\/uploads\/2017\/10\/Gato-Negro-300x269.jpg\" class=\"attachment-medium size-medium\" alt=\"\" srcset=\"https:\/\/zumbalaturba.com.ar\/wp-content\/uploads\/2017\/10\/Gato-Negro-300x269.jpg 300w, https:\/\/zumbalaturba.com.ar\/wp-content\/uploads\/2017\/10\/Gato-Negro-768x688.jpg 768w, https:\/\/zumbalaturba.com.ar\/wp-content\/uploads\/2017\/10\/Gato-Negro-1024x917.jpg 1024w, https:\/\/zumbalaturba.com.ar\/wp-content\/uploads\/2017\/10\/Gato-Negro.jpg 1200w\" sizes=\"(max-width: 300px) 100vw, 300px\" \/><\/a>\n\t\t\t<\/div><\/figure>\n\t\t<\/div>\n\n<p>&nbsp;<\/p>\n<p><span style=\"font-size: 14pt;\">Todo eso y mucho m\u00e1s en dos horas de jazz, m\u00fasica y radio.<\/span><\/p>\n<p>&nbsp;<\/p>\n<p style=\"text-align: center;\"><span style=\"font-size: 14pt;\"><a href=\"http:\/\/lanotaazul.com.ar\/programas\/tradiciones-percepciones-y-derivaciones\/\" target=\"_blank\" rel=\"noopener noreferrer\"><strong><em>ESCUCHALO TAMBI\u00c9N POR AC\u00c1<\/em><\/strong><\/a><\/span><\/p>\n<div class='share-to-whatsapp-wrapper'><div class='share-on-whsp'>Share on: <\/div><div class='clear '><\/div><\/div>","protected":false},"excerpt":{"rendered":"<p>El jazz tiene una fuerte devoci\u00f3n por las leyendas. Elogioso de las tradiciones, o consciente al menos, de que sin la tradici\u00f3n no existe nada nuevo, el jazz tiene algo de tradicionalista y conservador, en el m\u00e1s productivo sentido de la palabra: lo que se pierde no prospera ni progresa; s\u00f3lo desaparece y queda en [&hellip;]<\/p>\n","protected":false},"author":14,"featured_media":4751,"comment_status":"open","ping_status":"open","sticky":false,"template":"","format":"standard","meta":{"footnotes":""},"categories":[261],"tags":[81,52,293,305,296,166,284],"class_list":["post-4750","post","type-post","status-publish","format-standard","has-post-thumbnail","hentry","category-la-nota-azul","tag-agenda-cultural","tag-cultura","tag-jazz","tag-jazz-federal-club","tag-la-nota-azul","tag-musica","tag-zumba-la-turba"],"_links":{"self":[{"href":"https:\/\/zumbalaturba.com.ar\/index.php?rest_route=\/wp\/v2\/posts\/4750","targetHints":{"allow":["GET"]}}],"collection":[{"href":"https:\/\/zumbalaturba.com.ar\/index.php?rest_route=\/wp\/v2\/posts"}],"about":[{"href":"https:\/\/zumbalaturba.com.ar\/index.php?rest_route=\/wp\/v2\/types\/post"}],"author":[{"embeddable":true,"href":"https:\/\/zumbalaturba.com.ar\/index.php?rest_route=\/wp\/v2\/users\/14"}],"replies":[{"embeddable":true,"href":"https:\/\/zumbalaturba.com.ar\/index.php?rest_route=%2Fwp%2Fv2%2Fcomments&post=4750"}],"version-history":[{"count":0,"href":"https:\/\/zumbalaturba.com.ar\/index.php?rest_route=\/wp\/v2\/posts\/4750\/revisions"}],"wp:featuredmedia":[{"embeddable":true,"href":"https:\/\/zumbalaturba.com.ar\/index.php?rest_route=\/wp\/v2\/media\/4751"}],"wp:attachment":[{"href":"https:\/\/zumbalaturba.com.ar\/index.php?rest_route=%2Fwp%2Fv2%2Fmedia&parent=4750"}],"wp:term":[{"taxonomy":"category","embeddable":true,"href":"https:\/\/zumbalaturba.com.ar\/index.php?rest_route=%2Fwp%2Fv2%2Fcategories&post=4750"},{"taxonomy":"post_tag","embeddable":true,"href":"https:\/\/zumbalaturba.com.ar\/index.php?rest_route=%2Fwp%2Fv2%2Ftags&post=4750"}],"curies":[{"name":"wp","href":"https:\/\/api.w.org\/{rel}","templated":true}]}}