{"id":4801,"date":"2017-10-27T18:03:06","date_gmt":"2017-10-27T18:03:06","guid":{"rendered":"http:\/\/zumbalaturba.com.ar\/?p=4801"},"modified":"2017-10-27T18:03:06","modified_gmt":"2017-10-27T18:03:06","slug":"contra-la-impunidad-y-el-trans-odio-justicia-para-azul","status":"publish","type":"post","link":"https:\/\/zumbalaturba.com.ar\/?p=4801","title":{"rendered":"Contra la impunidad y el trans-odio, \u00a1justicia para Azul!"},"content":{"rendered":"<p><img fetchpriority=\"high\" decoding=\"async\" class=\"size-medium wp-image-4804 alignleft\" src=\"https:\/\/zumbalaturba.com.ar\/wp-content\/uploads\/2017\/10\/azul-4-300x169.jpg\" alt=\"azul (4)\" width=\"300\" height=\"169\" srcset=\"https:\/\/zumbalaturba.com.ar\/wp-content\/uploads\/2017\/10\/azul-4-300x169.jpg 300w, https:\/\/zumbalaturba.com.ar\/wp-content\/uploads\/2017\/10\/azul-4-768x432.jpg 768w, https:\/\/zumbalaturba.com.ar\/wp-content\/uploads\/2017\/10\/azul-4-1024x576.jpg 1024w, https:\/\/zumbalaturba.com.ar\/wp-content\/uploads\/2017\/10\/azul-4.jpg 1040w\" sizes=\"(max-width: 300px) 100vw, 300px\" \/>En la ma\u00f1ana del viernes 27 de octubre se desarroll\u00f3 una protesta en las escalinatas del edificio de los tribunales penales de C\u00f3rdoba exigiendo <strong>justicia para Azul Montoro,<\/strong> la joven trans asesinada la semana pasada en un departamento de la zona c\u00e9ntrica de la ciudad. Aunque el transfemicida est\u00e1 detenido, desde ATTTA y las compa\u00f1eras de Azul exigen el cambio de car\u00e1tula. La causa est\u00e1 radicada en la Fiscal\u00eda 1a., turno 2, a cargo de <span class=\"st\">Guillermo Gonzalez.<\/span><\/p>\n<p>En conversaci\u00f3n con Zumba la Turba, <strong>L\u00eda de la A<\/strong><span class=\"st\"><strong>sociaci\u00f3n de Travestis Transexuales y Transg\u00e9neros de Argentina (ATTTA),<\/strong> manifest\u00f3 que &#8220;<em>no creemos que sea un homicidio simple sino que es totalmente un acto de odio, donde se tendr\u00eda que caratular como femicidio (&#8230;) junto a las trabajadoras sexuales y otras organizaciones vinimos a hacer una sentada pac\u00edfica reclamando nuestros derechos para que no suceda m\u00e1s y exigir el cupo laboral<\/em>&#8220;.<\/span><\/p>\n<p><iframe src=\"http:\/\/ar.ivoox.com\/es\/player_ej_21729284_2_1.html?data=k5aklJ6WfJWhhpywj5WUaZS1lpWah5yncZOhhpywj5WRaZi3jpWah5yncabi1dfS2M7XuMKfwpC5y8aJdqSfornBtqaRaZi3jrfOxs7Tb7vpzsfOjdHFb7Xp08fOj4qbh46o&amp;\" width=\"100%\" height=\"200\" frameborder=\"0\" scrolling=\"no\" allowfullscreen=\"allowfullscreen\"><\/iframe><\/p>\n<p><img decoding=\"async\" class=\"size-medium wp-image-4805 alignright\" src=\"https:\/\/zumbalaturba.com.ar\/wp-content\/uploads\/2017\/10\/azul-1-300x300.jpg\" alt=\"azul (1)\" width=\"300\" height=\"300\" srcset=\"https:\/\/zumbalaturba.com.ar\/wp-content\/uploads\/2017\/10\/azul-1-300x300.jpg 300w, https:\/\/zumbalaturba.com.ar\/wp-content\/uploads\/2017\/10\/azul-1.jpg 585w\" sizes=\"(max-width: 300px) 100vw, 300px\" \/>Por su parte, <strong>Eugenia Aravena, secretaria general, de AMMAR C\u00f3rdoba<\/strong>, una de las organizaciones participantes, afirm\u00f3 tambi\u00e9n &#8220;<em>que una de las cuestiones m\u00e1s importantes para visibilizar es la car\u00e1tula de la causa, queremos que sea caratulada como feminicidio de ninguna manera como homicidio simple<\/em>&#8221; y se refiri\u00f3 a &#8220;<em>todos los asesinatos de las compa\u00f1eras trans y mujeres trabajadoras sexuales que siguen impunes en esta justicia tan machista y patriarcal que hace que las causas siempre queden cajoneadas<\/em>&#8220;. Para finalizar afirmando la importancia de &#8220;<em>la convocatoria de hoy, el apoyo de las otras organizaciones que estuvieron presentes acompa\u00f1ando como una cuesti\u00f3n de poder tambi\u00e9n sentir que el enemigo es grande y que nosotras desde abajo tenemos que estar unidas y cada vez m\u00e1s fuertes para seguir luchando d\u00eda a d\u00eda<\/em>&#8220;.<\/p>\n<p><iframe src=\"http:\/\/ar.ivoox.com\/es\/player_ej_21729240_2_1.html?data=k5aklJ6WeJGhhpywj5WVaZS1kpWah5yncZOhhpywj5WRaZi3jpWah5yncabi1dfS2M7XuMKfwpCy18zJssrVjKbfw9vJssKZk6iYo7KxhbOfpIqwlYqmd9PY0MfOjdXTtoy129rZj4qbh47GwsnW0ZC-uc7WwpDZw5C4udPWwpKSmaiReA..&amp;\" width=\"100%\" height=\"200\" frameborder=\"0\" scrolling=\"no\" allowfullscreen=\"allowfullscreen\"><\/iframe><\/p>\n<div class='share-to-whatsapp-wrapper'><div class='share-on-whsp'>Share on: <\/div><div class='clear '><\/div><\/div>","protected":false},"excerpt":{"rendered":"<p>En la ma\u00f1ana del viernes 27 de octubre se desarroll\u00f3 una protesta en las escalinatas del edificio de los tribunales penales de C\u00f3rdoba exigiendo justicia para Azul Montoro, la joven trans asesinada la semana pasada en un departamento de la zona c\u00e9ntrica de la ciudad. Aunque el transfemicida est\u00e1 detenido, desde ATTTA y las compa\u00f1eras [&hellip;]<\/p>\n","protected":false},"author":6,"featured_media":4803,"comment_status":"open","ping_status":"open","sticky":false,"template":"","format":"standard","meta":{"footnotes":""},"categories":[5],"tags":[876,875,399,695,877,691],"class_list":["post-4801","post","type-post","status-publish","format-standard","has-post-thumbnail","hentry","category-transfeminismos","tag-attta","tag-azul-montoro","tag-femicidio","tag-justicia-patriarcal","tag-trasnfemicidio","tag-violencia-machista"],"_links":{"self":[{"href":"https:\/\/zumbalaturba.com.ar\/index.php?rest_route=\/wp\/v2\/posts\/4801","targetHints":{"allow":["GET"]}}],"collection":[{"href":"https:\/\/zumbalaturba.com.ar\/index.php?rest_route=\/wp\/v2\/posts"}],"about":[{"href":"https:\/\/zumbalaturba.com.ar\/index.php?rest_route=\/wp\/v2\/types\/post"}],"author":[{"embeddable":true,"href":"https:\/\/zumbalaturba.com.ar\/index.php?rest_route=\/wp\/v2\/users\/6"}],"replies":[{"embeddable":true,"href":"https:\/\/zumbalaturba.com.ar\/index.php?rest_route=%2Fwp%2Fv2%2Fcomments&post=4801"}],"version-history":[{"count":0,"href":"https:\/\/zumbalaturba.com.ar\/index.php?rest_route=\/wp\/v2\/posts\/4801\/revisions"}],"wp:featuredmedia":[{"embeddable":true,"href":"https:\/\/zumbalaturba.com.ar\/index.php?rest_route=\/wp\/v2\/media\/4803"}],"wp:attachment":[{"href":"https:\/\/zumbalaturba.com.ar\/index.php?rest_route=%2Fwp%2Fv2%2Fmedia&parent=4801"}],"wp:term":[{"taxonomy":"category","embeddable":true,"href":"https:\/\/zumbalaturba.com.ar\/index.php?rest_route=%2Fwp%2Fv2%2Fcategories&post=4801"},{"taxonomy":"post_tag","embeddable":true,"href":"https:\/\/zumbalaturba.com.ar\/index.php?rest_route=%2Fwp%2Fv2%2Ftags&post=4801"}],"curies":[{"name":"wp","href":"https:\/\/api.w.org\/{rel}","templated":true}]}}