{"id":4855,"date":"2017-11-05T21:05:12","date_gmt":"2017-11-05T21:05:12","guid":{"rendered":"http:\/\/zumbalaturba.com.ar\/?p=4855"},"modified":"2017-11-06T00:21:32","modified_gmt":"2017-11-06T00:21:32","slug":"adelantamos-el-festival-internacional-de-jazz-en-la-nota-azul","status":"publish","type":"post","link":"https:\/\/zumbalaturba.com.ar\/?p=4855","title":{"rendered":"Adelantamos el Festival Internacional de Jazz en La Nota Azul"},"content":{"rendered":"<p style=\"padding-left: 150px;\"><span style=\"font-size: 14pt;\"><em>Cumplimos <strong>3 a\u00f1os en el aire<\/strong> y lo celebramos con un programa especial. Recibimos la visita de <strong>Ignacio Garc\u00eda Vieyra<\/strong>, <strong>Mariano Barsotti<\/strong> y <strong>Ricardo Efra\u00edn Cort\u00e9s<\/strong>, organizadores del <\/em><strong>Festival Internacional de Jazz de C\u00f3rdoba<\/strong><em>. Recorremos parte de lo que habr\u00e1 en esta novena edici\u00f3n del <\/em><strong>Festival Cba Jazz<\/strong><em> este a\u00f1o 2017. Programa n\u00famero 117 de <\/em><strong>La Nota Azul<\/strong><em>, correspondiente al s\u00e1bado 4 de noviembre de 2017. Radio <\/em><strong>Zumba La Turba<\/strong><em>, FM 99.5, C\u00f3rdoba, Argentina.<\/em><\/span><\/p>\n<p><iframe id=\"audio_21888537\" style=\"border: 1px solid #EEE; box-sizing: border-box; width: 100%;\" src=\"https:\/\/ar.ivoox.com\/es\/player_ej_21888537_4_1.html?c1=ff6600\" width=\"300\" height=\"200\" frameborder=\"0\" scrolling=\"no\" allowfullscreen=\"allowfullscreen\"><\/iframe><\/p>\n<p><span style=\"font-size: 14pt;\">Abrimos con el \u00e1lbum del tr\u00edo formado por <strong>Paul Bley<\/strong>, <strong>Gary Peacock<\/strong> y <strong>Paul <img fetchpriority=\"high\" decoding=\"async\" class=\"alignright size-medium wp-image-1267\" src=\"http:\/\/lanotaazul.com.ar\/wp-content\/uploads\/2017\/11\/En-radio-2-300x225.jpeg\" alt=\"\" width=\"300\" height=\"225\" \/>Motian<\/strong>:\u00a0<em><strong>Not two, not one<\/strong><\/em>, grabado para ECM en 1999. <strong>Gary Peacock<\/strong> ser\u00e1, a sus 82 a\u00f1os, una de las visitas destacadas de esta edici\u00f3n del <em>Festival Internacional de Jazz<\/em>. Visita C\u00f3rdoba con su <em><strong>Now This Trio<\/strong><\/em>, que se completa nada menos que con <strong>Marc Copland<\/strong> en el piano y <strong>Joey Baron<\/strong> en la bater\u00eda. <a href=\"http:\/\/cordobajazzfestival.com.ar\/2017\/diaxdia\/g-peacock-m-copland-j-baron-now-this-trio\/\" target=\"_blank\" rel=\"noopener noreferrer\">El concierto ser\u00e1 el s\u00e1bado 18 de noviembre en el Teatro del Libertador San Mart\u00edn<\/a> y contar\u00e1 tambi\u00e9n con la participaci\u00f3n del <a href=\"http:\/\/cordobajazzfestival.com.ar\/2017\/artistas\/obi-homer-trio\/\" target=\"_blank\" rel=\"noopener noreferrer\"><strong>Obi Homer Tr\u00edo<\/strong><\/a>.<\/span><\/p>\n<p>&nbsp;<\/p>\n<p><a href=\"https:\/\/www.facebook.com\/events\/1689226404460761\/\" target=\"_blank\" rel=\"noopener noreferrer\"><img decoding=\"async\" class=\"aligncenter wp-image-1245 \" src=\"http:\/\/lanotaazul.com.ar\/wp-content\/uploads\/2017\/11\/Gary-Peacock.jpg\" alt=\"\" width=\"556\" height=\"253\" \/><\/a><\/p>\n<p><span style=\"font-size: 14pt;\">Escuchamos tambi\u00e9n a <strong>Gary Peacock<\/strong> a d\u00fao con <strong>Marc Copland<\/strong> desde el \u00e1lbum <em><strong>Insight<\/strong><\/em> de 2009 y el propio <em><strong>Now This<\/strong><\/em>, lanzado por ECM en 2015, con <strong>Joey Bar\u00f3n<\/strong> en la bater\u00eda completando el tr\u00edo.<\/span><\/p>\n<div id='gallery-1' class='gallery galleryid-4855 gallery-columns-3 gallery-size-medium'><figure class='gallery-item'>\n\t\t\t<div class='gallery-icon landscape'>\n\t\t\t\t<img decoding=\"async\" width=\"300\" height=\"264\" src=\"https:\/\/zumbalaturba.com.ar\/wp-content\/uploads\/2017\/11\/not-two-not-one1-300x264.jpg\" class=\"attachment-medium size-medium\" alt=\"\" srcset=\"https:\/\/zumbalaturba.com.ar\/wp-content\/uploads\/2017\/11\/not-two-not-one1-300x264.jpg 300w, https:\/\/zumbalaturba.com.ar\/wp-content\/uploads\/2017\/11\/not-two-not-one1-768x676.jpg 768w, https:\/\/zumbalaturba.com.ar\/wp-content\/uploads\/2017\/11\/not-two-not-one1-1024x902.jpg 1024w, https:\/\/zumbalaturba.com.ar\/wp-content\/uploads\/2017\/11\/not-two-not-one1.jpg 1389w\" sizes=\"(max-width: 300px) 100vw, 300px\" \/>\n\t\t\t<\/div><\/figure><figure class='gallery-item'>\n\t\t\t<div class='gallery-icon landscape'>\n\t\t\t\t<img loading=\"lazy\" decoding=\"async\" width=\"300\" height=\"268\" src=\"https:\/\/zumbalaturba.com.ar\/wp-content\/uploads\/2017\/11\/Gary-Peacock-Marc-Copland-Insight-300x268.jpg\" class=\"attachment-medium size-medium\" alt=\"\" srcset=\"https:\/\/zumbalaturba.com.ar\/wp-content\/uploads\/2017\/11\/Gary-Peacock-Marc-Copland-Insight-300x268.jpg 300w, https:\/\/zumbalaturba.com.ar\/wp-content\/uploads\/2017\/11\/Gary-Peacock-Marc-Copland-Insight-768x685.jpg 768w, https:\/\/zumbalaturba.com.ar\/wp-content\/uploads\/2017\/11\/Gary-Peacock-Marc-Copland-Insight-1024x913.jpg 1024w, https:\/\/zumbalaturba.com.ar\/wp-content\/uploads\/2017\/11\/Gary-Peacock-Marc-Copland-Insight.jpg 1600w\" sizes=\"(max-width: 300px) 100vw, 300px\" \/>\n\t\t\t<\/div><\/figure><figure class='gallery-item'>\n\t\t\t<div class='gallery-icon landscape'>\n\t\t\t\t<img loading=\"lazy\" decoding=\"async\" width=\"300\" height=\"300\" src=\"https:\/\/zumbalaturba.com.ar\/wp-content\/uploads\/2017\/11\/Gary-Peacock-Trio-Now-This-2-300x300.jpg\" class=\"attachment-medium size-medium\" alt=\"\" srcset=\"https:\/\/zumbalaturba.com.ar\/wp-content\/uploads\/2017\/11\/Gary-Peacock-Trio-Now-This-2-300x300.jpg 300w, https:\/\/zumbalaturba.com.ar\/wp-content\/uploads\/2017\/11\/Gary-Peacock-Trio-Now-This-2-768x768.jpg 768w, https:\/\/zumbalaturba.com.ar\/wp-content\/uploads\/2017\/11\/Gary-Peacock-Trio-Now-This-2-1024x1024.jpg 1024w, https:\/\/zumbalaturba.com.ar\/wp-content\/uploads\/2017\/11\/Gary-Peacock-Trio-Now-This-2.jpg 1400w\" sizes=\"(max-width: 300px) 100vw, 300px\" \/>\n\t\t\t<\/div><\/figure>\n\t\t<\/div>\n\n<p><span style=\"font-size: 14pt;\">Luego suena el <strong>Matthew Shipp Trio<\/strong>, con <strong>Michael Bisio<\/strong> en el contrabajo y <strong>Newman Taylor Baker<\/strong> en la bater\u00eda, desde el \u00e1lbum <strong><em>Piano Song<\/em><\/strong>, del a\u00f1o 2016 para el sello <em>Thirsty Ear<\/em>. Este descomunal tr\u00edo tambi\u00e9n ser\u00e1 parte del <em>Festival Internacional de Jazz<\/em>, en una cita que ning\u00fan amante del g\u00e9nero se perdonar\u00eda perderse. El concierto propone la apertura de la <strong>Small Jazz Band<\/strong> en una apuesta por reunir en la misma noche la tradici\u00f3n y la vanguardia, algo para lo que la m\u00fasica de Shipp parece resultar justa. Para percibir esto, no deje de escuchar la versi\u00f3n que suena de <strong><em>Summertime<\/em><\/strong>, a cargo del piano solo de <strong>Matthew Shipp<\/strong> desde su disco <strong><em>I&#8217;ve been to Many Places<\/em><\/strong> de 2014, tambi\u00e9n para <em>Thirsty Ear<\/em>. <a href=\"http:\/\/cordobajazzfestival.com.ar\/2017\/diaxdia\/matthew-shipp-trio\/\" target=\"_blank\" rel=\"noopener noreferrer\">El evento tendr\u00e1 lugar nuevamente en el Teatro del Libertador San Mart\u00edn el domingo 19 de noviembre<\/a>.<\/span><\/p>\n<div id='gallery-2' class='gallery galleryid-4855 gallery-columns-2 gallery-size-medium'><figure class='gallery-item'>\n\t\t\t<div class='gallery-icon landscape'>\n\t\t\t\t<a href='https:\/\/zumbalaturba.com.ar\/?attachment_id=4862'><img loading=\"lazy\" decoding=\"async\" width=\"300\" height=\"300\" src=\"https:\/\/zumbalaturba.com.ar\/wp-content\/uploads\/2017\/11\/Matthew-Shipp-Trio-Piano-Song-300x300.jpg\" class=\"attachment-medium size-medium\" alt=\"\" srcset=\"https:\/\/zumbalaturba.com.ar\/wp-content\/uploads\/2017\/11\/Matthew-Shipp-Trio-Piano-Song-300x300.jpg 300w, https:\/\/zumbalaturba.com.ar\/wp-content\/uploads\/2017\/11\/Matthew-Shipp-Trio-Piano-Song-768x768.jpg 768w, https:\/\/zumbalaturba.com.ar\/wp-content\/uploads\/2017\/11\/Matthew-Shipp-Trio-Piano-Song-1024x1024.jpg 1024w, https:\/\/zumbalaturba.com.ar\/wp-content\/uploads\/2017\/11\/Matthew-Shipp-Trio-Piano-Song.jpg 1080w\" sizes=\"(max-width: 300px) 100vw, 300px\" \/><\/a>\n\t\t\t<\/div><\/figure><figure class='gallery-item'>\n\t\t\t<div class='gallery-icon landscape'>\n\t\t\t\t<a href='https:\/\/zumbalaturba.com.ar\/?attachment_id=4861'><img loading=\"lazy\" decoding=\"async\" width=\"300\" height=\"300\" src=\"https:\/\/zumbalaturba.com.ar\/wp-content\/uploads\/2017\/11\/Matthew-Shipp-Ive-been-too-many-places-300x300.jpg\" class=\"attachment-medium size-medium\" alt=\"\" srcset=\"https:\/\/zumbalaturba.com.ar\/wp-content\/uploads\/2017\/11\/Matthew-Shipp-Ive-been-too-many-places-300x300.jpg 300w, https:\/\/zumbalaturba.com.ar\/wp-content\/uploads\/2017\/11\/Matthew-Shipp-Ive-been-too-many-places.jpg 500w\" sizes=\"(max-width: 300px) 100vw, 300px\" \/><\/a>\n\t\t\t<\/div><\/figure>\n\t\t<\/div>\n\n<p>&nbsp;<\/p>\n<p><a href=\"https:\/\/www.facebook.com\/events\/415158732232487\/\" target=\"_blank\" rel=\"noopener noreferrer\"><img loading=\"lazy\" decoding=\"async\" class=\"aligncenter wp-image-1247 \" src=\"http:\/\/lanotaazul.com.ar\/wp-content\/uploads\/2017\/11\/Matthew-Shipp.jpg\" alt=\"\" width=\"551\" height=\"248\" \/><\/a><\/p>\n<p>&nbsp;<\/p>\n<p><span style=\"font-size: 14pt;\">La apertura del Festival estar\u00e1 a cargo de <strong>Guillermo Klein<\/strong> con la <strong>Banda Sinf\u00f3nica de la Provincia<\/strong>, en un concierto que tendr\u00e1 tres partes bien definida: con la sinf\u00f3nica, en formato de big band y en combo de cuarteto junto a <strong>Cristian Andrada<\/strong> en el contrabajo, <strong>Mart\u00edn Dellavedova<\/strong> en saxos y <strong>Luis Barzola<\/strong> en bater\u00eda. <a href=\"http:\/\/cordobajazzfestival.com.ar\/2017\/diaxdia\/guillermo-klein-banda-sinfonica-de-la-provincia\/\" target=\"_blank\" rel=\"noopener noreferrer\">El evento ser\u00e1 el mi\u00e9rcoles 15 de noviembre, con entrada gratuita, retirando invitaci\u00f3n en la boleter\u00eda del teatro<\/a>.<\/span><\/p>\n<p><a href=\"https:\/\/www.facebook.com\/events\/184623422086131\/\" target=\"_blank\" rel=\"noopener noreferrer\"><img loading=\"lazy\" decoding=\"async\" class=\"aligncenter wp-image-1263\" src=\"http:\/\/lanotaazul.com.ar\/wp-content\/uploads\/2017\/11\/Guillermo-Klein-1.jpg\" alt=\"\" width=\"568\" height=\"258\" \/><\/a><\/p>\n<p><span style=\"font-size: 14pt;\">Suena la m\u00fasica de <strong>Guillermo Klein<\/strong> desde su disco <strong><em>Filtros<\/em><\/strong>, con su monumental formaci\u00f3n de <strong>Los Guachos<\/strong>, a\u00f1o 2008.<\/span><\/p>\n<p><span style=\"font-size: 14pt;\">El programa se cierra con la recomendaci\u00f3n de Barsotti de no perderse a <strong>Jamie Saft Trio<\/strong>, con <strong>Greg Cohen<\/strong> en contrabajo y <strong>Ben Perowsky<\/strong> en bater\u00eda, que integran la grilla<img loading=\"lazy\" decoding=\"async\" class=\"alignright size-medium wp-image-1259\" src=\"http:\/\/lanotaazul.com.ar\/wp-content\/uploads\/2017\/11\/Jamie-Saft-Trouble-300x298.jpg\" alt=\"\" width=\"300\" height=\"298\" \/> del Festival en su <a href=\"https:\/\/www.facebook.com\/events\/325422857924887\/\" target=\"_blank\" rel=\"noopener noreferrer\">concierto del jueves 16 de noviembre en el formato de Jazz Club que tendr\u00e1 sede en Cocina de Culturas<\/a>. <strong>Jamie Saft<\/strong> es una figura relevante dentro de la vanguardia neoyorquina; adem\u00e1s del piano, toca el \u00f3rgano Hammond, el Fender y el miniMoog; fue, entre otros, el tecladista de John Zorn, por ejemplo.<\/span><\/p>\n<p><span style=\"font-size: 14pt;\">Del <strong>Jamie Saft Trio<\/strong>, escuchamos la versi\u00f3n de <strong><em>Ballad Of a Thin Man<\/em><\/strong> de Bob Dylan, cantada aqu\u00ed por <strong>Mike Patton<\/strong>, desde el \u00e1lbum <em><strong>Trouble: The Jamie Saft Trio Plays Bob Dylan<\/strong><\/em>, lanzado en el a\u00f1o 2006.<\/span><\/p>\n<p><span style=\"font-size: 14pt;\">Todo esto con la gu\u00eda de primera mano de tres hacedores del Festival como lo son <strong>Ignacio Garc\u00eda Vieyra<\/strong>, <strong>Mariano Barsotti<\/strong> y <strong>Ricardo Efra\u00edn Cort\u00e9s<\/strong>, que nos acompa\u00f1aron estas dos muy intensas horas de jazz, m\u00fasica y radio.<\/span><\/p>\n<div id='gallery-3' class='gallery galleryid-4855 gallery-columns-2 gallery-size-medium'><figure class='gallery-item'>\n\t\t\t<div class='gallery-icon landscape'>\n\t\t\t\t<img loading=\"lazy\" decoding=\"async\" width=\"300\" height=\"172\" src=\"https:\/\/zumbalaturba.com.ar\/wp-content\/uploads\/2017\/11\/En-radio-8-300x172.jpeg\" class=\"attachment-medium size-medium\" alt=\"\" aria-describedby=\"gallery-3-4857\" srcset=\"https:\/\/zumbalaturba.com.ar\/wp-content\/uploads\/2017\/11\/En-radio-8-300x172.jpeg 300w, https:\/\/zumbalaturba.com.ar\/wp-content\/uploads\/2017\/11\/En-radio-8-768x440.jpeg 768w, https:\/\/zumbalaturba.com.ar\/wp-content\/uploads\/2017\/11\/En-radio-8-1024x586.jpeg 1024w, https:\/\/zumbalaturba.com.ar\/wp-content\/uploads\/2017\/11\/En-radio-8.jpeg 1280w\" sizes=\"(max-width: 300px) 100vw, 300px\" \/>\n\t\t\t<\/div>\n\t\t\t\t<figcaption class='wp-caption-text gallery-caption' id='gallery-3-4857'>\n\t\t\t\tCon Mariano Barsotti\n\t\t\t\t<\/figcaption><\/figure><figure class='gallery-item'>\n\t\t\t<div class='gallery-icon landscape'>\n\t\t\t\t<img loading=\"lazy\" decoding=\"async\" width=\"300\" height=\"225\" src=\"https:\/\/zumbalaturba.com.ar\/wp-content\/uploads\/2017\/11\/En-radio-6-300x225.jpeg\" class=\"attachment-medium size-medium\" alt=\"\" aria-describedby=\"gallery-3-4856\" srcset=\"https:\/\/zumbalaturba.com.ar\/wp-content\/uploads\/2017\/11\/En-radio-6-300x225.jpeg 300w, https:\/\/zumbalaturba.com.ar\/wp-content\/uploads\/2017\/11\/En-radio-6-90x68.jpeg 90w, https:\/\/zumbalaturba.com.ar\/wp-content\/uploads\/2017\/11\/En-radio-6-768x576.jpeg 768w, https:\/\/zumbalaturba.com.ar\/wp-content\/uploads\/2017\/11\/En-radio-6-1024x768.jpeg 1024w, https:\/\/zumbalaturba.com.ar\/wp-content\/uploads\/2017\/11\/En-radio-6.jpeg 1280w\" sizes=\"(max-width: 300px) 100vw, 300px\" \/>\n\t\t\t<\/div>\n\t\t\t\t<figcaption class='wp-caption-text gallery-caption' id='gallery-3-4856'>\n\t\t\t\tIgnacio Garc\u00eda Vieyra en La Nota Azul\n\t\t\t\t<\/figcaption><\/figure>\n\t\t<\/div>\n\n<p>&nbsp;<\/p>\n<h3 style=\"text-align: center;\"><a href=\"http:\/\/lanotaazul.com.ar\/programas\/adelantamos-el-festival-internacional-de-jazz-de-cordoba-2017\/\" target=\"_blank\"><em><strong>ESCUCHALO TAMBI\u00c9N POR AC\u00c1<\/strong><\/em><\/a><\/h3>\n<div class='share-to-whatsapp-wrapper'><div class='share-on-whsp'>Share on: <\/div><div class='clear '><\/div><\/div>","protected":false},"excerpt":{"rendered":"<p>Cumplimos 3 a\u00f1os en el aire y lo celebramos con un programa especial. Recibimos la visita de Ignacio Garc\u00eda Vieyra, Mariano Barsotti y Ricardo Efra\u00edn Cort\u00e9s, organizadores del Festival Internacional de Jazz de C\u00f3rdoba. Recorremos parte de lo que habr\u00e1 en esta novena edici\u00f3n del Festival Cba Jazz este a\u00f1o 2017. Programa n\u00famero 117 de [&hellip;]<\/p>\n","protected":false},"author":14,"featured_media":4864,"comment_status":"open","ping_status":"open","sticky":false,"template":"","format":"standard","meta":{"footnotes":""},"categories":[261],"tags":[81,52,293,305,296,166],"class_list":["post-4855","post","type-post","status-publish","format-standard","has-post-thumbnail","hentry","category-la-nota-azul","tag-agenda-cultural","tag-cultura","tag-jazz","tag-jazz-federal-club","tag-la-nota-azul","tag-musica"],"_links":{"self":[{"href":"https:\/\/zumbalaturba.com.ar\/index.php?rest_route=\/wp\/v2\/posts\/4855","targetHints":{"allow":["GET"]}}],"collection":[{"href":"https:\/\/zumbalaturba.com.ar\/index.php?rest_route=\/wp\/v2\/posts"}],"about":[{"href":"https:\/\/zumbalaturba.com.ar\/index.php?rest_route=\/wp\/v2\/types\/post"}],"author":[{"embeddable":true,"href":"https:\/\/zumbalaturba.com.ar\/index.php?rest_route=\/wp\/v2\/users\/14"}],"replies":[{"embeddable":true,"href":"https:\/\/zumbalaturba.com.ar\/index.php?rest_route=%2Fwp%2Fv2%2Fcomments&post=4855"}],"version-history":[{"count":0,"href":"https:\/\/zumbalaturba.com.ar\/index.php?rest_route=\/wp\/v2\/posts\/4855\/revisions"}],"wp:featuredmedia":[{"embeddable":true,"href":"https:\/\/zumbalaturba.com.ar\/index.php?rest_route=\/wp\/v2\/media\/4864"}],"wp:attachment":[{"href":"https:\/\/zumbalaturba.com.ar\/index.php?rest_route=%2Fwp%2Fv2%2Fmedia&parent=4855"}],"wp:term":[{"taxonomy":"category","embeddable":true,"href":"https:\/\/zumbalaturba.com.ar\/index.php?rest_route=%2Fwp%2Fv2%2Fcategories&post=4855"},{"taxonomy":"post_tag","embeddable":true,"href":"https:\/\/zumbalaturba.com.ar\/index.php?rest_route=%2Fwp%2Fv2%2Ftags&post=4855"}],"curies":[{"name":"wp","href":"https:\/\/api.w.org\/{rel}","templated":true}]}}