{"id":4904,"date":"2017-11-13T15:27:11","date_gmt":"2017-11-13T15:27:11","guid":{"rendered":"http:\/\/zumbalaturba.com.ar\/?p=4904"},"modified":"2017-11-13T15:45:56","modified_gmt":"2017-11-13T15:45:56","slug":"jazz-con-sabor-propio","status":"publish","type":"post","link":"https:\/\/zumbalaturba.com.ar\/?p=4904","title":{"rendered":"Jazz con sabor propio"},"content":{"rendered":"<p style=\"padding-left: 150px;\"><span style=\"font-size: 14pt;\"><em>Color local, proyecci\u00f3n internacional, el sabor propio del jazz que se puede sentir cuando llega la \u00e9poca de los festivales internacionales. Del 15 al 20 de noviembre tendr\u00e1 lugar la novena edici\u00f3n del Festival de Jazz de C\u00f3rdoba. Una m\u00fasica elocuente, un proyecto destacado y significativo sirve entonces para abrir este\u00a0programa n\u00famero 118 de <\/em><strong>La Nota Azul<\/strong><em> del s\u00e1bado 11 de noviembre de 2017: la <\/em><strong>C\u00f3rdoba Jazz Orchestra<\/strong><em> desde su \u00e1lbum <strong>Comechingonia.<\/strong> Por el aire de radio <\/em><strong>Zumba La Turba<\/strong><em>, FM 99.5, C\u00f3rdoba, Argentina.<\/em><\/span><\/p>\n<p><iframe id=\"audio_22029090\" style=\"border: 1px solid #EEE; box-sizing: border-box; width: 100%;\" src=\"https:\/\/ar.ivoox.com\/es\/player_ej_22029090_4_1.html?c1=ff6600\" width=\"300\" height=\"200\" frameborder=\"0\" scrolling=\"no\" allowfullscreen=\"allowfullscreen\"><\/iframe><\/p>\n<p><span style=\"font-size: 14pt;\">La proximidad del <strong>Festival Internacional de Jazz de C\u00f3rdoba<\/strong> en su novena edici\u00f3n<img fetchpriority=\"high\" decoding=\"async\" class=\"alignright size-medium wp-image-1281\" src=\"http:\/\/lanotaazul.com.ar\/wp-content\/uploads\/2017\/11\/comechingonia-300x300.jpeg\" alt=\"\" width=\"300\" height=\"300\" \/> es una excelente excusa para abrir con la <strong>C\u00f3rdoba Jazz Orchestra<\/strong>, que no s\u00f3lo actuar\u00e1 en el circuito de <em>Jazz al Parque<\/em>, sino que adem\u00e1s representar\u00e1 a C\u00f3rdoba en el <strong>Festival de Buenos Aires<\/strong>. Comenzamos el programa entonces con la m\u00fasica de <strong><em>Comechingonia,<\/em><\/strong> \u00e1lbum lanzado este 2017 con m\u00fasica de compositores cordobeses arreglada para big band por <strong>Nicol\u00e1s Ocampo<\/strong> y con la producci\u00f3n ejecutiva de <strong>Germ\u00e1n Siman<\/strong>. Suenan <em><strong>Araucanos<\/strong><\/em> de <strong>Javier Girotto<\/strong>, <strong><em>Vidala en verde<\/em><\/strong> de <strong>Milton Arias<\/strong> y <strong><em>Subibaja<\/em><\/strong> de <strong>Mart\u00edn Dellavedova<\/strong>.<\/span><\/p>\n<figure id=\"attachment_1285\" aria-describedby=\"caption-attachment-1285\" style=\"width: 300px\" class=\"wp-caption alignleft\"><img decoding=\"async\" class=\"size-medium wp-image-1285\" src=\"http:\/\/lanotaazul.com.ar\/wp-content\/uploads\/2017\/11\/Martin-Lozano42-300x212.jpg\" alt=\"\" width=\"300\" height=\"212\" \/><figcaption id=\"caption-attachment-1285\" class=\"wp-caption-text\">Mart\u00edn Lozano<\/figcaption><\/figure>\n<p><span style=\"font-size: 14pt;\">Luego presentamos <strong>Negro,<\/strong> grupo que lidera el bajista y compositor <strong>Mart\u00edn Lozano<\/strong> y con el que lanz\u00f3 un disco hom\u00f3nimo a fines del pasado a\u00f1o 2016. Negro re\u00fane la m\u00fasica con distintas disciplinas art\u00edsticas como la danza, la actuaci\u00f3n y las artes pl\u00e1sticas. Entrevistamos a <strong>Mart\u00edn Lozano<\/strong> sobre el proyecto de la banda y el \u00e1lbum y la particularidad de los conciertos con auriculares. Una charla muy rica que sirve para adentrarse en su m\u00fasica y sus proyectos.<\/span><\/p>\n<p><span style=\"font-size: 14pt;\">Otra novedad discogr\u00e1fica aparece con <strong>Gato Negro<\/strong>, reciente disco del tr\u00edo que forman <strong>Juan &#8220;Pocho&#8221; Sabogal<\/strong>, <strong>Tom\u00e1s Uriburu<\/strong> y <strong>Cristian Erik Dolberg<\/strong> y que acaban de lanzar por el sello <strong>La Croqueta Records<\/strong>. Nos comunicamos con Pocho para charlar acerca de la m\u00fasica del disco, el trabajo compositivo de los tres y la intensa actividad del sello que dirige. Una hermosa y nutrida conversaci\u00f3n con alguien que trabaja fuertemente por el jazz en el pa\u00eds.<\/span><\/p>\n<figure id=\"attachment_1288\" aria-describedby=\"caption-attachment-1288\" style=\"width: 631px\" class=\"wp-caption aligncenter\"><img decoding=\"async\" class=\"wp-image-1288\" src=\"http:\/\/lanotaazul.com.ar\/wp-content\/uploads\/2017\/11\/Sabogal-Uriburu-Dolberg.jpg\" alt=\"\" width=\"631\" height=\"420\" \/><figcaption id=\"caption-attachment-1288\" class=\"wp-caption-text\">Pocho Sabogal, Tom\u00e1s Uriburu, Christian Erik Dolberg<\/figcaption><\/figure>\n<p>&nbsp;<\/p>\n<p><span style=\"font-size: 14pt;\">El momento del free jazz llega con el \u00e1lbum <em><strong>Four Improvisations (Duo)<\/strong><\/em> de <strong>Anthony Braxton<\/strong> y <strong>Joe Morris<\/strong>, grabado en 2007 y editado por el sello portugu\u00e9s <em>Clean Feed<\/em>.<\/span><\/p>\n<p><span style=\"font-size: 14pt;\">Finalizamos con <strong>Taimof Roots<\/strong>, banda de ska y reggae de Salta que le pone todo el groove al cierre del programa. Un broche de oro para el <strong>Jazz Federal Club<\/strong>\u00a0de la tarde.<\/span><\/p>\n<p>&nbsp;<\/p>\n<p><span style=\"font-size: 14pt;\">Todo eso y mucho m\u00e1s en dos intensas horas de jazz, m\u00fasica y radio.<\/span><\/p>\n<p>&nbsp;<\/p>\n<p style=\"text-align: center;\"><span style=\"font-size: 14pt;\"><a href=\"http:\/\/lanotaazul.com.ar\/programas\/jazz-con-sabor-propio\/\" target=\"_blank\" rel=\"noopener noreferrer\"><strong>ESCUCHALO TAMBI\u00c9N POR AC\u00c1<\/strong><\/a><\/span><\/p>\n<div class='share-to-whatsapp-wrapper'><div class='share-on-whsp'>Share on: <\/div><div class='clear '><\/div><\/div>","protected":false},"excerpt":{"rendered":"<p>Color local, proyecci\u00f3n internacional, el sabor propio del jazz que se puede sentir cuando llega la \u00e9poca de los festivales internacionales. Del 15 al 20 de noviembre tendr\u00e1 lugar la novena edici\u00f3n del Festival de Jazz de C\u00f3rdoba. Una m\u00fasica elocuente, un proyecto destacado y significativo sirve entonces para abrir este\u00a0programa n\u00famero 118 de La [&hellip;]<\/p>\n","protected":false},"author":14,"featured_media":4905,"comment_status":"open","ping_status":"open","sticky":false,"template":"","format":"standard","meta":{"footnotes":""},"categories":[261],"tags":[81,52,293,305,296,166],"class_list":["post-4904","post","type-post","status-publish","format-standard","has-post-thumbnail","hentry","category-la-nota-azul","tag-agenda-cultural","tag-cultura","tag-jazz","tag-jazz-federal-club","tag-la-nota-azul","tag-musica"],"_links":{"self":[{"href":"https:\/\/zumbalaturba.com.ar\/index.php?rest_route=\/wp\/v2\/posts\/4904","targetHints":{"allow":["GET"]}}],"collection":[{"href":"https:\/\/zumbalaturba.com.ar\/index.php?rest_route=\/wp\/v2\/posts"}],"about":[{"href":"https:\/\/zumbalaturba.com.ar\/index.php?rest_route=\/wp\/v2\/types\/post"}],"author":[{"embeddable":true,"href":"https:\/\/zumbalaturba.com.ar\/index.php?rest_route=\/wp\/v2\/users\/14"}],"replies":[{"embeddable":true,"href":"https:\/\/zumbalaturba.com.ar\/index.php?rest_route=%2Fwp%2Fv2%2Fcomments&post=4904"}],"version-history":[{"count":0,"href":"https:\/\/zumbalaturba.com.ar\/index.php?rest_route=\/wp\/v2\/posts\/4904\/revisions"}],"wp:featuredmedia":[{"embeddable":true,"href":"https:\/\/zumbalaturba.com.ar\/index.php?rest_route=\/wp\/v2\/media\/4905"}],"wp:attachment":[{"href":"https:\/\/zumbalaturba.com.ar\/index.php?rest_route=%2Fwp%2Fv2%2Fmedia&parent=4904"}],"wp:term":[{"taxonomy":"category","embeddable":true,"href":"https:\/\/zumbalaturba.com.ar\/index.php?rest_route=%2Fwp%2Fv2%2Fcategories&post=4904"},{"taxonomy":"post_tag","embeddable":true,"href":"https:\/\/zumbalaturba.com.ar\/index.php?rest_route=%2Fwp%2Fv2%2Ftags&post=4904"}],"curies":[{"name":"wp","href":"https:\/\/api.w.org\/{rel}","templated":true}]}}