{"id":4963,"date":"2017-11-17T15:21:23","date_gmt":"2017-11-17T15:21:23","guid":{"rendered":"http:\/\/zumbalaturba.com.ar\/?p=4963"},"modified":"2017-11-17T15:23:21","modified_gmt":"2017-11-17T15:23:21","slug":"abuso-sexual-infantil-escuchame-una-exigencia-al-sistema-judicial","status":"publish","type":"post","link":"https:\/\/zumbalaturba.com.ar\/?p=4963","title":{"rendered":"Abuso Sexual Infantil: &#8220;\u00a1Escuchame!&#8221; una exigencia al sistema judicial"},"content":{"rendered":"<p><img fetchpriority=\"high\" decoding=\"async\" class=\"size-medium wp-image-4964 alignleft\" src=\"https:\/\/zumbalaturba.com.ar\/wp-content\/uploads\/2017\/11\/photo4934101860810336218-300x169.jpg\" alt=\"photo4934101860810336218\" width=\"300\" height=\"169\" srcset=\"https:\/\/zumbalaturba.com.ar\/wp-content\/uploads\/2017\/11\/photo4934101860810336218-300x169.jpg 300w, https:\/\/zumbalaturba.com.ar\/wp-content\/uploads\/2017\/11\/photo4934101860810336218-768x432.jpg 768w, https:\/\/zumbalaturba.com.ar\/wp-content\/uploads\/2017\/11\/photo4934101860810336218-1024x576.jpg 1024w, https:\/\/zumbalaturba.com.ar\/wp-content\/uploads\/2017\/11\/photo4934101860810336218.jpg 1280w\" sizes=\"(max-width: 300px) 100vw, 300px\" \/>En el marco del D\u00eda Internacional para la prevenci\u00f3n del abuso sexual contra ni\u00f1os, ni\u00f1as y adolescentes se lleva a cabo una <b>jornada de visibilizaci\u00f3n, intervenci\u00f3n urbana y radio abierta frente a la sede de Tribunales I <\/b>de la ciudad de C\u00f3rdoba, exigiendo que los agentes judiciales respeten los Derechos de ni\u00f1os, ni\u00f1as y adolecentes ante casos de abuso sexual. Durante la misma se realiza una radio abierta y act\u00faan las Rimandas Flores del Desierto.<\/p>\n<p>Durante la misma,<b> Marysel Segovia, integrante del Colectivo de Visibilizaci\u00f3n del Abuso Sexual Infantil en C\u00f3rdoba,<\/b> comparti\u00f3 la preocupaci\u00f3n ante la evidencia de que &#8220;<i>este un tema tiene muy poca visibilizaci\u00f3n social y tampoco tiene respuestas adecuadas por parte del Estado, ni desde el poder judical que muchas veces no les cree a los chicos ni a las madres o familiares denunciantes, ni por el poder ejecutivo que tampoco tiene pol\u00edticas p\u00fablicas de contenci\u00f3n\u00a0 de los ni\u00f1os y las familias v\u00edctimas<\/i>&#8220;.<\/p>\n<p><iframe src=\"http:\/\/ar.ivoox.com\/es\/player_ek_22134489_2_1.html?data=k5eelZmYfJqhhpywj5WUaZS1kZWah5yncZGhhpywj5WRaZi3jpWah5yncabi1dfS2M7XuMKfwpC6w9fdt8bgjLjSydTarcKZk6iYxdTSuNPVjMrZjaa3jY6ZmKiatMbIrdCfu9raxMaPsMKftdrfxMaRaZi3jpk.&amp;\" width=\"238\" height=\"48\" frameborder=\"0\" scrolling=\"no\" allowfullscreen=\"allowfullscreen\"><\/iframe><\/p>\n<p>En particular, se refiri\u00f3 al reciente informe presentado por la Polic\u00eda Judicial de C\u00f3rdoba del que surge que durante todo el a\u00f1o 2016, de 1417 denuncias por abuso sexual, el 56% de las mismas fue sobre ni\u00f1os y ni\u00f1as menores de 17 a\u00f1os. Al respecto, la abogada especializada en infancia afirma que &#8220;<i>no podemos naturalizar este tipo de delito y vamos a solicitar en el d\u00eda de la fecha, estad\u00edsticas al Poder Judicial sobre cu\u00e1ntos juicios de estas denuncias se han iniciado, cu\u00e1ntos imputados hay, cu\u00e1ntas declaraciones se han tomado a las v\u00edctimas, porque nos parece que la justicia no puede seguir mirando a otro lado porque \u00e9sta es la m\u00e1s grave vulneraci\u00f3n de derehos que puede sufrir un ni\u00f1o o una ni\u00f1a<\/i>&#8220;. Asimismo, Segovia se\u00f1al\u00f3 que es importante trabajar para proteger a los ni\u00f1os hablando, dialogando sobre cuidar su cuerpo, sobre c\u00f3mo prevenir, teniendo en cuenta que el 90% de estas denuncias de abuso son en \u00e1mbitos intrafamiliares.<br \/>\n<b>Adriana Cagliolo es integrante del Colectivo Ni Un Ni\u00f1@, <\/b>y cont\u00f3 que es una de las madres que realiz\u00f3 las denuncias por los abusos perpetrados en el Colegio de orientaci\u00f3n musical de la calle Caseros, y, afirm\u00f3 a Zumba la Turba, &#8220;<i>somos v\u00edctimas no solamente de un sistema judicial que avala a estos ped\u00f3filos en su accionar, es un sistema judicial que es totalmente perverso a la hora de tomar las denuncias, no le cree a los ni\u00f1os, no nos cree a las madres. A ra\u00edz de estoque nos sucedi\u00f3, armamos a nivel nacional y a nivel Cordoba, el Colectivo Nacional de Visibilizaci\u00f3n contra el Abuso<\/i>&#8220;.<\/p>\n<p><iframe src=\"http:\/\/ar.ivoox.com\/es\/player_ek_22134518_2_1.html?data=k5eelZmZdZmhhpywj5WUaZS1kZWah5yncZGhhpywj5WRaZi3jpWah5yncabi1dfS2M7XuMKfwpCuxtfNpc_VjKjOydHNs83jhpewjbPNb9bijLPWh6iXaaOlhpmdjbKJh5SZopbgj4qbh47GwsnW0ZC-uc7WwpDZw5C4udPWwpKSmaiReA..&amp;\" width=\"238\" height=\"48\" frameborder=\"0\" scrolling=\"no\" allowfullscreen=\"allowfullscreen\"><\/iframe><\/p>\n<p>Esto se debe, plante\u00f3 la entrevistada, a que &#8220;<i>es el reflejo de un sistema de justicia patriarcal, en donde la palabra de la mujer, de los ni\u00f1os y de los cuerpos feminizados est\u00e1 totalmente devaluada. Entonces nuestra lucha tambi\u00e9n tiene esa perspectiva, de empoderar de alguna manera a las madres, a las mujeres, para que este no sea un tema tab\u00fa, para que no tengan verg\u00fcenza de denunciar, para que se acerqiuen a los espacios de lucha y as\u00ed juntas podemos tener m\u00e1s fuerza y lograr que toda la sociedad tome conciencia de este problema tan grave que nos aqueja a todos, siendo que el abuso sexual infantil es un delito muy grave y uno de los m\u00e1s frecuentes, ya que una de cada cuatro ni\u00f1as es abusada y uno de cada cinco varones tambi\u00e9n es v\u00edctima de abuso sexual antes de los 14 a\u00f1os<\/i>&#8220;.<\/p>\n<div class='share-to-whatsapp-wrapper'><div class='share-on-whsp'>Share on: <\/div><div class='clear '><\/div><\/div>","protected":false},"excerpt":{"rendered":"<p>En el marco del D\u00eda Internacional para la prevenci\u00f3n del abuso sexual contra ni\u00f1os, ni\u00f1as y adolescentes se lleva a cabo una jornada de visibilizaci\u00f3n, intervenci\u00f3n urbana y radio abierta frente a la sede de Tribunales I de la ciudad de C\u00f3rdoba, exigiendo que los agentes judiciales respeten los Derechos de ni\u00f1os, ni\u00f1as y adolecentes [&hellip;]<\/p>\n","protected":false},"author":6,"featured_media":4965,"comment_status":"open","ping_status":"open","sticky":false,"template":"","format":"standard","meta":{"footnotes":""},"categories":[5],"tags":[402,321,899,900],"class_list":["post-4963","post","type-post","status-publish","format-standard","has-post-thumbnail","hentry","category-transfeminismos","tag-abuso-sexual-infantil","tag-colectivo-ni-un-nino-mas","tag-marysel-segovia","tag-sap"],"_links":{"self":[{"href":"https:\/\/zumbalaturba.com.ar\/index.php?rest_route=\/wp\/v2\/posts\/4963","targetHints":{"allow":["GET"]}}],"collection":[{"href":"https:\/\/zumbalaturba.com.ar\/index.php?rest_route=\/wp\/v2\/posts"}],"about":[{"href":"https:\/\/zumbalaturba.com.ar\/index.php?rest_route=\/wp\/v2\/types\/post"}],"author":[{"embeddable":true,"href":"https:\/\/zumbalaturba.com.ar\/index.php?rest_route=\/wp\/v2\/users\/6"}],"replies":[{"embeddable":true,"href":"https:\/\/zumbalaturba.com.ar\/index.php?rest_route=%2Fwp%2Fv2%2Fcomments&post=4963"}],"version-history":[{"count":0,"href":"https:\/\/zumbalaturba.com.ar\/index.php?rest_route=\/wp\/v2\/posts\/4963\/revisions"}],"wp:featuredmedia":[{"embeddable":true,"href":"https:\/\/zumbalaturba.com.ar\/index.php?rest_route=\/wp\/v2\/media\/4965"}],"wp:attachment":[{"href":"https:\/\/zumbalaturba.com.ar\/index.php?rest_route=%2Fwp%2Fv2%2Fmedia&parent=4963"}],"wp:term":[{"taxonomy":"category","embeddable":true,"href":"https:\/\/zumbalaturba.com.ar\/index.php?rest_route=%2Fwp%2Fv2%2Fcategories&post=4963"},{"taxonomy":"post_tag","embeddable":true,"href":"https:\/\/zumbalaturba.com.ar\/index.php?rest_route=%2Fwp%2Fv2%2Ftags&post=4963"}],"curies":[{"name":"wp","href":"https:\/\/api.w.org\/{rel}","templated":true}]}}