{"id":4976,"date":"2017-11-20T14:44:56","date_gmt":"2017-11-20T14:44:56","guid":{"rendered":"http:\/\/zumbalaturba.com.ar\/?p=4976"},"modified":"2017-11-20T14:44:56","modified_gmt":"2017-11-20T14:44:56","slug":"tocar-en-los-bordes","status":"publish","type":"post","link":"https:\/\/zumbalaturba.com.ar\/?p=4976","title":{"rendered":"Tocar en los bordes"},"content":{"rendered":"<p style=\"padding-left: 150px;\"><span style=\"font-size: 14pt;\"><em>Tocar en los bordes, como si la nota que suena no fuera la que aparentemente deber\u00eda sonar. Tocar en los bordes son derrumbarse es algo que\u00a0pueden permitirse algunos m\u00fasicos de jazz. Uno de ellos, <\/em><strong>Gary Peacock<\/strong><em>, aqu\u00ed abriendo <\/em><strong>La Nota Azul<\/strong><em> este\u00a0programa n\u00famero 119,\u00a0del s\u00e1bado 18 de noviembre de 2017. Radio <\/em><strong>Zumba La Turba<\/strong><em>, FM 99.5, C\u00f3rdoba, Argentina<\/em>.<\/span><\/p>\n<p><iframe id=\"audio_22173954\" style=\"border: 1px solid #EEE; box-sizing: border-box; width: 100%;\" src=\"https:\/\/ar.ivoox.com\/es\/player_ej_22173954_4_1.html?c1=ff6600\" width=\"300\" height=\"200\" frameborder=\"0\" scrolling=\"no\" allowfullscreen=\"allowfullscreen\"><\/iframe><\/p>\n<p><span style=\"font-size: 14pt;\">En esta emisi\u00f3n comenzamos nuevamente con la m\u00fasica <img fetchpriority=\"high\" decoding=\"async\" class=\"alignright size-full wp-image-1301\" src=\"http:\/\/lanotaazul.com.ar\/wp-content\/uploads\/2017\/11\/insight.jpg\" alt=\"\" width=\"238\" height=\"212\" \/>de <strong>Gary Peacock<\/strong>, aqu\u00ed a d\u00fao\u00a0con <strong>Marc Copland<\/strong>, para calmar un poco la ansiedad por su concierto en el <strong>Festival Internacional de Jazz de C\u00f3rdoba<\/strong>. Escuchamos el \u00e1lbum<strong><em> Insight<\/em><\/strong>, del a\u00f1o 2009, piano y contrabajo a cargo de Copland y Peacock.<\/span><\/p>\n<p><span style=\"font-size: 14pt;\">Retomamos algo de lo que son\u00f3 en la apertura de la novena edici\u00f3n <strong>Festival de Jazz<\/strong> en el concierto de <strong>Guillermo Klein<\/strong> y escuchamos <strong><em>Va Rom\u00e1n<\/em><\/strong>, desde el disco <strong><em>Filtros,<\/em><\/strong> del a\u00f1o 2008 con <strong>Los Guachos<\/strong>.<\/span><\/p>\n<figure id=\"attachment_1297\" aria-describedby=\"caption-attachment-1297\" style=\"width: 555px\" class=\"wp-caption aligncenter\"><img decoding=\"async\" class=\" wp-image-1297\" src=\"http:\/\/lanotaazul.com.ar\/wp-content\/uploads\/2017\/11\/IMG-20171116-WA0006-1024x577.jpg\" alt=\"\" width=\"555\" height=\"313\" \/><figcaption id=\"caption-attachment-1297\" class=\"wp-caption-text\">Guillermo Klein en el Festival de Jazz de C\u00f3rdoba<\/figcaption><\/figure>\n<p><span style=\"font-size: 14pt;\">Luego presentamos el reciente lanzamiento de la cantante y compositora <strong>Georgina Hassan<\/strong>, su cuarta producci\u00f3n discogr\u00e1fica titulada <strong><em>Madreselva.<\/em><\/strong> El \u00e1lbum cuenta con la participaci\u00f3n de <strong>Marcelo Moguilevsky<\/strong>, el cuarteto vocal\u00a0<\/span><span style=\"font-size: 14pt;\">femenino <strong>De boca en boca<\/strong> y el grupo chileno <strong>Inti Illimani<\/strong>. Entrevistamos a <strong>Georgina Hassan<\/strong> y charlamos sobre la m\u00fasica del disco y la pr\u00f3xima presentaci\u00f3n en <em>Caf\u00e9 Vinilo<\/em>\u00a0en Buenos Aires.<\/span><\/p>\n<p><span style=\"font-size: 14pt;\">A continuaci\u00f3n es el turno de <strong>John Butcher<\/strong>, <strong>Thomas Lehn<\/strong> y <strong>Matthew Shipp<\/strong> \u200eque desde el \u00e1lbum <strong><em>Tangle<\/em><\/strong>, lanzado en noviembre de 2016, entregan <strong><em>Cluster I<\/em><\/strong>, un terreno de improvisaci\u00f3n para el saxo, el sintetizador y el piano.<\/span><\/p>\n<div id='gallery-1' class='gallery galleryid-4976 gallery-columns-2 gallery-size-medium'><figure class='gallery-item'>\n\t\t\t<div class='gallery-icon landscape'>\n\t\t\t\t<img decoding=\"async\" width=\"300\" height=\"256\" src=\"https:\/\/zumbalaturba.com.ar\/wp-content\/uploads\/2017\/11\/Madreselva-Tapa-copia-300x256.jpg\" class=\"attachment-medium size-medium\" alt=\"\" srcset=\"https:\/\/zumbalaturba.com.ar\/wp-content\/uploads\/2017\/11\/Madreselva-Tapa-copia-300x256.jpg 300w, https:\/\/zumbalaturba.com.ar\/wp-content\/uploads\/2017\/11\/Madreselva-Tapa-copia.jpg 710w\" sizes=\"(max-width: 300px) 100vw, 300px\" \/>\n\t\t\t<\/div><\/figure><figure class='gallery-item'>\n\t\t\t<div class='gallery-icon landscape'>\n\t\t\t\t<img loading=\"lazy\" decoding=\"async\" width=\"300\" height=\"300\" src=\"https:\/\/zumbalaturba.com.ar\/wp-content\/uploads\/2017\/11\/Tangle-300x300.jpg\" class=\"attachment-medium size-medium\" alt=\"\" srcset=\"https:\/\/zumbalaturba.com.ar\/wp-content\/uploads\/2017\/11\/Tangle-300x300.jpg 300w, https:\/\/zumbalaturba.com.ar\/wp-content\/uploads\/2017\/11\/Tangle-768x768.jpg 768w, https:\/\/zumbalaturba.com.ar\/wp-content\/uploads\/2017\/11\/Tangle-1024x1024.jpg 1024w, https:\/\/zumbalaturba.com.ar\/wp-content\/uploads\/2017\/11\/Tangle.jpg 1200w\" sizes=\"(max-width: 300px) 100vw, 300px\" \/>\n\t\t\t<\/div><\/figure>\n\t\t<\/div>\n\n<p><span style=\"font-size: 14pt;\">Recibimos la visita de <strong>Pablo Fernando Socolsky<\/strong>, pianista del tr\u00edo de Rosario <strong>Su\u00e1rez\/Socolsky\/Su\u00e1rez<\/strong>. Charlamos sobre las presentaciones y la m\u00fasica de <strong><em>Portugal<\/em><\/strong> y escuchamos algo de lo nuevo del tr\u00edo que ser\u00e1 parte de un nuevo disco pr\u00f3ximamente. Una gran presencia que nutre el programa de conceptos, ideas, m\u00fasica y una muy agradable charla.<\/span><\/p>\n<p><img loading=\"lazy\" decoding=\"async\" class=\"aligncenter wp-image-1305\" src=\"http:\/\/lanotaazul.com.ar\/wp-content\/uploads\/2017\/11\/WP_20171118_19_48_02_Rich-1024x577.jpg\" alt=\"\" width=\"573\" height=\"323\" \/><\/p>\n<p>&nbsp;<\/p>\n<p><span style=\"font-size: 14pt;\">Para seguir en Rosario en este <strong>Jazz Federal Club<\/strong>, cerramos el programa con el <strong>Ignacio Villamil Jazz Quartet<\/strong>, con <strong>Facundo Canosa<\/strong> en piano, <strong>Emilio Madeo<\/strong> en contrabajo, <strong>Mart\u00edn Fern\u00e1ndez<\/strong> en bater\u00eda y <strong>Nacho Villamil<\/strong> en voz. Escuchamos <strong><em>Lonely Avenue<\/em><\/strong> de Ray Charles, desde el \u00e1lbum <em><strong>Uno. Standards<\/strong><\/em>.<\/span><\/p>\n<p>&nbsp;<\/p>\n<p style=\"text-align: center;\"><span style=\"font-size: 14pt;\"><a href=\"http:\/\/lanotaazul.com.ar\/agenda\/ignacio-villamil-presenta-uno-en-cordoba\/\" target=\"_blank\" rel=\"noopener noreferrer\"><em><strong>AQU\u00cd ENTREVISTA A IGNACIO VILLAMIL SOBRE UNO<\/strong><\/em><\/a><\/span><\/p>\n<p>&nbsp;<\/p>\n<p><span style=\"font-size: 14pt;\">Todo eso y mucho m\u00e1s en esta edici\u00f3n expr\u00e9s de <strong>La Nota Azul<\/strong>, un intenso rato de jazz, m\u00fasica y radio. <\/span><\/p>\n<p>&nbsp;<\/p>\n<p style=\"text-align: center;\"><a href=\"http:\/\/lanotaazul.com.ar\/programas\/tocar-en-los-bordes\/\" target=\"_blank\"><em><strong><span style=\"font-size: 14pt;\">ESCUCHALO TAMBI\u00c9N POR AC\u00c1<\/span><\/strong><\/em><\/a><\/p>\n<p>&nbsp;<\/p>\n<div class='share-to-whatsapp-wrapper'><div class='share-on-whsp'>Share on: <\/div><div class='clear '><\/div><\/div>","protected":false},"excerpt":{"rendered":"<p>Tocar en los bordes, como si la nota que suena no fuera la que aparentemente deber\u00eda sonar. Tocar en los bordes son derrumbarse es algo que\u00a0pueden permitirse algunos m\u00fasicos de jazz. Uno de ellos, Gary Peacock, aqu\u00ed abriendo La Nota Azul este\u00a0programa n\u00famero 119,\u00a0del s\u00e1bado 18 de noviembre de 2017. Radio Zumba La Turba, FM [&hellip;]<\/p>\n","protected":false},"author":14,"featured_media":4977,"comment_status":"open","ping_status":"open","sticky":false,"template":"","format":"standard","meta":{"footnotes":""},"categories":[261],"tags":[81,52,293,305,296,166],"class_list":["post-4976","post","type-post","status-publish","format-standard","has-post-thumbnail","hentry","category-la-nota-azul","tag-agenda-cultural","tag-cultura","tag-jazz","tag-jazz-federal-club","tag-la-nota-azul","tag-musica"],"_links":{"self":[{"href":"https:\/\/zumbalaturba.com.ar\/index.php?rest_route=\/wp\/v2\/posts\/4976","targetHints":{"allow":["GET"]}}],"collection":[{"href":"https:\/\/zumbalaturba.com.ar\/index.php?rest_route=\/wp\/v2\/posts"}],"about":[{"href":"https:\/\/zumbalaturba.com.ar\/index.php?rest_route=\/wp\/v2\/types\/post"}],"author":[{"embeddable":true,"href":"https:\/\/zumbalaturba.com.ar\/index.php?rest_route=\/wp\/v2\/users\/14"}],"replies":[{"embeddable":true,"href":"https:\/\/zumbalaturba.com.ar\/index.php?rest_route=%2Fwp%2Fv2%2Fcomments&post=4976"}],"version-history":[{"count":0,"href":"https:\/\/zumbalaturba.com.ar\/index.php?rest_route=\/wp\/v2\/posts\/4976\/revisions"}],"wp:featuredmedia":[{"embeddable":true,"href":"https:\/\/zumbalaturba.com.ar\/index.php?rest_route=\/wp\/v2\/media\/4977"}],"wp:attachment":[{"href":"https:\/\/zumbalaturba.com.ar\/index.php?rest_route=%2Fwp%2Fv2%2Fmedia&parent=4976"}],"wp:term":[{"taxonomy":"category","embeddable":true,"href":"https:\/\/zumbalaturba.com.ar\/index.php?rest_route=%2Fwp%2Fv2%2Fcategories&post=4976"},{"taxonomy":"post_tag","embeddable":true,"href":"https:\/\/zumbalaturba.com.ar\/index.php?rest_route=%2Fwp%2Fv2%2Ftags&post=4976"}],"curies":[{"name":"wp","href":"https:\/\/api.w.org\/{rel}","templated":true}]}}