{"id":4982,"date":"2017-11-20T17:12:30","date_gmt":"2017-11-20T17:12:30","guid":{"rendered":"http:\/\/zumbalaturba.com.ar\/?p=4982"},"modified":"2017-11-20T18:06:49","modified_gmt":"2017-11-20T18:06:49","slug":"brasil-criminalizacion-del-aborto-legal","status":"publish","type":"post","link":"https:\/\/zumbalaturba.com.ar\/?p=4982","title":{"rendered":"Brasil: criminalizaci\u00f3n del aborto"},"content":{"rendered":"<p>En Brasil se aprob\u00f3 un Proyecto de Enmienda Constitucional que reduce a\u00fan m\u00e1s la posibilidad de aborto legal ya previsto en el C\u00f3rdigo Penal. Bajo el apodo de \u201cCaballo de Troya\u201d esta enmienda instala a nivel jur\u00eddico \u201cprotecci\u00f3n de la vida desde su concepci\u00f3n\u201d avasallando los DDHH y profundizando la violencia hacia las mujeres.<\/p>\n<p>Inmediatamente las mujeres brasile\u00f1as articularon diversos actos en las ciudades repudiando el tratamiento legislativo de la enmienda y exigiendo que se respeten nuestros derechos.<\/p>\n<p>En el enredando de hoy nos comunicamos con Adriana Mota, Feminista de la Articulaci\u00f3n de Mujeres Brasile\u00f1as AMB Rio, quien nos comenta c\u00f3mo se palpita la situaci\u00f3n en Brasil.<\/p>\n<p>Nos cuenta de los retrocesos en los que el poder legislativo y las autoridades est\u00e1n sumergiendo al pueblo brasile\u00f1o, como el caso del intento de modificaci\u00f3n del crimen de femicidio por \u201ccr\u00edmenes de amor\u201d en el C\u00f3digo Penal.<\/p>\n<p>Escucha el bloque completo <a href=\"https:\/\/archive.org\/details\/elm20nov2017audios\/bloque002brasil.mp3\">aqu\u00ed<\/a><\/p>\n<div class='share-to-whatsapp-wrapper'><div class='share-on-whsp'>Share on: <\/div><div class='clear '><\/div><\/div>","protected":false},"excerpt":{"rendered":"<p>En Brasil se aprob\u00f3 un Proyecto de Enmienda Constitucional que reduce a\u00fan m\u00e1s la posibilidad de aborto legal ya previsto en el C\u00f3rdigo Penal. Bajo el apodo de \u201cCaballo de Troya\u201d esta enmienda instala a nivel jur\u00eddico \u201cprotecci\u00f3n de la vida desde su concepci\u00f3n\u201d avasallando los DDHH y profundizando la violencia hacia las mujeres. Inmediatamente [&hellip;]<\/p>\n","protected":false},"author":23,"featured_media":4985,"comment_status":"open","ping_status":"open","sticky":false,"template":"","format":"standard","meta":{"footnotes":""},"categories":[38,18,42,3,5],"tags":[7,94],"class_list":["post-4982","post","type-post","status-publish","format-standard","has-post-thumbnail","hentry","category-anticarcelario-antrepresivo","category-elm","category-pueblosoriginarios","category-rnma","category-transfeminismos","tag-feminismos","tag-violencia"],"_links":{"self":[{"href":"https:\/\/zumbalaturba.com.ar\/index.php?rest_route=\/wp\/v2\/posts\/4982","targetHints":{"allow":["GET"]}}],"collection":[{"href":"https:\/\/zumbalaturba.com.ar\/index.php?rest_route=\/wp\/v2\/posts"}],"about":[{"href":"https:\/\/zumbalaturba.com.ar\/index.php?rest_route=\/wp\/v2\/types\/post"}],"author":[{"embeddable":true,"href":"https:\/\/zumbalaturba.com.ar\/index.php?rest_route=\/wp\/v2\/users\/23"}],"replies":[{"embeddable":true,"href":"https:\/\/zumbalaturba.com.ar\/index.php?rest_route=%2Fwp%2Fv2%2Fcomments&post=4982"}],"version-history":[{"count":0,"href":"https:\/\/zumbalaturba.com.ar\/index.php?rest_route=\/wp\/v2\/posts\/4982\/revisions"}],"wp:featuredmedia":[{"embeddable":true,"href":"https:\/\/zumbalaturba.com.ar\/index.php?rest_route=\/wp\/v2\/media\/4985"}],"wp:attachment":[{"href":"https:\/\/zumbalaturba.com.ar\/index.php?rest_route=%2Fwp%2Fv2%2Fmedia&parent=4982"}],"wp:term":[{"taxonomy":"category","embeddable":true,"href":"https:\/\/zumbalaturba.com.ar\/index.php?rest_route=%2Fwp%2Fv2%2Fcategories&post=4982"},{"taxonomy":"post_tag","embeddable":true,"href":"https:\/\/zumbalaturba.com.ar\/index.php?rest_route=%2Fwp%2Fv2%2Ftags&post=4982"}],"curies":[{"name":"wp","href":"https:\/\/api.w.org\/{rel}","templated":true}]}}