{"id":4997,"date":"2017-11-20T20:44:59","date_gmt":"2017-11-20T23:44:59","guid":{"rendered":"http:\/\/zumbalaturba.com.ar\/?p=4997"},"modified":"2023-10-14T20:12:46","modified_gmt":"2023-10-14T23:12:46","slug":"plascar-existe-somos-243-familias-que-estamos-en-la-calle-luchando","status":"publish","type":"post","link":"https:\/\/zumbalaturba.com.ar\/?p=4997","title":{"rendered":"&#8220;Plascar existe, somos 243 familias que estamos en la calle luchando&#8221;"},"content":{"rendered":"<p><img fetchpriority=\"high\" decoding=\"async\" class=\"size-medium wp-image-4999 alignleft\" src=\"https:\/\/zumbalaturba.com.ar\/wp-content\/uploads\/2017\/11\/plascar-1-300x169.jpeg\" alt=\"plascar (1)\" width=\"300\" height=\"169\" srcset=\"https:\/\/zumbalaturba.com.ar\/wp-content\/uploads\/2017\/11\/plascar-1-300x169.jpeg 300w, https:\/\/zumbalaturba.com.ar\/wp-content\/uploads\/2017\/11\/plascar-1-768x432.jpeg 768w, https:\/\/zumbalaturba.com.ar\/wp-content\/uploads\/2017\/11\/plascar-1-1024x576.jpeg 1024w, https:\/\/zumbalaturba.com.ar\/wp-content\/uploads\/2017\/11\/plascar-1.jpeg 1032w\" sizes=\"(max-width: 300px) 100vw, 300px\" \/>El pasado 28 de agosto, lxs 243 trabajadorxs de la planta autopartista cordobesa Plascar recibieron telegramas desvincul\u00e1ndolos de la f\u00e1brica desde el 1\u00b0 de noviembre. Sin embargo, apenas unos d\u00edas despu\u00e9s se dieron con que la planta se encontraba sin luz, sin servicios y sin la presencia de ning\u00fan responsable. Desde ese momento iniciaron el camino de recuperaci\u00f3n para ponerla a producir bajo. Desde <b>Zumba la Turba <\/b>nos comunicamos con <b>Miguel Maldonado, operario de la autopartista<\/b>. <em><span style=\"font-size: small;\">(Fotos: trabajadorxs Plascar)<\/span><\/em><\/p>\n<p><iframe src=\"http:\/\/ar.ivoox.com\/es\/player_ej_22180307_2_1.html?data=k5eempWXdJihhpywj5WdaZS1kpqah5yncZKhhpywj5WRaZi3jpWah5yncabi1dfS2M7XuMKfwpC6y8zZqc2frsbZxtTSpcXjhpewjbXQpdTXwteah5yncbPVxc7cjb_ZscPVjNHOjbnZtsPVjoqkpZKU&amp;\" width=\"100%\" height=\"200\" frameborder=\"0\" scrolling=\"no\" allowfullscreen=\"allowfullscreen\"><\/iframe><\/p>\n<p>Lxs trabajadorxs marchar\u00e1n este martes para &#8220;refrescarle la memoria&#8221; al Poder Ejecutivo y a las instancias del Estado que tienen que dar respuesta, que &#8220;<i>Plascar existe, que somos 243 familias que todav\u00eda estamos en la calle luchando por nuestros derechos y tratando de volver a poner en funcionamiento la planta<\/i>&#8220;.<\/p>\n<p>Miguel recuerda que desde el 1\u00b0 de septiembre la planta se encuentra &#8220;<i>bajo custodia de los compa\u00f1eros que estamos ah\u00ed y la venimos cuidando, porque es nuestra fuente laboral, de donde 243 familias subsistimos, vivimos<\/i>&#8220;.<\/p>\n<p>La planta prove\u00eda de componentes pl\u00e1sticos a las terminales de Fiat y Renault en C\u00f3rdoba. Ambas plantas, explica el operario, \u00a0&#8220;<i>han desembarcado con much\u00edsimo trabajo, se espera una gran proyecci\u00f3n para el a\u00f1o 2018 y queremos ser parte de eso<\/i>&#8220;. Miguel plantea que la sensaci\u00f3n que tienen lxs trabajadorxs es que quisieron &#8220;sacarlos del medio&#8221;, porque &#8220;<i>los pl\u00e1sticos que hoy d\u00eda consume Fiat los est\u00e1n importando: vienen de Brasil hasta Buenos Aires, donde opera Albano Cozzuol S.A:, que es una multinacional. Se pintan ah\u00ed y se env\u00edan a C\u00f3rdoba. Nosotros esos dos procesos los hacemos ac\u00e1 en la planta que tenemos en el Parque Industrial Ferreyra, y estamos a 800 metros de Fiat<\/i>&#8220;.<\/p>\n<p><b>Plascar bajo control obrero<\/b><\/p>\n<p>El 1\u00b0 de septiembre, comparte Miguel, empez\u00f3 la &#8220;odisea&#8221; para lxs trabajadorxs para reactivar la f\u00e1brica. Al d\u00eda de hoy, &#8220;<i>hemos llegado a la conformaci\u00f3n de la cooperativa, ya nos hemos anotado en el INAES. El martes a la ma\u00f1ana se firma el estatuto y el mi\u00e9rcoles tenemos previsto un viaje en Buenos Aires para darle curso ante la jueza para lograr que la jueza nos avale y nos d\u00e9 la posibilidad de poner en funcionamiento la planta bajo el comando de los operarios. Es una lucha dura pero nosotros la hemos afrontado porque tenemos la necesidad de seguir trabajando<\/i>&#8220;.<\/p>\n<p>&#8220;<i>Desde el Ministerio de Trabajo y de Industria en conjunto, nos est\u00e1n brindando una ayuda de 8860 pesos que se agradecen, pero nosotros con los compa\u00f1eros planteamos que queremos seguir gan\u00e1ndonos el mango que nos ven\u00edamos ganando poniendo el lomo, lev\u00e1ntandonos a las 6 de la ma\u00f1ana y haciendo funcionar la planta (&#8230;) Es un camino largo que encaramos y esperamos que la jueza que est\u00e1 a cargo del concurso nos avale y ac\u00e1 de parte del poder ejecutivo (&#8230;) nos den la mano que les estamos pidiendo, que no sean solo promesas como ya sali\u00f3 ante la prensa que no se iban a olvidar de los trabajadores de Plascar<\/i>&#8220;. Por otro lado, Maldonado record\u00f3 que hace unas semanas lxs trabajadorxs tomaron la palabra en el Comisi\u00f3n de Trabajo de la legislatura cordobesa recibiendo apoyo de todos los bloques en la conformaci\u00f3n de la cooperativa.<\/p>\n<p>La planta &#8220;<i>est\u00e1 totalmente operativa &#8211;<\/i>contin\u00faa-<i>, necesitamos ponerla a punto de vuelta por el parate de casi tres meses sin luz y con las m\u00e1quinas paradas. Pero la f\u00e1brica y la maquinaria est\u00e1n totalmente operativas, no es una f\u00e1brica obsoleta como se dijo en muchos medios oficialistas y necesitamos recuperar la fuente laboral y la fuente de ingresos para las familias que comprenden a los extrabajadores de Plascar<\/i>&#8220;.<\/p>\n<p>Este <b>martes a las 18 hs. lxs trabajadorxs convocan a una movilizaci\u00f3n que partir\u00e1 de Col\u00f3n y Gral. Paz <\/b>&#8220;<i>para pedir por la fuente laboral nuestra, para que el gobierno se ponga las pilas e intervenga de la forma que tiene que intervenir para que se ponga en funcionamiento la planta y denunciar p\u00fablicamente al Sindicato del Pl\u00e1stico que el 1\u00b0 de noviembre nos dio la espalda, nos dej\u00f3 sin la posibilidad de pelear acompa\u00f1ados por ellos, nos han dejado a la buena de dios<\/i>&#8220;.<\/p>\n<div class='share-to-whatsapp-wrapper'><div class='share-on-whsp'>Share on: <\/div><div class='clear '><\/div><\/div>","protected":false},"excerpt":{"rendered":"<p>El pasado 28 de agosto, lxs 243 trabajadorxs de la planta autopartista cordobesa Plascar recibieron telegramas desvincul\u00e1ndolos de la f\u00e1brica desde el 1\u00b0 de noviembre. Sin embargo, apenas unos d\u00edas despu\u00e9s se dieron con que la planta se encontraba sin luz, sin servicios y sin la presencia de ning\u00fan responsable. Desde ese momento iniciaron el [&hellip;]<\/p>\n","protected":false},"author":6,"featured_media":5000,"comment_status":"open","ping_status":"open","sticky":false,"template":"","format":"standard","meta":{"footnotes":""},"categories":[15,1191,29],"tags":[862,665,435],"class_list":["post-4997","post","type-post","status-publish","format-standard","has-post-thumbnail","hentry","category-la-zumba","category-luchas-por-el-territorio","category-trabajadores-en-lucha","tag-plascar","tag-sindicatos","tag-trabajadorxs"],"_links":{"self":[{"href":"https:\/\/zumbalaturba.com.ar\/index.php?rest_route=\/wp\/v2\/posts\/4997","targetHints":{"allow":["GET"]}}],"collection":[{"href":"https:\/\/zumbalaturba.com.ar\/index.php?rest_route=\/wp\/v2\/posts"}],"about":[{"href":"https:\/\/zumbalaturba.com.ar\/index.php?rest_route=\/wp\/v2\/types\/post"}],"author":[{"embeddable":true,"href":"https:\/\/zumbalaturba.com.ar\/index.php?rest_route=\/wp\/v2\/users\/6"}],"replies":[{"embeddable":true,"href":"https:\/\/zumbalaturba.com.ar\/index.php?rest_route=%2Fwp%2Fv2%2Fcomments&post=4997"}],"version-history":[{"count":0,"href":"https:\/\/zumbalaturba.com.ar\/index.php?rest_route=\/wp\/v2\/posts\/4997\/revisions"}],"wp:featuredmedia":[{"embeddable":true,"href":"https:\/\/zumbalaturba.com.ar\/index.php?rest_route=\/wp\/v2\/media\/5000"}],"wp:attachment":[{"href":"https:\/\/zumbalaturba.com.ar\/index.php?rest_route=%2Fwp%2Fv2%2Fmedia&parent=4997"}],"wp:term":[{"taxonomy":"category","embeddable":true,"href":"https:\/\/zumbalaturba.com.ar\/index.php?rest_route=%2Fwp%2Fv2%2Fcategories&post=4997"},{"taxonomy":"post_tag","embeddable":true,"href":"https:\/\/zumbalaturba.com.ar\/index.php?rest_route=%2Fwp%2Fv2%2Ftags&post=4997"}],"curies":[{"name":"wp","href":"https:\/\/api.w.org\/{rel}","templated":true}]}}