{"id":5009,"date":"2017-11-22T10:24:11","date_gmt":"2017-11-22T10:24:11","guid":{"rendered":"http:\/\/zumbalaturba.com.ar\/?p=5009"},"modified":"2017-11-22T10:24:11","modified_gmt":"2017-11-22T10:24:11","slug":"absolucionparadahyana-pedido-en-la-legislatura-provincial","status":"publish","type":"post","link":"https:\/\/zumbalaturba.com.ar\/?p=5009","title":{"rendered":"#Absoluci\u00f3nparaDahyana: pedido en la Legislatura provincial"},"content":{"rendered":"<p><img fetchpriority=\"high\" decoding=\"async\" class=\"size-medium wp-image-5010 alignleft\" src=\"https:\/\/zumbalaturba.com.ar\/wp-content\/uploads\/2017\/11\/declaracion-dahy-300x203.jpg\" alt=\"declaracion dahy\" width=\"300\" height=\"203\" srcset=\"https:\/\/zumbalaturba.com.ar\/wp-content\/uploads\/2017\/11\/declaracion-dahy-300x203.jpg 300w, https:\/\/zumbalaturba.com.ar\/wp-content\/uploads\/2017\/11\/declaracion-dahy.jpg 720w\" sizes=\"(max-width: 300px) 100vw, 300px\" \/>Ante el pr\u00f3ximo inicio del juicio contra Dahyana Gorosito, desde el bloque de la Legislatura del Frente de Izquierda y los Trabajadores presentaron una declaraci\u00f3n para acompa\u00f1ar el reclamo de las organizaciones de mujeres por su absoluci\u00f3n. La misma deber\u00e1 tratarse hoy en el recinto.<\/p>\n<p>El <b>legislador Ezequiel Peressini<\/b>, dec\u00eda a <b>Zumba la Turba <\/b>que desde la bancada del FIT consideran que &#8220;<i>todo el procedimiento judical es persecutorio y estigmatizante (&#8230;) el juicio est\u00e1 plagado de nulidades porque nunca se tom\u00f3 en cuenta la perspectiva de g\u00e9nero necesaria para abordar estas problem\u00e1ticas<\/i>&#8220;.<\/p>\n<p><iframe src=\"http:\/\/ar.ivoox.com\/es\/player_ej_22206985_2_1.html?data=k5efkpudfJahhpywj5WWaZS1kZ2ah5yncZOhhpywj5WRaZi3jpWah5yncaLpxc7cjcnJsIzgxszW1dHFqNDmjKrnx9bZrcbgjLXS1MrXt8riyoqfpZDIqcTgwtfOxc7Tsozk0JKSmaiRlsLYytSYvNrRpsKfzcaYttrWpsKhhpywj5k.&amp;\" width=\"100%\" height=\"200\" frameborder=\"0\" scrolling=\"no\" allowfullscreen=\"allowfullscreen\"><\/iframe><\/p>\n<p>&#8220;<i>La preocupante situacion de Dahyana <\/i>-agreg\u00f3 el legislador- <i>es producto de la violencia de g\u00e9nero que sistem\u00e1ticamente ataca a las mujeres y al movimiento de la diversidad sexual y que tambi\u00e9n reproducen d\u00eda a d\u00eda todas las instituciones del Estado. Por eso que la justicia hoy tenga procesada a Dahyana, adem\u00e1s de defender a los ricos, a los empresarios, reproduce la violencia machista y patriarcal estigmatizando en este caso a Dahyana, haciendola responsable de algo de lo que no es responsable<\/i>&#8220;.<\/p>\n<p>Asimismo, convoc\u00f3 a marchar <b>este s\u00e1bado 25 de noviembre en el marco del D\u00eda de lucha contra la Violencia Hacia las Mujeres<\/b> y a sumarse a la <b>concentraci\u00f3n en las puertas de tribunales <\/b>que acompa\u00f1ar\u00e1 la primera audiencia del juicio, prevista para este <b>lunes 27 de noviembres a las 9 hs<\/b>. &#8220;<i>No hay justicia con Dahyana procesada<\/i>&#8220;, afirm\u00f3 para finalizar.<\/p>\n<p><span style=\"font-size: small;\">Dahyana Gorosito es una joven de tan solo 21 a\u00f1os que hoy enfrenta serios cargos por la muerte de su beba reci\u00e9n nacida el 20 de mayo de 2016. Fue obligada a parir en un descampado bajo las amenazas de su pareja, Luis Oron\u00e1, quien le arrebat\u00f3 de los brazos a la ni\u00f1a y se la llev\u00f3. Dahyana no supo que su hija estaba muerta hasta que la polic\u00eda encontr\u00f3 el cuerpo en la casa de la familia de su pareja, tras cuatro allanamientos. La joven arrastra desde hace a\u00f1os una situaci\u00f3n de extrema vulnerabilidad y de violencia y hoy se enfrenta nuevamente a la violencia de un sistema que, lejos de protegerla, la criminaliza.<br \/>\n<\/span><\/p>\n<div class='share-to-whatsapp-wrapper'><div class='share-on-whsp'>Share on: <\/div><div class='clear '><\/div><\/div>","protected":false},"excerpt":{"rendered":"<p>Ante el pr\u00f3ximo inicio del juicio contra Dahyana Gorosito, desde el bloque de la Legislatura del Frente de Izquierda y los Trabajadores presentaron una declaraci\u00f3n para acompa\u00f1ar el reclamo de las organizaciones de mujeres por su absoluci\u00f3n. La misma deber\u00e1 tratarse hoy en el recinto. El legislador Ezequiel Peressini, dec\u00eda a Zumba la Turba que [&hellip;]<\/p>\n","protected":false},"author":6,"featured_media":5011,"comment_status":"open","ping_status":"open","sticky":false,"template":"","format":"standard","meta":{"footnotes":""},"categories":[5],"tags":[904,903,739,740,626],"class_list":["post-5009","post","type-post","status-publish","format-standard","has-post-thumbnail","hentry","category-transfeminismos","tag-absolucionparadahyana","tag-dahyana-gorosito","tag-ezequiel-peressini","tag-fit","tag-libertad-para-dahyana"],"_links":{"self":[{"href":"https:\/\/zumbalaturba.com.ar\/index.php?rest_route=\/wp\/v2\/posts\/5009","targetHints":{"allow":["GET"]}}],"collection":[{"href":"https:\/\/zumbalaturba.com.ar\/index.php?rest_route=\/wp\/v2\/posts"}],"about":[{"href":"https:\/\/zumbalaturba.com.ar\/index.php?rest_route=\/wp\/v2\/types\/post"}],"author":[{"embeddable":true,"href":"https:\/\/zumbalaturba.com.ar\/index.php?rest_route=\/wp\/v2\/users\/6"}],"replies":[{"embeddable":true,"href":"https:\/\/zumbalaturba.com.ar\/index.php?rest_route=%2Fwp%2Fv2%2Fcomments&post=5009"}],"version-history":[{"count":0,"href":"https:\/\/zumbalaturba.com.ar\/index.php?rest_route=\/wp\/v2\/posts\/5009\/revisions"}],"wp:featuredmedia":[{"embeddable":true,"href":"https:\/\/zumbalaturba.com.ar\/index.php?rest_route=\/wp\/v2\/media\/5011"}],"wp:attachment":[{"href":"https:\/\/zumbalaturba.com.ar\/index.php?rest_route=%2Fwp%2Fv2%2Fmedia&parent=5009"}],"wp:term":[{"taxonomy":"category","embeddable":true,"href":"https:\/\/zumbalaturba.com.ar\/index.php?rest_route=%2Fwp%2Fv2%2Fcategories&post=5009"},{"taxonomy":"post_tag","embeddable":true,"href":"https:\/\/zumbalaturba.com.ar\/index.php?rest_route=%2Fwp%2Fv2%2Ftags&post=5009"}],"curies":[{"name":"wp","href":"https:\/\/api.w.org\/{rel}","templated":true}]}}