{"id":5022,"date":"2017-11-25T14:47:50","date_gmt":"2017-11-25T14:47:50","guid":{"rendered":"http:\/\/zumbalaturba.com.ar\/?p=5022"},"modified":"2017-11-25T14:47:50","modified_gmt":"2017-11-25T14:47:50","slug":"dahyana-ante-la-encrucijada-del-juicio-ella-esta-encaminando-su-vida","status":"publish","type":"post","link":"https:\/\/zumbalaturba.com.ar\/?p=5022","title":{"rendered":"Dahyana ante la encrucijada del juicio: &#8220;ella est\u00e1 encaminando su vida&#8221;"},"content":{"rendered":"<p><img fetchpriority=\"high\" decoding=\"async\" class=\"size-medium wp-image-5023 alignleft\" src=\"https:\/\/zumbalaturba.com.ar\/wp-content\/uploads\/2017\/11\/cuadrado1-300x300.jpg\" alt=\"cuadrado[1]\" width=\"300\" height=\"300\" srcset=\"https:\/\/zumbalaturba.com.ar\/wp-content\/uploads\/2017\/11\/cuadrado1-300x300.jpg 300w, https:\/\/zumbalaturba.com.ar\/wp-content\/uploads\/2017\/11\/cuadrado1.jpg 717w\" sizes=\"(max-width: 300px) 100vw, 300px\" \/>En el <strong>Enredando las Ma\u00f1anas <\/strong>abordamos junto a <strong>Agostina Chuburu, integrante de la Mesa de Trabajo por Absoluci\u00f3n de Dahyana Gorosito, <\/strong>la situaci\u00f3n de la joven de 21 a\u00f1os que ser\u00e1 juzgada a partir del 27 de noviembre por la muerte de su beba reci\u00e9n nacida. Una causa que se enmarca no s\u00f3lo en la violencia de g\u00e9nero, sino tambi\u00e9n en la posici\u00f3n del sistema judicial de revictimizar y descreer de la v\u00edctima al plantear a un caso de violencia de g\u00e9nero y homicidio agravado por el v\u00ednculo, aislado del contexto y de las circunstancias hist\u00f3ricas que lo precedieron. <em>Por RNMA.<\/em><\/p>\n<p><iframe src=\"http:\/\/ar.ivoox.com\/es\/player_ej_22276546_2_1.html?data=k5efmZuZeJehhpywj5eXaZS1lpaah5yncZKhhpywj5WRaZi3jpWah5yncabi1dfS2M7XuMKfwpCuydTXuMriwpCwytrGudPpjLLS1caPtNDmjKnOyt7FssKhhpywj7fFqMrjjL_iz8fFb83VjLni1MfFcYarpJKd&amp;\" width=\"100%\" height=\"200\" frameborder=\"0\" scrolling=\"no\" allowfullscreen=\"allowfullscreen\"><\/iframe><\/p>\n<p>Agostina relata pormenorizadamente los hechos sucedidos esa madrugada del 20 de mayo de 2016, cuando Dahyana, en pleno trabajo de parto, sale de la casa que compart\u00eda con su pareja Luis Oron\u00e1 y su familia en la localidad de Unquillo. Oron\u00e1 la intercepta \u201c<em>dici\u00e9ndole que se suba al auto, que la llevaba al hospital y la termina llevando a un descampado donde ya hab\u00eda un colch\u00f3n, con la suciedad y dem\u00e1s en un descampado. La obliga a parir ah\u00ed, a la intemperie, imag\u00ednense el fr\u00edo, sin ninguna asistencia, con todo lo que implica parir y los cuidados que en general se tiene. Ella pari\u00f3 en esas condiciones. Cuando la nena nace, Oron\u00e1 se la lleva, porque su fundamento es que la hija no era de \u00e9l<\/em>\u201d.<\/p>\n<p>Cuando Oron\u00e1 regresa a la casa sin la nena, la situaci\u00f3n de Dahyana se complejiza a\u00fan m\u00e1s. Con la amenaza de no volver a ver a su hija, la obligan a peregrinar por los medios de comunicaci\u00f3n diciendo que hab\u00eda parido en el hospital, que le hab\u00edan dicho que la bebe hab\u00eda nacido muerta pero que no le quer\u00edan entregar el cuerpo. \u201c<em>Imag\u00ednense<\/em> -sugiere Chuburu- <em>la situaci\u00f3n de Dahyana y la desesperaci\u00f3n, que claramente hizo todo lo que le ped\u00edan. En esos primeros d\u00edas, Dahyana queda internada en el Hospital Rawson de la ciudad de C\u00f3rdoba por una severa infecci\u00f3n porque durante el parto le hab\u00eda quedado la placenta adentro de su cuerpo. Mientras estaba internada, se la imputa y se la incomunica<\/em>\u201d.<\/p>\n<p>Vale la pena detenerse en el modo en que la Fiscal\u00eda construye la acusaci\u00f3n, una formulaci\u00f3n que claramente se instala en la invisibilizaci\u00f3n absoluta de la situaci\u00f3n que atravesaba Dahyana. La integrante de la Mesa explica: \u201c<em>la imputaci\u00f3n que pesa sobre Dahyana es homicidio calificado por el v\u00ednculo por omisi\u00f3n. Lo que dice la Fiscal\u00eda en esta acusaci\u00f3n es que se la acusa por omisi\u00f3n, o sea, por no haber impedido que Oron\u00e1 se lleve a la nena y que despu\u00e9s le d\u00e9 muerte de alguna manera. La Fiscal\u00eda entiende que Dahyana no cumpli\u00f3 con su deber de buena madre. Todo exigi\u00e9ndole actos heroicos, teniendo en cuenta que ella no es que sufri\u00f3 esa violencia solamente, sino que ven\u00eda de reiteradas violencias. \u00bfC\u00f3mo ella <\/em>-se pregunta Agostina- <em>podr\u00eda haberla evitado, con el estado puerperal que significa una mujer reci\u00e9n pariendo, m\u00e1s las amenazas que sufr\u00eda?<\/em>\u201d<\/p>\n<p>El cuerpo de la beba aparece mientras Dahyana a\u00fan estaba internada. \u201c<em>En la casa de los Oron\u00e1<\/em> -contin\u00faa la entrevistada- <em>se hab\u00edan hecho tres allanamientos y no hab\u00edan encontrado nada, y reci\u00e9n en un cuarto allanamiento aparece el cuerpo de la nena en la casa. Ah\u00ed [Dahyana] se anoticia de que efectivamente la nena estaba sin vida. En ese momento, Dahyana, cuando se recupera de su infecci\u00f3n, es trasladada a la c\u00e1rcel de Bouwer y permaneci\u00f3 un a\u00f1o privada de su libertad<\/em>\u201d.<\/p>\n<p><strong>Libertad con perspectiva de g\u00e9nero<\/strong><\/p>\n<p>Las redes solidarias se activaron desde el primer momento en que trasciende la situaci\u00f3n de Dahyana. Agostina Chuburu comparte que lxs abogadxs del Espacio Jur\u00eddico Deodoro Roca tomaron la causa y conformaron, con otras organizaciones pol\u00edticas y sociales, la Mesa por la Libertad de Dahyana. Despu\u00e9s de casi un a\u00f1o exacto de su detenci\u00f3n, se logr\u00f3 la libertad de Dahyana y que espere el juicio en libertad.<\/p>\n<p>La C\u00e1mara que eleva la causa de Dahyana y Oron\u00e1 a juicio es la que, en un fallo de mayo de 2017, va a introducir en el relato jur\u00eddico de lo sucedido la perspectiva de g\u00e9nero. Chuburu explica que \u201c<em>de los tres camaristas, dos hombres y una mujer, la Dra. Far\u00eda, pide la absoluci\u00f3n porque claramente ella explica con perspectiva de g\u00e9nero todas las situaciones de violencia que ven\u00eda sufriendo Dahyana y que era obvio que no pod\u00eda hacer nada en ese momento (\u2026) Al menos Dahyana llega a juicio desde otro lugar, se tiene en cuenta su situaci\u00f3n<\/em>\u201d.<\/p>\n<p><strong>Actividades<\/strong><\/p>\n<p>Desde la Mesa, las tareas centrales en este momento pasan, por un lado, por difundir el hecho de que el lunes 27 tendr\u00e1 lugar la primera audiencia del juicio, para lo que se est\u00e1 convocando a acompa\u00f1ar la jornada con una concentraci\u00f3n en el edifico de Tribunales II de C\u00f3rdoba, donde se desarrollar\u00e1 una radio abierta y, al finalizar la audiencia, una conferencia de prensa.<\/p>\n<p>Previamente, explica Agostina, \u201c<em>estamos invitando a la marcha del s\u00e1bado 25 que es contra la violencia hacia las mujeres. Dentro de todos los pedidos de la marcha ac\u00e1 en C\u00f3rdoba, uno de ellos es la absoluci\u00f3n de Dahyana<\/em>\u201d.<\/p>\n<p>Agostina comparte que Dahyana est\u00e1 bien an\u00edmicamente. \u201c<em>Est\u00e1<\/em> -explica- <em>s\u00faper contenida por la Mesa de Trabajo, por distintas personas que la est\u00e1n acompa\u00f1ando. Est\u00e1 muy preocupada, no est\u00e1 acostumbrada a esto y mucho menos a formar parte de un juicio con todo lo que implica. Esa situaci\u00f3n la pone ansiosa, nerviosa y dem\u00e1s, pero est\u00e1 muy contenida. Empez\u00f3 a ir al colegio, est\u00e1 haciendo talleres, de costura, poni\u00e9ndose al tanto y estudiando las leyes de violencia. Ella est\u00e1 como encaminando su vida para poder salir de esta situaci\u00f3n<\/em>\u201d.<\/p>\n<div class='share-to-whatsapp-wrapper'><div class='share-on-whsp'>Share on: <\/div><div class='clear '><\/div><\/div>","protected":false},"excerpt":{"rendered":"<p>En el Enredando las Ma\u00f1anas abordamos junto a Agostina Chuburu, integrante de la Mesa de Trabajo por Absoluci\u00f3n de Dahyana Gorosito, la situaci\u00f3n de la joven de 21 a\u00f1os que ser\u00e1 juzgada a partir del 27 de noviembre por la muerte de su beba reci\u00e9n nacida. Una causa que se enmarca no s\u00f3lo en la [&hellip;]<\/p>\n","protected":false},"author":6,"featured_media":5025,"comment_status":"open","ping_status":"open","sticky":false,"template":"","format":"standard","meta":{"footnotes":""},"categories":[18,5],"tags":[904,908,903,94,567],"class_list":["post-5022","post","type-post","status-publish","format-standard","has-post-thumbnail","hentry","category-elm","category-transfeminismos","tag-absolucionparadahyana","tag-justiciapatriarcal","tag-dahyana-gorosito","tag-violencia","tag-violencia-de-genero"],"_links":{"self":[{"href":"https:\/\/zumbalaturba.com.ar\/index.php?rest_route=\/wp\/v2\/posts\/5022","targetHints":{"allow":["GET"]}}],"collection":[{"href":"https:\/\/zumbalaturba.com.ar\/index.php?rest_route=\/wp\/v2\/posts"}],"about":[{"href":"https:\/\/zumbalaturba.com.ar\/index.php?rest_route=\/wp\/v2\/types\/post"}],"author":[{"embeddable":true,"href":"https:\/\/zumbalaturba.com.ar\/index.php?rest_route=\/wp\/v2\/users\/6"}],"replies":[{"embeddable":true,"href":"https:\/\/zumbalaturba.com.ar\/index.php?rest_route=%2Fwp%2Fv2%2Fcomments&post=5022"}],"version-history":[{"count":0,"href":"https:\/\/zumbalaturba.com.ar\/index.php?rest_route=\/wp\/v2\/posts\/5022\/revisions"}],"wp:featuredmedia":[{"embeddable":true,"href":"https:\/\/zumbalaturba.com.ar\/index.php?rest_route=\/wp\/v2\/media\/5025"}],"wp:attachment":[{"href":"https:\/\/zumbalaturba.com.ar\/index.php?rest_route=%2Fwp%2Fv2%2Fmedia&parent=5022"}],"wp:term":[{"taxonomy":"category","embeddable":true,"href":"https:\/\/zumbalaturba.com.ar\/index.php?rest_route=%2Fwp%2Fv2%2Fcategories&post=5022"},{"taxonomy":"post_tag","embeddable":true,"href":"https:\/\/zumbalaturba.com.ar\/index.php?rest_route=%2Fwp%2Fv2%2Ftags&post=5022"}],"curies":[{"name":"wp","href":"https:\/\/api.w.org\/{rel}","templated":true}]}}