{"id":5069,"date":"2017-12-01T20:14:33","date_gmt":"2017-12-01T20:14:33","guid":{"rendered":"http:\/\/zumbalaturba.com.ar\/?p=5069"},"modified":"2017-12-01T20:14:33","modified_gmt":"2017-12-01T20:14:33","slug":"entrevista-a-dahyana-gorosito-2a-parte-de-la-soledad-y-el-dolor-a-nunca-mas-caminar-sola","status":"publish","type":"post","link":"https:\/\/zumbalaturba.com.ar\/?p=5069","title":{"rendered":"Entrevista a Dahyana Gorosito (2a parte): de la soledad y el dolor, a nunca m\u00e1s caminar sola"},"content":{"rendered":"<p><b>Fragmento final de la conversaci\u00f3n exclusiva que Dahyana tuvo con medios alternativos que acompa\u00f1an su lucha desde hace m\u00e1s de un a\u00f1o. El desconsuelo de perder una hija, la injusticia de ser acusada de ello y la esperanza de poder vivir una vida nueva donde ella decida.<\/b><\/p>\n<p style=\"text-align: right;\"><em><strong>Por <a href=\"https:\/\/libertadparadayana.wordpress.com\/2017\/11\/28\/dahyana-ahora-yo-tomo-mis-propias-decisiones-ahora-yo-decido\/\">Cobertura Colaborativa #Absoluci\u00f3nParaDahyana<\/a><\/strong><\/em><\/p>\n<p><img fetchpriority=\"high\" decoding=\"async\" class=\"wp-image-5072 aligncenter\" src=\"https:\/\/zumbalaturba.com.ar\/wp-content\/uploads\/2017\/12\/Dahyana-justicia--300x169.jpg\" alt=\"Dahyana justicia-\" width=\"517\" height=\"291\" srcset=\"https:\/\/zumbalaturba.com.ar\/wp-content\/uploads\/2017\/12\/Dahyana-justicia--300x169.jpg 300w, https:\/\/zumbalaturba.com.ar\/wp-content\/uploads\/2017\/12\/Dahyana-justicia--768x432.jpg 768w, https:\/\/zumbalaturba.com.ar\/wp-content\/uploads\/2017\/12\/Dahyana-justicia--1024x576.jpg 1024w, https:\/\/zumbalaturba.com.ar\/wp-content\/uploads\/2017\/12\/Dahyana-justicia-.jpg 1058w\" sizes=\"(max-width: 517px) 100vw, 517px\" \/><\/p>\n<p>Mientras concluye la primera semana de audiencias en la causa que investiga la participaci\u00f3n de Luis Oron\u00e1 y Dahyana Gorosito en la muerte de su beb\u00e9 Selene, recuperamos la historia de la joven de 22 a\u00f1os que fue obligada a parir en un descampado, le fue arrebatada su primera hija mujer y luego fue incriminada por su muerte. Una trama de violencia, sometimiento y opresi\u00f3n que exige un Poder Judicial con perspectiva de g\u00e9nero.<\/p>\n<p>Mayo de 2016. Luego de haber sido sometida a una semana de violencias interminables, que comenzaron con un parto inhumano, la desaparici\u00f3n y posterior hallazgo de su beba muerta y un sinf\u00edn de violencias institucionales, Dahyana fue llevada al pabell\u00f3n de mujeres de la C\u00e1rcel de Bouwer. All\u00ed debi\u00f3 permanecer casi un a\u00f1o en prisi\u00f3n preventiva ya que la fiscal <span class=\"_Tgc\">Mercedes Balestrini<\/span> consideraba que hab\u00eda riesgo de fuga aduciendo que Dahyana se hab\u00eda \u201cescapado del hospital\u201d. Sobre ese episodio, Dahyana cuenta que pu\u00e9rpera, sin saber d\u00f3nde estaba su hija, sin respuestas de las autoridades, y en el d\u00eda del cumplea\u00f1os de su hijo Luisito -quien todav\u00eda se hallaba en la casa delos Oron\u00e1- estaba desesperada por ir a Unquillo a buscar a sus hijxs. Pero nunca lleg\u00f3, una oficial de la polic\u00eda la intercept\u00f3 mientras se trasladaba en un colectivo interurbano.<\/p>\n<p><strong>Mientras Dahyana a\u00fan no se recuperaba de salud y afrontaba el dolor por la noticia de que su hija Selene estaba muerta -se enter\u00f3 del terrible hecho a trav\u00e9s de los medios, durante su internaci\u00f3n- afuera se levantaba una marea medi\u00e1tica que la juzgaba sin piedad, apoy\u00e1ndose en una Justicia que no dejaba de acusarla de \u201cmala madre\u201d. Nadie se acordaba de que Luis Oron\u00e1, el padre de esa beba, el que se la hab\u00eda llevado, tambi\u00e9n estaba detenido y acusado por homicidio agravado por el v\u00ednculo.<\/strong><\/p>\n<p>Dahyana estaba sola. No contaba con su familia materna, de la que hab\u00eda huido escapando de la violencia de su padrastro; tampoco contaba con su familia pol\u00edtica, la que en un principio fue contenci\u00f3n y que luego se transform\u00f3 en sometimiento, mentiras y extorsi\u00f3n con la muerte de su hija para cubrir a uno de los suyos.<\/p>\n<p>Pero algunas mujeres escucharon la voz de Dahyana, que bajito resonaba, y comenzaron a indagar en el hecho, en la historia de su vida, y a acercarle algunas cosas a la c\u00e1rcel. Aparecieron vecinas de Unquillo. Y luego un grupo de abogados y abogadas, y despu\u00e9s una red m\u00e1s grande de organizaciones sociales que conformaron, en ese entonces, la <strong>Mesa de Trabajo por la libertad de Dahyana<\/strong>. El objetivo era que \u00e9sta pudiese pasar la navidad del 2016 con su hijo Luisito, de qui\u00e9n estaba alejada desde ese tr\u00e1gico d\u00eda.<\/p>\n<p>La libertad lleg\u00f3 reci\u00e9n en mayo de este a\u00f1o, unos d\u00edas antes del cumplea\u00f1os de su hijo. Dahyana cuenta c\u00f3mo fue ese d\u00eda, en el que a las 10 de la ma\u00f1ana le informaron que ten\u00eda que salir \u201cde comisi\u00f3n\u201d, sin mayores explicaciones. S\u00f3lo las palabras de una de las guardias con las que ten\u00eda muy buena relaci\u00f3n le sonaron extra\u00f1as: <i>\u201cA lo mejor hoy no vas al colegio de ac\u00e1, pero pod\u00e9s ir a otro colegio\u201d.<\/i> El traslado lleg\u00f3 a destino y Dahyana continuaba especulando con lo que ese d\u00eda podr\u00eda ser, incluso pens\u00f3 que era el d\u00eda del juicio. Inesperadamente, aparecieron dos de sus abogadas con una sonrisa que no pod\u00edan ocultar (ella estaba a\u00fan m\u00e1s desconcertada).<strong> \u201cEl ayudante fiscal me le\u00eda un mont\u00f3n de cosas que yo no entend\u00eda, y yo las ve\u00eda a las abogadas que se re\u00edan (\u2026) Despu\u00e9s apareci\u00f3 la fiscal (Mercedes Balestrini) y me dijo que quedaba en libertad, que ten\u00eda que volver para el juicio. En ese momento, me largu\u00e9 a llorar\u201d. Afuera, la esperaban muchas mujeres para darle un abrazo y decirle, finalmente, que ya no estaba sola.<\/strong><\/p>\n<p><img decoding=\"async\" class=\"wp-image-5071 aligncenter\" src=\"https:\/\/zumbalaturba.com.ar\/wp-content\/uploads\/2017\/12\/Marcha-violencia-machista-mujeres-Colectivo-Manifiesto-06-300x199.jpg\" alt=\"Marcha-violencia-machista-mujeres-Colectivo-Manifiesto-06\" width=\"517\" height=\"343\" srcset=\"https:\/\/zumbalaturba.com.ar\/wp-content\/uploads\/2017\/12\/Marcha-violencia-machista-mujeres-Colectivo-Manifiesto-06-300x199.jpg 300w, https:\/\/zumbalaturba.com.ar\/wp-content\/uploads\/2017\/12\/Marcha-violencia-machista-mujeres-Colectivo-Manifiesto-06-768x509.jpg 768w, https:\/\/zumbalaturba.com.ar\/wp-content\/uploads\/2017\/12\/Marcha-violencia-machista-mujeres-Colectivo-Manifiesto-06.jpg 900w\" sizes=\"(max-width: 517px) 100vw, 517px\" \/><\/p>\n<p><b>Sentirse acompa\u00f1ada<\/b><\/p>\n<p>Al salir de la c\u00e1rcel de mujeres, Dahyana intent\u00f3 volver a la casa de su madre y sus hermanxs, pero poco tiempo le llev\u00f3 darse cuenta de que todo segu\u00eda igual. La violencia que el padre de sus hermanxs ejerc\u00eda sobre la familia no hab\u00eda cesado.<\/p>\n<p>Pero ahora ya hab\u00eda nuevas posibilidades, una familia nueva, compa\u00f1era.<b> Dahyana se refugi\u00f3 en aquellas mujeres que escucharon su voz y comenz\u00f3 a transitar un camino que nunca hab\u00eda tenido la oportunidad de conocer: el de la libertad. Pod\u00eda vivir por primera vez sola y tranquila, pero sabi\u00e9ndose acompa\u00f1ada por muchas. <\/b><\/p>\n<p>Nos cuenta que un d\u00eda regres\u00f3 a Bouwer por sus cosas y all\u00ed estaba todo. Sus compa\u00f1eras hab\u00edan guardado cada una de sus ropas, cuadros y fotos, e incluso los materiales con los que Dahyana hac\u00eda artesan\u00edas. Todo eso pas\u00f3 a formar parte de su nuevo hogar, adornado enteramente por fotos de sus momentos felices con quien es la causa de sus risas, su hijo Luisito.<\/p>\n<p>La tortura de estar un a\u00f1o separada de su hijo Luis no concluye a\u00fan. A Dahyana s\u00f3lo se le permiten algunas visitas semanales que actualmente no se est\u00e1n concretando, mientras Luisito est\u00e1 a cargo de la mam\u00e1 de Luis Oron\u00e1.<\/p>\n<p>Imaginar el futuro se vuelve algo hermoso y duro a la vez. A Dahyana se le retuerce el coraz\u00f3n al pensar en el juicio que hoy debe transitar, en todo este mal sue\u00f1o que la aleja de su hijo y que pone en vilo el futuro de su beb\u00e9 por nacer: \u201cEs como una tormenta que inici\u00f3 el d\u00eda que me llevaron presa sin saber porqu\u00e9, s\u00f3lo me dec\u00edan que yo era la madre\u201d. Dahyana fantasea que cuando esa tormenta pase, podr\u00e1 tener un futuro con sus hijos en el que finalmente pueda tomar sus propias decisiones.<br \/>\n<i>\u2014\u00bfQu\u00e9 te gustar\u00eda?<\/i><i><br \/>\n<\/i><i>\u2014 Tal vez pueda trabajar desde mi casa, para poder criar a mis hijos, porque se puede.<\/i><\/p>\n<p>De la misma manera en que todas sentimos hoy el dolor de Dahyana, ella comienza a sentir el de otras mujeres y nos cuenta que su vida ya nunca ser\u00e1 igual. Estamos cerca y estamos juntas, incluso a la distancia. Un caso tan cercano como el de <strong>Victoria Aguirre<\/strong> y su beba Selene la conmueve, pareciera que est\u00e1n hablando de su vida cuando, en realidad, es la vida de otra, pero parece y se siente como propia.<\/p>\n<p>Dayhana encontr\u00f3 su lugar rodeada de mujeres que ayudan a otras mujeres en situaciones de violencias. <strong>Un d\u00eda suyo se llena con trabajos de mantenimiento de un espacio cultural pensado para mujeres, con la meta de finalizar sus estudios secundarios y con el aprendizaje de acompa\u00f1ar a aquellas que transitan situaciones similares a las que ella vivi\u00f3.<\/strong><\/p>\n<p>Ella puede ver ahora cu\u00e1ntas son las violencias a las que las mujeres est\u00e1n sometidas cotidianamente e identifica incluso aquellas que nunca marc\u00f3 como tales, pero que vivi\u00f3 en carne propia. El aprendizaje es cotidiano, y duele. <b>Hoy su vida se ha vuelto suya, se teje en un \u201centre mujeres\u201d con el que camina y del cual toma fuerza para darle batalla a la violencia machista e institucional.<\/b><\/p>\n<p>Ver <a href=\"https:\/\/zumbalaturba.com.ar\/?p=5044\">entrevista a Dahyana (1a. parte)<\/a><\/p>\n<div class='share-to-whatsapp-wrapper'><div class='share-on-whsp'>Share on: <\/div><div class='clear '><\/div><\/div>","protected":false},"excerpt":{"rendered":"<p>Fragmento final de la conversaci\u00f3n exclusiva que Dahyana tuvo con medios alternativos que acompa\u00f1an su lucha desde hace m\u00e1s de un a\u00f1o. El desconsuelo de perder una hija, la injusticia de ser acusada de ello y la esperanza de poder vivir una vida nueva donde ella decida. Por Cobertura Colaborativa #Absoluci\u00f3nParaDahyana Mientras concluye la primera [&hellip;]<\/p>\n","protected":false},"author":6,"featured_media":5073,"comment_status":"open","ping_status":"open","sticky":false,"template":"","format":"standard","meta":{"footnotes":""},"categories":[5],"tags":[904,908,757,903],"class_list":["post-5069","post","type-post","status-publish","format-standard","has-post-thumbnail","hentry","category-transfeminismos","tag-absolucionparadahyana","tag-justiciapatriarcal","tag-cobertura-colaborativa","tag-dahyana-gorosito"],"_links":{"self":[{"href":"https:\/\/zumbalaturba.com.ar\/index.php?rest_route=\/wp\/v2\/posts\/5069","targetHints":{"allow":["GET"]}}],"collection":[{"href":"https:\/\/zumbalaturba.com.ar\/index.php?rest_route=\/wp\/v2\/posts"}],"about":[{"href":"https:\/\/zumbalaturba.com.ar\/index.php?rest_route=\/wp\/v2\/types\/post"}],"author":[{"embeddable":true,"href":"https:\/\/zumbalaturba.com.ar\/index.php?rest_route=\/wp\/v2\/users\/6"}],"replies":[{"embeddable":true,"href":"https:\/\/zumbalaturba.com.ar\/index.php?rest_route=%2Fwp%2Fv2%2Fcomments&post=5069"}],"version-history":[{"count":0,"href":"https:\/\/zumbalaturba.com.ar\/index.php?rest_route=\/wp\/v2\/posts\/5069\/revisions"}],"wp:featuredmedia":[{"embeddable":true,"href":"https:\/\/zumbalaturba.com.ar\/index.php?rest_route=\/wp\/v2\/media\/5073"}],"wp:attachment":[{"href":"https:\/\/zumbalaturba.com.ar\/index.php?rest_route=%2Fwp%2Fv2%2Fmedia&parent=5069"}],"wp:term":[{"taxonomy":"category","embeddable":true,"href":"https:\/\/zumbalaturba.com.ar\/index.php?rest_route=%2Fwp%2Fv2%2Fcategories&post=5069"},{"taxonomy":"post_tag","embeddable":true,"href":"https:\/\/zumbalaturba.com.ar\/index.php?rest_route=%2Fwp%2Fv2%2Ftags&post=5069"}],"curies":[{"name":"wp","href":"https:\/\/api.w.org\/{rel}","templated":true}]}}