{"id":5076,"date":"2017-11-27T20:48:15","date_gmt":"2017-11-27T20:48:15","guid":{"rendered":"http:\/\/zumbalaturba.com.ar\/?p=5076"},"modified":"2017-12-01T21:12:59","modified_gmt":"2017-12-01T21:12:59","slug":"dia-1-afuera-hicimos-el-aguante","status":"publish","type":"post","link":"https:\/\/zumbalaturba.com.ar\/?p=5076","title":{"rendered":"D\u00eda 1\/ Afuera hicimos el aguante"},"content":{"rendered":"<p><strong><i>Hoy, 27 de noviembre de 2017, comenz\u00f3 en Tribunales II de la ciudad de C\u00f3rdoba el juicio a Dahyana Gorosito, instancia que nos ten\u00eda expectantes y trabajando en redes a muchas organizaciones sociales y pol\u00edticas, al equipo de abogadxs, comunicadorxs, y \u00a0a la misma Dahy.<\/i><\/strong><\/p>\n<p>El d\u00eda nos acompa\u00f1\u00f3 con un sol radiante, viento fuerte, nubes y hasta con algunas gotas, como la intensidad cambiante de emociones que nos atravesaron a quienes estuvimos acompa\u00f1ando a Dahyana y siguiendo la primera audiencia del juicio, tanto adentro como afuera de Tribunales.<\/p>\n<p>En el acceso al edificio, cuando las personas de la Mesa se acercaban para entrar, efectivos policiales alegaban que ten\u00edan que pedir autorizaci\u00f3n especial para permitirlo, aunque simult\u00e1neamente ve\u00edamos c\u00f3mo segu\u00edan pasando otras personas a las que ni siquiera les preguntaba ad\u00f3nde se dirig\u00edan. Hab\u00edan visto la gente que se concentraba en las puertas de los tribunales y es sabido que ni a la polic\u00eda ni a lxs funcionarixs judiciales les gusta mucha gente junta y observando. Sin embargo, cuando empez\u00f3 la audiencia e ingresaron lxs familiares y allegadxs de lxs acusadxs y la prensa, quedaban todav\u00eda espacios vac\u00edos.<\/p>\n<p>Montamos desde temprano una radio abierta, circularon mates y reencuentros compa\u00f1eros mientras las voces en el micr\u00f3fono comenzaban a escucharse. La audiencia comenz\u00f3 a las 11hs e hicimos el aguante hasta el final, alrededor de las 15:30hs, cuando vimos a Dahyana y quienes estaban adentro salir, con caras cansadas pero con la sonrisa que da la lucha compartida.<\/p>\n<p><img fetchpriority=\"high\" decoding=\"async\" class=\"alignnone size-full wp-image-360\" src=\"https:\/\/libertadparadayana.files.wordpress.com\/2017\/11\/afuera-9.jpg\" alt=\"afuera 9\" width=\"2736\" height=\"1824\" \/><\/p>\n<p>En el transcurso de esas horas hubo m\u00e1s de un centenar de personas que se acercaron para dar su apoyo a Dahyana y pedir su absoluci\u00f3n, tomaron la palabra las compa\u00f1eras del Frente Popular Dar\u00edo Santillan, del Encuentro de Organizaciones, de La Colectiva y la ex legisladora provincial Liliana Oliveo. El micr\u00f3fono abierto tambi\u00e9n habilit\u00f3 que pudieran manifestarse varias organizaciones y familiares de otras v\u00edctimas de violencia machista y patriarcal. Escuchamos sobre abusos y situaciones doloros\u00edsimas en los que la justicia no hace honor a su nombre, y refuerza su modo de operar sin perspectiva de g\u00e9nero.<\/p>\n<p>Pudimos conocer de cerca la situaci\u00f3n de las madres organizadas de Ni Un Ni\u00f1@ M\u00e1s por los abusos de un profesor de m\u00fasica en un colegio de la ciudad, adem\u00e1s escuchamos y celebramos la dif\u00edcil decisi\u00f3n de las compa\u00f1eras de Marabunta de expulsar de ella a un miembro por sus acciones de violencia machista. Supimos del primer protocolo de un hospital de la ciudad para asistir a mujeres v\u00edctimas de violencias, que fue impulsado por Mujeres en Marcha, vecinas organizadas de Villa El Libertador, entre otras.<\/p>\n<p><img decoding=\"async\" class=\"alignnone size-full wp-image-352\" src=\"https:\/\/libertadparadayana.files.wordpress.com\/2017\/11\/afuera-3.jpg\" alt=\"afuera 3\" width=\"960\" height=\"640\" \/><\/p>\n<p>A partir del entrecruce de injusticias tambi\u00e9n se dio un entrecruce de reclamos hermanados, porque nuestra lucha feminista es profundamente anticolonialista, anticapitalista y antiimperialista. Es por eso que estuvo presente el grito de justicia por el asesinato del compa\u00f1ero mapuche Rafael Nahuel, en el marco de la brutal represi\u00f3n en Villa Mascardi por parte de un operativo a mano de Prefectura y Gendarmeria. Adem\u00e1s escuchamos a una madre desgarrada de dolor, por la muerte reciente de su hijo, Brian Menegazzo, en manos de la polic\u00eda de C\u00f3rdoba.<\/p>\n<p>\u00a1Cu\u00e1nta conmoci\u00f3n nos recorri\u00f3 el cuerpo cuando nos enteramos que Dahyana estuvo muy clara y firme en su declaraci\u00f3n! Que sus palabras fueron escuchadas, que la verdad de los hechos lleg\u00f3 a los o\u00eddos del jurado popular y de la jueza, que al fin pas\u00f3 ese momento, y que lo vivi\u00f3 como una guerrera. Por eso cuando sali\u00f3 se la ve\u00eda tranquila. Era porque est\u00e1bamos apoy\u00e1ndola y esperando verla, pero tambi\u00e9n porque estaba conforme de su relato, \u201cle puse el pecho\u201d nos cont\u00f3 sonriendo.<\/p>\n<p><img decoding=\"async\" class=\" wp-image-355 aligncenter\" src=\"https:\/\/libertadparadayana.files.wordpress.com\/2017\/11\/afuera-6.jpg\" alt=\"afuera 6\" width=\"367\" height=\"242\" \/><\/p>\n<p>Al final lxs abogadxs de la causa dieron una conferencia de prensa: \u201csi Dahyana queda libre no solo gana Dahyana, no solo ganamos lxs abogadxs de la causa, adem\u00e1s gana el movimiento de mujeres y gana empezar, al menos cada tanto, a sacar una para este lado entre tanta injusticia, desigualdades y violencias que se vienen viviendo\u201d. Nos confirmaron que fue una buena audiencia y tambi\u00e9n aclararon que todav\u00eda es muy pronto para decir algo en t\u00e9rminos jur\u00eddicos.<\/p>\n<p>El movimiento feminista organizado y la Mesa de Trabajo Absoluci\u00f3n para Dahyana seguiremos el d\u00eda a d\u00eda del juicio a Dahy \u00a1\u00a1Hasta conseguir su absoluci\u00f3n!!<\/p>\n<p><img loading=\"lazy\" decoding=\"async\" class=\"alignnone size-full wp-image-359\" src=\"https:\/\/libertadparadayana.files.wordpress.com\/2017\/11\/afuera-7.jpg\" alt=\"afuera 7\" width=\"2736\" height=\"1824\" \/><\/p>\n<p>&nbsp;<\/p>\n<p>&nbsp;<\/p>\n<div class='share-to-whatsapp-wrapper'><div class='share-on-whsp'>Share on: <\/div><div class='clear '><\/div><\/div>","protected":false},"excerpt":{"rendered":"<p>Hoy, 27 de noviembre de 2017, comenz\u00f3 en Tribunales II de la ciudad de C\u00f3rdoba el juicio a Dahyana Gorosito, instancia que nos ten\u00eda expectantes y trabajando en redes a muchas organizaciones sociales y pol\u00edticas, al equipo de abogadxs, comunicadorxs, y \u00a0a la misma Dahy. El d\u00eda nos acompa\u00f1\u00f3 con un sol radiante, viento fuerte, [&hellip;]<\/p>\n","protected":false},"author":6,"featured_media":5080,"comment_status":"open","ping_status":"open","sticky":false,"template":"","format":"standard","meta":{"footnotes":""},"categories":[5],"tags":[904,908,757,903],"class_list":["post-5076","post","type-post","status-publish","format-standard","has-post-thumbnail","hentry","category-transfeminismos","tag-absolucionparadahyana","tag-justiciapatriarcal","tag-cobertura-colaborativa","tag-dahyana-gorosito"],"_links":{"self":[{"href":"https:\/\/zumbalaturba.com.ar\/index.php?rest_route=\/wp\/v2\/posts\/5076","targetHints":{"allow":["GET"]}}],"collection":[{"href":"https:\/\/zumbalaturba.com.ar\/index.php?rest_route=\/wp\/v2\/posts"}],"about":[{"href":"https:\/\/zumbalaturba.com.ar\/index.php?rest_route=\/wp\/v2\/types\/post"}],"author":[{"embeddable":true,"href":"https:\/\/zumbalaturba.com.ar\/index.php?rest_route=\/wp\/v2\/users\/6"}],"replies":[{"embeddable":true,"href":"https:\/\/zumbalaturba.com.ar\/index.php?rest_route=%2Fwp%2Fv2%2Fcomments&post=5076"}],"version-history":[{"count":0,"href":"https:\/\/zumbalaturba.com.ar\/index.php?rest_route=\/wp\/v2\/posts\/5076\/revisions"}],"wp:featuredmedia":[{"embeddable":true,"href":"https:\/\/zumbalaturba.com.ar\/index.php?rest_route=\/wp\/v2\/media\/5080"}],"wp:attachment":[{"href":"https:\/\/zumbalaturba.com.ar\/index.php?rest_route=%2Fwp%2Fv2%2Fmedia&parent=5076"}],"wp:term":[{"taxonomy":"category","embeddable":true,"href":"https:\/\/zumbalaturba.com.ar\/index.php?rest_route=%2Fwp%2Fv2%2Fcategories&post=5076"},{"taxonomy":"post_tag","embeddable":true,"href":"https:\/\/zumbalaturba.com.ar\/index.php?rest_route=%2Fwp%2Fv2%2Ftags&post=5076"}],"curies":[{"name":"wp","href":"https:\/\/api.w.org\/{rel}","templated":true}]}}