{"id":5082,"date":"2017-11-27T20:49:39","date_gmt":"2017-11-27T20:49:39","guid":{"rendered":"http:\/\/zumbalaturba.com.ar\/?p=5082"},"modified":"2017-12-01T20:55:58","modified_gmt":"2017-12-01T20:55:58","slug":"dia-1-la-voz-de-dahyana-se-escucho-en-tribunales","status":"publish","type":"post","link":"https:\/\/zumbalaturba.com.ar\/?p=5082","title":{"rendered":"D\u00eda 1\/ La voz de Dahyana se escuch\u00f3 en Tribunales"},"content":{"rendered":"<p><em>Este lunes 27 de noviembre tuvo lugar la primera audiencia del juicio por jurados populares en el que Dahyana Gorosito y su ex pareja, Luis Oron\u00e1, son juzgadxs por la muerte de su hija reci\u00e9n nacida Selene. El primer d\u00eda de audiencia se vio atravesado por el testimonio en primera persona de Dahyana, que repas\u00f3 una por una las violencias a las que se vio sometidas durante su vida, su embarazo y su parto. Oron\u00e1, en tanto, se abstuvo de declarar, y de los cinco testigos citados, s\u00f3lo se present\u00f3 el polic\u00eda Fernando Andres Ruggiero.<\/em><\/p>\n<p style=\"text-align: right;\"><em><span style=\"font-size: small;\">Por cobertura colaborativa #Absoluci\u00f3nParaDahyana<\/span><\/em><\/p>\n<p>La sala estaba presidida por lxs integrantes del tribunal -Ana Mar\u00eda Lucero Offredi, Gabriela Bella y Gustavo Reinaldi-, \u00a0y once jurados populares de lxs doce citados (8 titulares y 3 suplentes). Sobre los costados, enfrentadxs, el fiscal Mariano Antu\u00f1a y lxs abogadxs de la defensa de Dahyana -Mariela Guevara y\u00a0\u00a0Sergio Job- y el abogado defensor de Jos\u00e9 Luis Oron\u00e1, Gast\u00f3n Sch\u00f6nfeld.<\/p>\n<p>Luego de que la presidenta del tribunal, la Dra. Lucero Offredi, diera por iniciada la audiencia y juramentara al jurado popular, el secretario present\u00f3 las partes, ley\u00f3 los hechos y el auto de la acusaci\u00f3n, en el que el juez de control caratulara la causa como homicidio calificado agravado por el v\u00ednculo.<\/p>\n<p><b><i>\u201cLos tribunales est\u00e1n obligados a \u00a0evaluar la prueba conforme a la perspectiva de g\u00e9nero\u201d<\/i><\/b><\/p>\n<p>La primera intervenci\u00f3n fue la presentaci\u00f3n de la acusaci\u00f3n, el fiscal Antu\u00f1a, quien hizo una serie de aclaraciones importantes en relaci\u00f3n al abordaje de la causa. al plantear en primer lugar que debe tenerse en cuenta que la descripci\u00f3n de los hechos le\u00edda momentos antes en la sala no es m\u00e1s que \u201cuna foto que no muestra toda la pel\u00edcula, que es m\u00e1s grande y viene de antes\u201d. A lo que agreg\u00f3, luego de se\u00f1alar la gravedad de la causa, que \u201chay que tener en cuenta una serie de cuestiones, en particular la violencia de g\u00e9nero\u201d. El fiscal manifest\u00f3 que por ley, por la Constituci\u00f3n y por los tratados internacionales, los tribunales est\u00e1n obligados a \u00a0evaluar la prueba en el proceso penal conforme a lo que se llama perspectiva de g\u00e9nero. En definitiva, parte de reconocer la necesidad de, m\u00e1s all\u00e1 del hecho reconocido por Dahyana, se debe aclarar su participaci\u00f3n en cuanto a lo subjetivo, es decir, \u201csi ella pudo haber hecho algo distinto o no de acuerdo a las circunstancias que viv\u00eda\u201d.<\/p>\n<p>Finaliz\u00f3 afirmando que la \u00fanica pena que cabe ante este delito es la de prisi\u00f3n perpetua, y que es imprescindible hacer justicia por la beba.<\/p>\n<p>&nbsp;<\/p>\n<p>Sergio Job, por la defensa de Dahyana, describi\u00f3 las situaciones de violencia y maltrato sufridas por la joven a lo largo de toda su vida, inicialmente en el seno de la familia materna y luego, desde los 14 a\u00f1os, en la vivienda de la familia Oron\u00e1, donde fue v\u00edctima de distintos tipos de violencia -f\u00edsica, ps\u00edquica y econ\u00f3mica- por parte de Jos\u00e9 Luis, 10 a\u00f1os mayor que ella, con quien inicia una relaci\u00f3n. Para la defensa, hay elementos suficientes para demostrar que el 19 de mayo de 2016 y en los d\u00edas que le siguieron, Dahyana actu\u00f3 coaccionada, amenazada y violentada y aclar\u00f3 que su acusaci\u00f3n \u201cno es por haber hecho algo, sino por haber omitido, sabiendo lo que ocurr\u00eda, omitir deliberadamente y de esa manera consentir pasivamente la muerte de la beba\u201d.<\/p>\n<p>Por eso, concluy\u00f3 dirigi\u00e9ndose al jurado popular, lo que cabe decidir es si Dahyana estaba en condiciones, en primer lugar, \u201cde saber que efectivamente Orona, el padre de sus hijos, iba a dejar morir de hipotermia a la ni\u00f1a -cosa que nosotros entendemos imposible- y en segundo lugar, decidir si ella estaba en condiciones, luego de haber dado a luz, de trenzarse en lucha o algo para impedir que se llevara esa ni\u00f1a de la que no tuvo m\u00e1s noticias hasta mucho tiempo despu\u00e9s. Eso es lo nodal de la causa\u201d.<\/p>\n<p>Finalmente, se refiri\u00f3 al fallo de elevaci\u00f3n a juicio de la causa, donde lxs vocales hicieron hincapi\u00e9 en la centralidad en esta causa de la perspectiva de g\u00e9nero.<\/p>\n<p>Por su parte, la estrategia que eligi\u00f3 la defensa de Luis Oron\u00e1 consiste en plantear que no puede establecerse su presencia en el lugar de los hechos.<\/p>\n<p><b>En nombre propio: la declaraci\u00f3n de Dahyana Gorosito<\/b><\/p>\n<p>Luego de establecer los datos personales de Dahyana Gorosito y Jos\u00e9 Luis Oron\u00e1, la presidenta del tribunal pregunt\u00f3 a Dahyana si quer\u00eda declarar, a lo que ella contest\u00f3 que s\u00ed, aunque no responder\u00eda preguntas. Dahyana volvi\u00f3 a repasar todos los hechos sucedidos desde la noche del 18 de mayo cuando empez\u00f3 su trabajo de parto. Los dolores, las contracciones, la desesperaci\u00f3n que hicieron que alrededor de las 7 de la ma\u00f1ana del 19 ante la negativa de su entonces pareja, Oron\u00e1, de acercarla al hospital, saliera sola a pie hacia el dispensario. El momento en que Oron\u00e1 la hace subir al auto, unas cuadras despu\u00e9s, dici\u00e9ndole que la llevar\u00eda al hospital, para dirigirse, en realidad, al descampado donde dio a luz a su beba. El miedo. El llanto. Los gritos de Oron\u00e1 afirmando que no quer\u00eda a esa beba porque no era de \u00e9l, que no la iba a tener. La rotura de la bolsa. El parto. Sola. A la intemperie. En el suelo, sobre un trapo. Sin asistencia m\u00e9dica. El nacimiento de Selene. Limpiarle el rostro. Envolverla, abrigarla. Oron\u00e1 cortando el cord\u00f3n con la misma tijera con que la amenazaba y llev\u00e1ndose a Selene. El desvanecimiento. El regreso a la vivienda, cerca del mediod\u00eda. Los d\u00edas posteriores, donde la tuvieron -bajo amenaza de no volver a ver a sus hijxs- denunciando en los medios y ante la polic\u00eda algo que nunca hab\u00eda sucedido: que su hija hab\u00eda nacido en el Hospital de Unquillo, que se la hab\u00edan mostrado muerta, que ella se hab\u00eda ido voluntariamente del hospital y que no le entregaban el cuerpo. Su internaci\u00f3n por un cuadro infeccioso que pudo costarle la vida. Su hu\u00edda del hospital para ir a ver a su hijo Luisito el d\u00eda de su cumplea\u00f1os y para recuperar a su hija. Por momentos su voz se quiebra. Toma agua, respira y contin\u00faa con el relato. La noticia del hallazgo del cuerpo de su hija. Sola. Por la televisi\u00f3n de una compa\u00f1era de cuarto del hospital. La c\u00e1rcel. Uno de los aspectos que se destacan de su relato, es que mientras se difund\u00eda la versi\u00f3n de la desaparici\u00f3n de la beba, nunca tuvo la posibilidad de declarar sola, libre de las presiones de Luis Oron\u00e1 y su familia, ante nadie. Ni en el hospital, ni en la seccional policial. En la primera oportunidad que tuvo, en la ambulancia volviendo al hospital, cont\u00f3 todo.<\/p>\n<p><img decoding=\"async\" class=\"alignnone size-full wp-image-333\" src=\"https:\/\/libertadparadayana.files.wordpress.com\/2017\/11\/dahy-latfem.jpg?w=900\" sizes=\"(max-width: 900px) 100vw, 900px\" srcset=\"https:\/\/libertadparadayana.files.wordpress.com\/2017\/11\/dahy-latfem.jpg?w=900 900w, https:\/\/libertadparadayana.files.wordpress.com\/2017\/11\/dahy-latfem.jpg?w=150 150w, https:\/\/libertadparadayana.files.wordpress.com\/2017\/11\/dahy-latfem.jpg?w=300 300w, https:\/\/libertadparadayana.files.wordpress.com\/2017\/11\/dahy-latfem.jpg?w=768 768w, https:\/\/libertadparadayana.files.wordpress.com\/2017\/11\/dahy-latfem.jpg 930w\" alt=\"dahy latfem\" data-attachment-id=\"333\" data-permalink=\"https:\/\/libertadparadayana.wordpress.com\/medios\/dahy-latfem\/\" data-orig-file=\"https:\/\/libertadparadayana.files.wordpress.com\/2017\/11\/dahy-latfem.jpg?w=900\" data-orig-size=\"930,340\" data-comments-opened=\"1\" data-image-meta=\"{&quot;aperture&quot;:&quot;0&quot;,&quot;credit&quot;:&quot;&quot;,&quot;camera&quot;:&quot;&quot;,&quot;caption&quot;:&quot;&quot;,&quot;created_timestamp&quot;:&quot;0&quot;,&quot;copyright&quot;:&quot;&quot;,&quot;focal_length&quot;:&quot;0&quot;,&quot;iso&quot;:&quot;0&quot;,&quot;shutter_speed&quot;:&quot;0&quot;,&quot;title&quot;:&quot;&quot;,&quot;orientation&quot;:&quot;0&quot;}\" data-image-title=\"dahy latfem\" data-image-description=\"\" data-medium-file=\"https:\/\/libertadparadayana.files.wordpress.com\/2017\/11\/dahy-latfem.jpg?w=900?w=300\" data-large-file=\"https:\/\/libertadparadayana.files.wordpress.com\/2017\/11\/dahy-latfem.jpg?w=900?w=900\" \/><\/p>\n<p>Es dif\u00edcil reproducir todo lo que dijo Dahyana. Pero elegimos transcribir las \u00faltimas palabras que dirigi\u00f3 al jurado popular y al tribunal: \u201cA lo mejor hoy me doy cuenta, porque antes viv\u00eda situaciones de violencia con mis padres. Y con \u00e9l tambi\u00e9n. Y no me daba cuenta. Ahora yo tomo mis propias decisiones, ahora yo decido. Nadie me manda ni nadie me tiene a los golpes, ni nadie me discrimina. Ahora es otra cosa. Antes no pod\u00eda ir al colegio y ahora s\u00ed. Ahora soy m\u00e1s independiente que antes. Con todo lo que me pas\u00f3, dos hijos perd\u00ed, porque tampoco lo tengo al otro. Todo lo que me pas\u00f3 y ahora me doy cuenta de todas las cosas que ten\u00eda que decir, que era manipulada todo el tiempo. Hoy me doy cuenta\u201d<\/p>\n<p>Jos\u00e9 Luis Orona, ante la pregunta de la presidenta del tribunal, se abstiene de declarar. Se lee su declaraci\u00f3n original. Lo \u00fanico que afirma ante el jurado es \u201cLo que dice Dahyana es todo mentira\u201d.<\/p>\n<p><img fetchpriority=\"high\" decoding=\"async\" class=\" wp-image-346 aligncenter\" src=\"https:\/\/libertadparadayana.files.wordpress.com\/2017\/11\/orona2.jpg?w=415&amp;h=276\" sizes=\"(max-width: 415px) 100vw, 415px\" srcset=\"https:\/\/libertadparadayana.files.wordpress.com\/2017\/11\/orona2.jpg 320w, https:\/\/libertadparadayana.files.wordpress.com\/2017\/11\/orona2.jpg?w=150&amp;h=100 150w, https:\/\/libertadparadayana.files.wordpress.com\/2017\/11\/orona2.jpg?w=300&amp;h=200 300w\" alt=\"orona2\" width=\"415\" height=\"276\" data-attachment-id=\"346\" data-permalink=\"https:\/\/libertadparadayana.wordpress.com\/2017\/11\/28\/dia-1-la-voz-de-dahyana-se-escucho-en-tribunales\/orona2\/\" data-orig-file=\"https:\/\/libertadparadayana.files.wordpress.com\/2017\/11\/orona2.jpg?w=415&amp;h=276\" data-orig-size=\"320,213\" data-comments-opened=\"1\" data-image-meta=\"{&quot;aperture&quot;:&quot;0&quot;,&quot;credit&quot;:&quot;&quot;,&quot;camera&quot;:&quot;&quot;,&quot;caption&quot;:&quot;&quot;,&quot;created_timestamp&quot;:&quot;0&quot;,&quot;copyright&quot;:&quot;&quot;,&quot;focal_length&quot;:&quot;0&quot;,&quot;iso&quot;:&quot;0&quot;,&quot;shutter_speed&quot;:&quot;0&quot;,&quot;title&quot;:&quot;&quot;,&quot;orientation&quot;:&quot;0&quot;}\" data-image-title=\"orona2\" data-image-description=\"\" data-medium-file=\"https:\/\/libertadparadayana.files.wordpress.com\/2017\/11\/orona2.jpg?w=415&amp;h=276?w=300\" data-large-file=\"https:\/\/libertadparadayana.files.wordpress.com\/2017\/11\/orona2.jpg?w=415&amp;h=276?w=320\" \/><\/p>\n<p><b><i>\u201cLo \u00fanico que puedo afirmar con certeza es que tuvo familia ah\u00ed, el descampado\u201d<\/i><\/b><\/p>\n<p>Finalmente declar\u00f3 el \u00fanico testigo presente de los cinco citados para esa jornada. Los otros \u00a0cuatro se encuentran eran el polic\u00eda Alejandro Sanz Bidart, quien recibiera la denuncia de la desaparici\u00f3n de la beba; el subdirector del Hospital de unquillo Juan Carlos \u00c1valos; Ricardo Dar\u00edo Herrera y Norberto Rodr\u00edguez, testigos de la defensa de Luis Oron\u00e1. Se acord\u00f3 reprogramar las citaciones.<\/p>\n<p>La \u00faltima voz que se escuch\u00f3 durante esta primera jornada fue la del polic\u00eda Fernando Andres Ruggiero, el integrante del Departamento Homicidios de la polic\u00eda provincial que tuvo a cargo gran parte de la investigaci\u00f3n. Por su tarea, estuvo presente en la mayor\u00eda de los procedimientos realizados, primero en la b\u00fasqueda de la beba supuestamente desaparecida y una vez hallado el cuerpo, en las indagaciones por su muerte. Estos incluyeron allanamientos al hospital de Unquillo y en reiteradas ocasiones a la vivienda de la familia Oron\u00e1, as\u00ed como una encuesta vecinal.<\/p>\n<p>A pesar de que su discurso estaba cargado de valoraciones y prejuicios hacia la persona de Dahyana y despejando su manifiesta animosidad contra ella -gracias a certeras preguntas aclaratorias de la defensa-, hubo varios puntos que quedaron claros a partir de su testimonio.<\/p>\n<p><img decoding=\"async\" class=\" wp-image-347 aligncenter\" src=\"https:\/\/libertadparadayana.files.wordpress.com\/2017\/11\/poli.jpg?w=385&amp;h=256\" sizes=\"(max-width: 385px) 100vw, 385px\" srcset=\"https:\/\/libertadparadayana.files.wordpress.com\/2017\/11\/poli.jpg 320w, https:\/\/libertadparadayana.files.wordpress.com\/2017\/11\/poli.jpg?w=150&amp;h=100 150w, https:\/\/libertadparadayana.files.wordpress.com\/2017\/11\/poli.jpg?w=300&amp;h=200 300w\" alt=\"poli\" width=\"385\" height=\"256\" data-attachment-id=\"347\" data-permalink=\"https:\/\/libertadparadayana.wordpress.com\/2017\/11\/28\/dia-1-la-voz-de-dahyana-se-escucho-en-tribunales\/poli\/\" data-orig-file=\"https:\/\/libertadparadayana.files.wordpress.com\/2017\/11\/poli.jpg?w=385&amp;h=256\" data-orig-size=\"320,213\" data-comments-opened=\"1\" data-image-meta=\"{&quot;aperture&quot;:&quot;0&quot;,&quot;credit&quot;:&quot;&quot;,&quot;camera&quot;:&quot;&quot;,&quot;caption&quot;:&quot;&quot;,&quot;created_timestamp&quot;:&quot;0&quot;,&quot;copyright&quot;:&quot;&quot;,&quot;focal_length&quot;:&quot;0&quot;,&quot;iso&quot;:&quot;0&quot;,&quot;shutter_speed&quot;:&quot;0&quot;,&quot;title&quot;:&quot;&quot;,&quot;orientation&quot;:&quot;0&quot;}\" data-image-title=\"poli\" data-image-description=\"\" data-medium-file=\"https:\/\/libertadparadayana.files.wordpress.com\/2017\/11\/poli.jpg?w=385&amp;h=256?w=300\" data-large-file=\"https:\/\/libertadparadayana.files.wordpress.com\/2017\/11\/poli.jpg?w=385&amp;h=256?w=320\" \/><\/p>\n<p>En primer lugar, de la investigaci\u00f3n policial surge con claridad que Dahyana efectivamente estuvo en el descampado y que dio a luz all\u00ed a su beba. Aunque el polic\u00eda insist\u00eda en que la \u00fanica persona cuya presencia pod\u00eda afirmarse fehacientemente en el lugar del parto era Dahyana, no pudo evitar reconocer que la joven hab\u00eda necesitado asistencia de alguien y que no hab\u00eda modo de afirmar con certeza que ella hubiera llegado hasta all\u00ed por voluntad propia y no forzada.<\/p>\n<p>Por otro lado, la aplicaci\u00f3n de la t\u00e9cnica de luminol (que permite identificar material gen\u00e9tico, como sangre) evidenci\u00f3 varias muestras compatibles con sangre en el veh\u00edculo Renault 12 que manejaba Oron\u00e1 en mayo de 2016.<\/p>\n<p>Otro dato relevante es que antes del hallazgo del cuerpo de Selene el 5 de junio -cuando Dahyana estaba internada y Luis ya en Bouwer-, se hab\u00edan realizado tres allanamientos en el domicilio de la familia con resultados negativos. Para el efectivo policial, es muy poco probable que el cuerpo haya estado all\u00ed en esas instancias, \u201cporque el personal busca en forma insistente o meticulosa en todos los recovecos\u201d. Lo que indica que alguien m\u00e1s llev\u00f3 con posterioridad el cuerpo de Selene.<\/p>\n<p>Finalmente, pero no menor, se hizo referencia a algunas conversaciones transcriptas de las escuchas telef\u00f3nicas que se mantuvieron durante alrededor de un mes de la l\u00ednea familiar de lxs Oron\u00e1. La transcripci\u00f3n de la llamada en que dos integrantes de la familia hablaban acerca de la posible contrataci\u00f3n de un abogado para Luis, Ruggiero sostuvo en su declaraci\u00f3n original que afirmaron que \u201cel abogado les cobrara 1000 pesos para defenderlo a Luis, 1000 para defenderlo a Jes\u00fas y les prove\u00eda de dos testigos para que digan que lo vieron salir, Sergio y la Negra, que dijeron que s\u00ed, que no hab\u00eda problema\u201d.<\/p>\n<p>La audiencia termin\u00f3 con esta declaraci\u00f3n alrededor de las 15:30 hs., momento en el que Dahyana y quienes la acompa\u00f1aban se dirigieron a los gacebos instalados en las puertas de los tribunales donde la esperaban compa\u00f1erxs de distintas organizaciones. Dahyana sali\u00f3 tranquila, sabiendo que ese d\u00eda -al fin- su palabra hab\u00eda podido hacerse lugar.<\/p>\n<div class='share-to-whatsapp-wrapper'><div class='share-on-whsp'>Share on: <\/div><div class='clear '><\/div><\/div>","protected":false},"excerpt":{"rendered":"<p>Este lunes 27 de noviembre tuvo lugar la primera audiencia del juicio por jurados populares en el que Dahyana Gorosito y su ex pareja, Luis Oron\u00e1, son juzgadxs por la muerte de su hija reci\u00e9n nacida Selene. El primer d\u00eda de audiencia se vio atravesado por el testimonio en primera persona de Dahyana, que repas\u00f3 [&hellip;]<\/p>\n","protected":false},"author":6,"featured_media":5083,"comment_status":"open","ping_status":"open","sticky":false,"template":"","format":"standard","meta":{"footnotes":""},"categories":[5],"tags":[904,908,757,903],"class_list":["post-5082","post","type-post","status-publish","format-standard","has-post-thumbnail","hentry","category-transfeminismos","tag-absolucionparadahyana","tag-justiciapatriarcal","tag-cobertura-colaborativa","tag-dahyana-gorosito"],"_links":{"self":[{"href":"https:\/\/zumbalaturba.com.ar\/index.php?rest_route=\/wp\/v2\/posts\/5082","targetHints":{"allow":["GET"]}}],"collection":[{"href":"https:\/\/zumbalaturba.com.ar\/index.php?rest_route=\/wp\/v2\/posts"}],"about":[{"href":"https:\/\/zumbalaturba.com.ar\/index.php?rest_route=\/wp\/v2\/types\/post"}],"author":[{"embeddable":true,"href":"https:\/\/zumbalaturba.com.ar\/index.php?rest_route=\/wp\/v2\/users\/6"}],"replies":[{"embeddable":true,"href":"https:\/\/zumbalaturba.com.ar\/index.php?rest_route=%2Fwp%2Fv2%2Fcomments&post=5082"}],"version-history":[{"count":0,"href":"https:\/\/zumbalaturba.com.ar\/index.php?rest_route=\/wp\/v2\/posts\/5082\/revisions"}],"wp:featuredmedia":[{"embeddable":true,"href":"https:\/\/zumbalaturba.com.ar\/index.php?rest_route=\/wp\/v2\/media\/5083"}],"wp:attachment":[{"href":"https:\/\/zumbalaturba.com.ar\/index.php?rest_route=%2Fwp%2Fv2%2Fmedia&parent=5082"}],"wp:term":[{"taxonomy":"category","embeddable":true,"href":"https:\/\/zumbalaturba.com.ar\/index.php?rest_route=%2Fwp%2Fv2%2Fcategories&post=5082"},{"taxonomy":"post_tag","embeddable":true,"href":"https:\/\/zumbalaturba.com.ar\/index.php?rest_route=%2Fwp%2Fv2%2Ftags&post=5082"}],"curies":[{"name":"wp","href":"https:\/\/api.w.org\/{rel}","templated":true}]}}