{"id":5091,"date":"2017-12-04T00:10:08","date_gmt":"2017-12-04T00:10:08","guid":{"rendered":"http:\/\/zumbalaturba.com.ar\/?p=5091"},"modified":"2017-12-04T00:10:08","modified_gmt":"2017-12-04T00:10:08","slug":"jazz-alarde-del-momento-y-registros-que-perduran","status":"publish","type":"post","link":"https:\/\/zumbalaturba.com.ar\/?p=5091","title":{"rendered":"Jazz, alarde del momento y registros que perduran"},"content":{"rendered":"<p style=\"padding-left: 150px;\"><span style=\"font-size: 14pt;\"><em>El jazz es una m\u00fasica que hace alarde del momento. Lo mejor es aquello que ya no vuelve a suceder. La creaci\u00f3n es parte del contexto, es inseparable de las circunstancias. Pero hay momentos que perduran, que siguen sonando y que pasan a formar parte de una especie de patrimonio, de un acervo sonoro, el capital hist\u00f3rico acumulado de una m\u00fasica\u2026 Para abrir este programa n\u00famero 121 de <\/em><strong>La Nota Azul<\/strong><em>, del s\u00e1bado 2 de diciembre de 2017, suena <\/em><strong>Gerry Mulligan Quartet<\/strong><em>, <strong>en vivo en C\u00f3rdoba, a\u00f1o 1985<\/strong>.<\/em><\/span><\/p>\n<p><iframe id=\"audio_22426432\" style=\"border: 1px solid #EEE; box-sizing: border-box; width: 100%;\" src=\"https:\/\/ar.ivoox.com\/es\/player_ej_22426432_4_1.html?c1=ff6600\" width=\"300\" height=\"200\" frameborder=\"0\" scrolling=\"no\" allowfullscreen=\"allowfullscreen\"><\/iframe><\/p>\n<p><span style=\"font-size: 14pt;\"><img fetchpriority=\"high\" decoding=\"async\" class=\"alignleft wp-image-1332\" src=\"http:\/\/lanotaazul.com.ar\/wp-content\/uploads\/2017\/12\/Gerry-Mulligan-2.jpg\" alt=\"\" width=\"204\" height=\"314\" \/>Comenzamos con este documento hist\u00f3rico, que resulta hoy ya una reliquia: el registro de un concierto del <strong>Gerry Mulligan Quartet<\/strong> en vivo en C\u00f3rdoba en el <em>Teatro Libertador San Mart\u00edn<\/em> el 20 de agosto de 1985. Una m\u00fasica justa para aliviarnos un poco el peso de extra\u00f1ar ese teatro, que estar\u00e1 cerrado por un tiempo por refacciones. Al saxo bar\u00edtono de <strong>Gerry Mulligan<\/strong> se sumaban en este concierto <strong>Michael Formanek<\/strong> en contrabajo, <strong>Richie deRosa<\/strong> en bater\u00eda y <strong>Bill Mays<\/strong> en el piano. Debemos esta grabaci\u00f3n a <strong>Lucio Carnicer<\/strong>, que nos cuenta de primera mano c\u00f3mo lleg\u00f3 a ella. Para disfrutar y atesorar.<\/span><\/p>\n<p><span style=\"font-size: 14pt;\">Luego entrevistamos nada menos que a <strong>Hern\u00e1n Merlo<\/strong>, contrabajista y compositor, referente indiscutido del jazz en Argentina. Presentamos <strong><em>Lucha de Luces<\/em><\/strong>, el nuevo disco lanzado con su tr\u00edo, que re\u00fane <strong>Hern\u00e1n Filipelli<\/strong> en guitarra y <strong>Ferm\u00edn Merlo<\/strong> en bater\u00eda, con la participaci\u00f3n especial de <strong>Tony Malaby<\/strong> en los saxos tenor y soprano. Dialogamos con <strong>Hern\u00e1n Merlo<\/strong> acerca de la grabaci\u00f3n de esta m\u00fasica, el aporte de Malaby, el repertorio del \u00e1lbum, su carrera y su trabajo discogr\u00e1fico. Una jugosa entrevista con un grande que le da forma a nuestro jazz.<\/span><\/p>\n<p><img decoding=\"async\" class=\"aligncenter size-large wp-image-1345\" src=\"http:\/\/lanotaazul.com.ar\/wp-content\/uploads\/2017\/12\/Hern\u00e1n-Merlo-1024x577.jpeg\" alt=\"\" width=\"640\" height=\"361\" \/><\/p>\n<p>&nbsp;<\/p>\n<p><span style=\"font-size: 14pt;\">A continuaci\u00f3n presentamos lo nuevo de <strong>El Sos\u00edas<\/strong>, d\u00fao de jazz de Mendoza que integran los hermanos <strong>Osvaldo<\/strong> y <strong>Rodolfo Tornello<\/strong>, en piano y saxos respectivamente. El <strong>Jazz Federal Club<\/strong> trae el nuevo trabajo discogr\u00e1fico del d\u00fao, titulado <em><strong>El C\u00edclope y el Barco de Humo<\/strong><\/em>, que viene a ser ya el noveno de su cat\u00e1logo y el quinto de la serie que llaman <em>jazz de autor<\/em>. Contamos adem\u00e1s con la palabra en primera persona de <strong>Osvaldo Tornello<\/strong> para referir al disco y anunciar los planes futuros del d\u00fao, con giras por Salta y Jujuy y nuevas producciones.<\/span><\/p>\n<p><img decoding=\"async\" class=\"aligncenter wp-image-1331\" src=\"http:\/\/lanotaazul.com.ar\/wp-content\/uploads\/2017\/12\/el-sos\u00edas-el-c\u00edclope.jpg\" alt=\"\" width=\"577\" height=\"325\" \/><\/p>\n<p><span style=\"font-size: 14pt;\">Otra novedad discogr\u00e1fica llega con <strong>Steve Coleman&#8217;s Natal Eclipse<\/strong> y su \u00e1lbum <strong><em>Morphogenesis<\/em><\/strong>, lanzado este a\u00f1o 2017 por el sello <em>Pi Recordings<\/em>. El gran saxofonista <strong>Steve Coleman<\/strong> desarrolla esta m\u00fasica en base al boxeo como inspiraci\u00f3n tem\u00e1tica y compositiva.<\/span><\/p>\n<p><span style=\"font-size: 14pt;\">Para el cierre llega el d\u00fao <strong>Yussef Kamaal<\/strong> de Londres con una m\u00fasica que apunta hacia el jazz-funk. De ellos suena su \u00e1lbum <strong><em>Black Focus<\/em><\/strong>, lanzado a finales del 2016.<\/span><\/p>\n<div id='gallery-1' class='gallery galleryid-5091 gallery-columns-2 gallery-size-medium'><figure class='gallery-item'>\n\t\t\t<div class='gallery-icon landscape'>\n\t\t\t\t<img loading=\"lazy\" decoding=\"async\" width=\"300\" height=\"300\" src=\"https:\/\/zumbalaturba.com.ar\/wp-content\/uploads\/2017\/12\/Steve-Coleman-2-300x300.jpg\" class=\"attachment-medium size-medium\" alt=\"\" srcset=\"https:\/\/zumbalaturba.com.ar\/wp-content\/uploads\/2017\/12\/Steve-Coleman-2-300x300.jpg 300w, https:\/\/zumbalaturba.com.ar\/wp-content\/uploads\/2017\/12\/Steve-Coleman-2-768x768.jpg 768w, https:\/\/zumbalaturba.com.ar\/wp-content\/uploads\/2017\/12\/Steve-Coleman-2-1024x1024.jpg 1024w, https:\/\/zumbalaturba.com.ar\/wp-content\/uploads\/2017\/12\/Steve-Coleman-2.jpg 1200w\" sizes=\"(max-width: 300px) 100vw, 300px\" \/>\n\t\t\t<\/div><\/figure><figure class='gallery-item'>\n\t\t\t<div class='gallery-icon landscape'>\n\t\t\t\t<img loading=\"lazy\" decoding=\"async\" width=\"300\" height=\"300\" src=\"https:\/\/zumbalaturba.com.ar\/wp-content\/uploads\/2017\/12\/Yussef-Kamaal-300x300.jpg\" class=\"attachment-medium size-medium\" alt=\"\" srcset=\"https:\/\/zumbalaturba.com.ar\/wp-content\/uploads\/2017\/12\/Yussef-Kamaal-300x300.jpg 300w, https:\/\/zumbalaturba.com.ar\/wp-content\/uploads\/2017\/12\/Yussef-Kamaal-768x768.jpg 768w, https:\/\/zumbalaturba.com.ar\/wp-content\/uploads\/2017\/12\/Yussef-Kamaal-1024x1024.jpg 1024w, https:\/\/zumbalaturba.com.ar\/wp-content\/uploads\/2017\/12\/Yussef-Kamaal.jpg 1200w\" sizes=\"(max-width: 300px) 100vw, 300px\" \/>\n\t\t\t<\/div><\/figure>\n\t\t<\/div>\n\n<p>&nbsp;<\/p>\n<p><span style=\"font-size: 14pt;\">Todo eso y mucho m\u00e1s en dos intensas horas de jazz, m\u00fasica y radio.<\/span><\/p>\n<p>&nbsp;<\/p>\n<p style=\"text-align: center;\"><span style=\"font-size: 14pt;\"><a href=\"http:\/\/lanotaazul.com.ar\/programas\/jazz-alarde-del-momento-y-registros-que-perduran\/\" target=\"_blank\" rel=\"noopener noreferrer\"><em><strong>ESCUCHALO TAMBI\u00c9N POR AC\u00c1<\/strong><\/em><\/a><\/span><\/p>\n<div class='share-to-whatsapp-wrapper'><div class='share-on-whsp'>Share on: <\/div><div class='clear '><\/div><\/div>","protected":false},"excerpt":{"rendered":"<p>El jazz es una m\u00fasica que hace alarde del momento. Lo mejor es aquello que ya no vuelve a suceder. La creaci\u00f3n es parte del contexto, es inseparable de las circunstancias. Pero hay momentos que perduran, que siguen sonando y que pasan a formar parte de una especie de patrimonio, de un acervo sonoro, el [&hellip;]<\/p>\n","protected":false},"author":14,"featured_media":5092,"comment_status":"open","ping_status":"open","sticky":false,"template":"","format":"standard","meta":{"footnotes":""},"categories":[261],"tags":[81,52,293,305,296,166],"class_list":["post-5091","post","type-post","status-publish","format-standard","has-post-thumbnail","hentry","category-la-nota-azul","tag-agenda-cultural","tag-cultura","tag-jazz","tag-jazz-federal-club","tag-la-nota-azul","tag-musica"],"_links":{"self":[{"href":"https:\/\/zumbalaturba.com.ar\/index.php?rest_route=\/wp\/v2\/posts\/5091","targetHints":{"allow":["GET"]}}],"collection":[{"href":"https:\/\/zumbalaturba.com.ar\/index.php?rest_route=\/wp\/v2\/posts"}],"about":[{"href":"https:\/\/zumbalaturba.com.ar\/index.php?rest_route=\/wp\/v2\/types\/post"}],"author":[{"embeddable":true,"href":"https:\/\/zumbalaturba.com.ar\/index.php?rest_route=\/wp\/v2\/users\/14"}],"replies":[{"embeddable":true,"href":"https:\/\/zumbalaturba.com.ar\/index.php?rest_route=%2Fwp%2Fv2%2Fcomments&post=5091"}],"version-history":[{"count":0,"href":"https:\/\/zumbalaturba.com.ar\/index.php?rest_route=\/wp\/v2\/posts\/5091\/revisions"}],"wp:featuredmedia":[{"embeddable":true,"href":"https:\/\/zumbalaturba.com.ar\/index.php?rest_route=\/wp\/v2\/media\/5092"}],"wp:attachment":[{"href":"https:\/\/zumbalaturba.com.ar\/index.php?rest_route=%2Fwp%2Fv2%2Fmedia&parent=5091"}],"wp:term":[{"taxonomy":"category","embeddable":true,"href":"https:\/\/zumbalaturba.com.ar\/index.php?rest_route=%2Fwp%2Fv2%2Fcategories&post=5091"},{"taxonomy":"post_tag","embeddable":true,"href":"https:\/\/zumbalaturba.com.ar\/index.php?rest_route=%2Fwp%2Fv2%2Ftags&post=5091"}],"curies":[{"name":"wp","href":"https:\/\/api.w.org\/{rel}","templated":true}]}}