{"id":5097,"date":"2017-12-04T21:20:55","date_gmt":"2017-12-04T21:20:55","guid":{"rendered":"http:\/\/zumbalaturba.com.ar\/?p=5097"},"modified":"2017-12-04T21:21:57","modified_gmt":"2017-12-04T21:21:57","slug":"diversas-pero-no-dispersas-en-el-14o-eflac","status":"publish","type":"post","link":"https:\/\/zumbalaturba.com.ar\/?p=5097","title":{"rendered":"Diversas pero no dispersas en el 14\u00ba EFLAC"},"content":{"rendered":"<p><img decoding=\"async\" class=\" wp-image-5099 alignleft\" src=\"https:\/\/zumbalaturba.com.ar\/wp-content\/uploads\/2017\/12\/14eflac-300x300.jpg\" alt=\"14eflac\" width=\"215\" height=\"215\" srcset=\"https:\/\/zumbalaturba.com.ar\/wp-content\/uploads\/2017\/12\/14eflac-300x300.jpg 300w, https:\/\/zumbalaturba.com.ar\/wp-content\/uploads\/2017\/12\/14eflac.jpg 360w\" sizes=\"(max-width: 215px) 100vw, 215px\" \/>Desde 1981 se celebra en diferentes partes de Latinoam\u00e9rica el Encuentro Feminista Latinoamericano y del Caribe. El \u00faltimo encuentro en la regi\u00f3n hab\u00eda sido en 1990 en Argentina, con lo cual el realizado en Montevideo este a\u00f1o del 23 al 25 de noviembre volvi\u00f3 a hermanar a compa\u00f1eras de esta parte del continente. Desde el Enredando las Ma\u00f1anas conversamos con <strong>Sof\u00eda, una de las organizadoras del EFLAC<\/strong>. <em>Por RNMA.<br \/>\n<\/em><\/p>\n<p><iframe src=\"http:\/\/ar.ivoox.com\/es\/player_ej_22445600_2_1.html?data=k5ehlpqadJGhhpywj5WZaZS1kpaah5yncZKhhpywj5WRaZi3jpWah5yncabi1dfS2NjNuMKfwpDA0cvNpYampJCyqLGlh46ZmKiatMbIrdCfu9raxMaPsMKftdrfxMaRaZi3jpU.&amp;\" width=\"100%\" height=\"200\" frameborder=\"0\" scrolling=\"no\" allowfullscreen=\"allowfullscreen\"><\/iframe><\/p>\n<p>En el primer Encuentro Feminista Latinoamericano y del Caribe celebrado en 1981 en Bogot\u00e1, se declar\u00f3 el 25 de noviembre como el D\u00eda Internacional de Lucha Contra la Violencia hacia la Mujer. La fecha se eligi\u00f3 en honor a las hermanas Mirabal, torturadas y asesinadas el 25 de noviembre de 1960 por la dictadura del General Trujillo en Rep\u00fablica Dominicana.<\/p>\n<p>La semana pasada se cumplieron 36 a\u00f1os de esa memorable fecha y el encuentro se realiz\u00f3 nuevamente, esta vez en Montevideo, Uruguay, con el objetivo de hermanar las luchas feministas a lo largo y ancho de nuestro continente. Una de las integrantes de la comisi\u00f3n organizadora del 14avo Encuentro Feminista Latinoamericano y del Caribe fue Sof\u00eda tambi\u00e9n integrante de Cotidiano Mujer, y nos cuenta:<\/p>\n<p>\u201cFue un fin de semana muy intenso. Montevideo se convirti\u00f3 en Montevideo feminista con las 1200 compa\u00f1eras que recibimos en estos tres d\u00edas. Creo que la sensaci\u00f3n general fue de mucha felicidad a pesar de que nos tocaron d\u00edas complicados ac\u00e1 en Uruguay, ya que en dos semanas hubo dos homicidios de dos ni\u00f1as. Frente a esta dura realidad el encuentro nos fortaleci\u00f3 mucho y lo vivimos con mucha emotividad. La tragedia no se encontr\u00f3 unidas.<\/p>\n<p>El \u00faltimo encuentro en la regi\u00f3n hab\u00eda sido en la Argentina en 1990 y la idea de este a\u00f1o fue rotar la sede para que m\u00e1s mujeres pudi\u00e9ramos acceder. Hubo m\u00e1s de 150 actividades autoconvocadas y autogestionadas que se llevaron a cabo y las tem\u00e1ticas fueron de lo m\u00e1s diversas. Algunos de los ejes fueron cuerpo y subjetividad, derecho y racismo, discriminaci\u00f3n y violencias urbanas, perspectiva ecofeminista, econom\u00eda feminista, democracia y laicidad, los nombres de los feminismos, este eje fue bastante controvertido y de mucho debate, guerras y resistencias, violencia de g\u00e9nero, ni una menos, autocuidado, autonom\u00eda y poder, etc. fueron algunos de los ejes que guiaron el encuentro. En el \u00faltimo d\u00eda se recogieron los resultados de estas discusiones en el plenario final y cada uno tuvo sus particularidades y sus riquezas.\u201d<\/p>\n<p>Para m\u00e1s informaci\u00f3n est\u00e1 la p\u00e1gina del encuentro que es 14eflac.org<\/p>\n<div class='share-to-whatsapp-wrapper'><div class='share-on-whsp'>Share on: <\/div><div class='clear '><\/div><\/div>","protected":false},"excerpt":{"rendered":"<p>Desde 1981 se celebra en diferentes partes de Latinoam\u00e9rica el Encuentro Feminista Latinoamericano y del Caribe. El \u00faltimo encuentro en la regi\u00f3n hab\u00eda sido en 1990 en Argentina, con lo cual el realizado en Montevideo este a\u00f1o del 23 al 25 de noviembre volvi\u00f3 a hermanar a compa\u00f1eras de esta parte del continente. Desde el [&hellip;]<\/p>\n","protected":false},"author":6,"featured_media":5098,"comment_status":"open","ping_status":"open","sticky":false,"template":"","format":"standard","meta":{"footnotes":""},"categories":[18,5],"tags":[913,400,7,335,821],"class_list":["post-5097","post","type-post","status-publish","format-standard","has-post-thumbnail","hentry","category-elm","category-transfeminismos","tag-eflac","tag-feminismo","tag-feminismos","tag-generos","tag-uruguay"],"_links":{"self":[{"href":"https:\/\/zumbalaturba.com.ar\/index.php?rest_route=\/wp\/v2\/posts\/5097","targetHints":{"allow":["GET"]}}],"collection":[{"href":"https:\/\/zumbalaturba.com.ar\/index.php?rest_route=\/wp\/v2\/posts"}],"about":[{"href":"https:\/\/zumbalaturba.com.ar\/index.php?rest_route=\/wp\/v2\/types\/post"}],"author":[{"embeddable":true,"href":"https:\/\/zumbalaturba.com.ar\/index.php?rest_route=\/wp\/v2\/users\/6"}],"replies":[{"embeddable":true,"href":"https:\/\/zumbalaturba.com.ar\/index.php?rest_route=%2Fwp%2Fv2%2Fcomments&post=5097"}],"version-history":[{"count":0,"href":"https:\/\/zumbalaturba.com.ar\/index.php?rest_route=\/wp\/v2\/posts\/5097\/revisions"}],"wp:featuredmedia":[{"embeddable":true,"href":"https:\/\/zumbalaturba.com.ar\/index.php?rest_route=\/wp\/v2\/media\/5098"}],"wp:attachment":[{"href":"https:\/\/zumbalaturba.com.ar\/index.php?rest_route=%2Fwp%2Fv2%2Fmedia&parent=5097"}],"wp:term":[{"taxonomy":"category","embeddable":true,"href":"https:\/\/zumbalaturba.com.ar\/index.php?rest_route=%2Fwp%2Fv2%2Fcategories&post=5097"},{"taxonomy":"post_tag","embeddable":true,"href":"https:\/\/zumbalaturba.com.ar\/index.php?rest_route=%2Fwp%2Fv2%2Ftags&post=5097"}],"curies":[{"name":"wp","href":"https:\/\/api.w.org\/{rel}","templated":true}]}}