{"id":5101,"date":"2017-12-04T22:33:41","date_gmt":"2017-12-04T22:33:41","guid":{"rendered":"http:\/\/zumbalaturba.com.ar\/?p=5101"},"modified":"2017-12-04T22:34:06","modified_gmt":"2017-12-04T22:34:06","slug":"marta-dillon-lo-hizo-el-patriarcado","status":"publish","type":"post","link":"https:\/\/zumbalaturba.com.ar\/?p=5101","title":{"rendered":"Marta Dillon: Lo hizo el patriarcado"},"content":{"rendered":"<p><i><img fetchpriority=\"high\" decoding=\"async\" class=\"size-medium wp-image-5037 alignleft\" src=\"https:\/\/zumbalaturba.com.ar\/wp-content\/uploads\/2017\/11\/N25-Dahy-2-300x200.jpg\" alt=\"N25 Dahy (2)\" width=\"300\" height=\"200\" srcset=\"https:\/\/zumbalaturba.com.ar\/wp-content\/uploads\/2017\/11\/N25-Dahy-2-300x200.jpg 300w, https:\/\/zumbalaturba.com.ar\/wp-content\/uploads\/2017\/11\/N25-Dahy-2-768x512.jpg 768w, https:\/\/zumbalaturba.com.ar\/wp-content\/uploads\/2017\/11\/N25-Dahy-2-1024x683.jpg 1024w, https:\/\/zumbalaturba.com.ar\/wp-content\/uploads\/2017\/11\/N25-Dahy-2.jpg 1278w\" sizes=\"(max-width: 300px) 100vw, 300px\" \/>Con el objetivo de demostrar que existe un sistema de (in)justicias para las mujeres, en noviembre se llev\u00f3 a cabo el segundo \u201cJuicio \u00c9tico, Feminista y Popular a la Justicia Patriarcal\u201d, proceso que expuso casos de violaciones a la dignidad y los derechos humanos de mujeres de todo el continente.<\/i><i> <\/i><i>Entrevistamos a la<\/i><b><i> periodista Marta Dillon, integrante del Tribunal \u00e9tico<\/i><\/b><i>, sobre la situaci\u00f3n actual de la justicia machista en Latinoam\u00e9rica, que hoy tiene su expresi\u00f3n en C\u00f3rdoba en el caso de Dahyana Gorosito.<\/i><\/p>\n<p style=\"text-align: right;\"><em>Por\u00a0<a href=\"https:\/\/www.facebook.com\/absolucionparadahyana\/\">Cobertura Colaborativa #Absoluci\u00f3nParaDahyana<\/a><\/em><\/p>\n<p>Luego del \u201cJuicio \u00c9tico, Feminista y Popular a la Justicia Patriarcal\u201d que se llev\u00f3 a cabo por primera vez en el 32\u00ba Encuentro Nacional de Mujeres (Resistencia), las <i>Feministas populares del Abya Yala <\/i>realizaron una nueva edici\u00f3n en el <i>14\u00b0 Encuentro Feminista de Am\u00e9rica Latina y el Caribe (EFLAC) que se realiz\u00f3 a fines de noviembre en Montevideo.<\/i><\/p>\n<p>La propuesta busca, a partir de las denuncias concretas de algunos casos, ejemplificar y analizar en t\u00e9rminos m\u00e1s amplios las violaciones de los derechos humanos de mujeres, lesbianas, trans, travestis, y el lugar espec\u00edfico del sistema de justicia en su realizaci\u00f3n y legitimaci\u00f3n. A trav\u00e9s de casos testigos -causas emblem\u00e1ticas de violaciones a la dignidad y\/o a los derechos humanos y territoriales- y del an\u00e1lisis de especialistas, se intenta sistematizar la operatoria de la justicia patriarcal y los efectos negativos que se desprenden de \u00e9sta.<\/p>\n<p>El proceso del Juicio Popular Feminista cuenta con un tribunal compuesto por Nora Corti\u00f1as (Madre de Plaza de Mayo LF); Mirta Baravalle (Madre de Plaza de Mayo LF); Mar\u00eda Laura Bretal (Las Azucenas); Liliana Daunes (periodista feminista), Marta Dillon (periodista feminista), Nina Brugo (abogada feminista), Graciela Zald\u00faa (profesora, psic\u00f3loga feminista), Celina Rodr\u00edguez (feminista del Abya Yala), Miriam Miranda (coordinadora de la Organizaci\u00f3n Fraternal Negra de Honduras), Marielle Palau (Base-Is, Paraguay), Nalu Far\u00eda (Marcha Mundial de Mujeres-Brasil), Daniella Hinojosa (La Ara\u00f1a Feminista de Venezuela, coordinadora del Frente de Feministas de ALBA Movimientos) y Franchesca Mata (Movimiento Centroamericano 2 de marzo).<\/p>\n<p><b>Dahyana y miles m\u00e1s<\/b><\/p>\n<p>En di\u00e1logo con este medio, la periodista Marta Dillon plante\u00f3 que el Juicio a la Justicia patriarcal, a trav\u00e9s la exposici\u00f3n y la escucha de m\u00e1s de quince situaciones en la que se vieron\/ven afectadas la vida, la dignidad y los derechos de esas mujeres y cuerpos feminizados, <b>muestra que la <\/b><b><i>\u201cjusticia es construida por los hombres\u201d<\/i><\/b><b> y que las mujeres son culpabilizadas por las violencias que les afectan d\u00eda a d\u00eda.<\/b><\/p>\n<p>Sistematizar el accionar de la justicia patriarcal y destacar los factores que se repiten contra diferentes mujeres del continente, permite contextualizar un poco m\u00e1s el caso de Dahyana Gorosito, la joven de 22 a\u00f1os que afronta la posibilidad de una cadena perpetua por la muerte de su hija Selene.<\/p>\n<p>Con 20 a\u00f1os, Dahyana fue obligada por su pareja Luis Oron\u00e1 a parir en un descampado de la localidad de Unquillo (C\u00f3rdoba), en uno de los d\u00edas m\u00e1s fr\u00edos del a\u00f1o 2016. Apenas nacida la beba, Oron\u00e1 la arranc\u00f3 de sus brazos y se la llev\u00f3, aduciendo que \u00e9l no era el padre. Selene muri\u00f3 de hipotermia.<\/p>\n<p>Dahyana fue v\u00edctima durante a\u00f1os de violencia de g\u00e9nero por parte de Oron\u00e1. Y ahora es v\u00edctima de la justicia machista cordobesa que la castiga por no haber tenido un accionar heroico para salvar a su hija, sin tener en cuenta las condiciones en que tuvo que parir, ni el estado puerperal en el que se encontraba, ni la situaci\u00f3n de extrema vulnerabilidad en la que viv\u00eda a\u00fan antes del embarazo.<\/p>\n<p>Para Marta Dillon, la historia de Dahyana es una m\u00e1s en los centenares de casos judiciales que se repiten con una trama com\u00fan: las mujeres son criminalizadas, cuando en realidad son las v\u00edctimas, ya que su voz no se visibiliza cuando est\u00e1n siendo victimizadas.<\/p>\n<p><i>\u201cEstos casos concentran muchas cosas, como por ejemplo los estereotipos en relaci\u00f3n a la maternidad vigentes en la sociedad que, aunque combatidos por el avance de los movimientos sociales y feminismos, siguen planteando una obligatorieda sobre la forma de <\/i><b><i>ser madre<\/i><\/b><i>. Los magistrados y fiscales ubican a las mujeres en el lugar que el patriarcado les da, \u00e9stos no ven a las personas o a los hechos, no ven a la violencia patriarcal, s\u00f3lo ven <\/i><b><i>malas madres<\/i><\/b><i> o <\/i><b><i>malas mujeres<\/i><\/b><i>, y las condenan por eso\u201d, expres\u00f3 la periodista. <\/i><\/p>\n<p>El Juicio Popular Feminista ante la Justicia Patriarcal -el pr\u00f3ximo se realizar\u00e1 en marzo, por el aniversario del asesinato de Berta C\u00e1ceres- sistematiza la informaci\u00f3n sobre esas causas, y pone en com\u00fan casos lejanos en kil\u00f3metros, pero muy cercanos en c\u00f3mo se ejerce el patriarcado sobre los cuerpos de las mujeres. Casos como el de Melina Romero, Micaela Garc\u00eda o Johana Ramallo ponen en evidencia la penalizaci\u00f3n que recae sobre ellas por ser j\u00f3venes y tener deseos de ser libres y vivir sus vidas.<\/p>\n<p>Las v\u00edctimas se convierten en las sospechadas y comenzamos a transitar un camino medi\u00e1tico interminable sobre sus actividades, intereses y relaciones. <i>\u201cSe busca identificar a los efectores en particular, a quienes pudiendo ofrecer justicia, ofrecen todo lo contrario\u201d<\/i>, se\u00f1al\u00f3 Marta.<\/p>\n<p>Por \u00faltimo, dej\u00f3 un mensaje para Dahyana: <i>\u201cQue Dahyana sepa que no est\u00e1 sola, ella no es la primera con un caso similar y, aunque conocerlo no sea consuelo, ella debe saber que esto no es algo que hizo ella, <\/i><b><i>esto es algo que hizo el patriarcado<\/i><\/b><i>\u201d. <\/i><\/p>\n<p><b>Atravesadas por el duelo<\/b><\/p>\n<p>El <i>Encuentro Feminista de Am\u00e9rica Latina y el Caribe (EFLAC) <\/i>estuvo marcado por el crimen de Valentina Walter Ferreira, la peque\u00f1a de 9 a\u00f1os que d\u00edas antes del encuentro fue abusada y asesinada y que tiene de sospechoso a un joven de 22 a\u00f1os.<\/p>\n<p>Para Marta, estar ah\u00ed en este momento fue algo muy duro, pero tambi\u00e9n muy poderoso. <i>\u201cNuestra lucha siempre est\u00e1 atravesada por el duelo. Siempre que hay alg\u00fan encuentro feminista importante aparece un cuerpo femenino asesinado\u201d<\/i>. Pero luego reflexiona y nos dice tambi\u00e9n que, teniendo en cuenta las estad\u00edsticas, esto no es tan sorprendente: <i>\u201cen Honduras asesinan a dos mujeres por d\u00eda, y en Argentina, a una cada 30 horas. Es imposible sustraerse del dolor, <\/i><b><i>hay que convertir el dolor en rabia y la rabia en lucha<\/i><\/b><i>\u201d.<\/i><\/p>\n<div class='share-to-whatsapp-wrapper'><div class='share-on-whsp'>Share on: <\/div><div class='clear '><\/div><\/div>","protected":false},"excerpt":{"rendered":"<p>Con el objetivo de demostrar que existe un sistema de (in)justicias para las mujeres, en noviembre se llev\u00f3 a cabo el segundo \u201cJuicio \u00c9tico, Feminista y Popular a la Justicia Patriarcal\u201d, proceso que expuso casos de violaciones a la dignidad y los derechos humanos de mujeres de todo el continente. Entrevistamos a la periodista Marta [&hellip;]<\/p>\n","protected":false},"author":6,"featured_media":5102,"comment_status":"open","ping_status":"open","sticky":false,"template":"","format":"standard","meta":{"footnotes":""},"categories":[5],"tags":[904,903,695],"class_list":["post-5101","post","type-post","status-publish","format-standard","has-post-thumbnail","hentry","category-transfeminismos","tag-absolucionparadahyana","tag-dahyana-gorosito","tag-justicia-patriarcal"],"_links":{"self":[{"href":"https:\/\/zumbalaturba.com.ar\/index.php?rest_route=\/wp\/v2\/posts\/5101","targetHints":{"allow":["GET"]}}],"collection":[{"href":"https:\/\/zumbalaturba.com.ar\/index.php?rest_route=\/wp\/v2\/posts"}],"about":[{"href":"https:\/\/zumbalaturba.com.ar\/index.php?rest_route=\/wp\/v2\/types\/post"}],"author":[{"embeddable":true,"href":"https:\/\/zumbalaturba.com.ar\/index.php?rest_route=\/wp\/v2\/users\/6"}],"replies":[{"embeddable":true,"href":"https:\/\/zumbalaturba.com.ar\/index.php?rest_route=%2Fwp%2Fv2%2Fcomments&post=5101"}],"version-history":[{"count":0,"href":"https:\/\/zumbalaturba.com.ar\/index.php?rest_route=\/wp\/v2\/posts\/5101\/revisions"}],"wp:featuredmedia":[{"embeddable":true,"href":"https:\/\/zumbalaturba.com.ar\/index.php?rest_route=\/wp\/v2\/media\/5102"}],"wp:attachment":[{"href":"https:\/\/zumbalaturba.com.ar\/index.php?rest_route=%2Fwp%2Fv2%2Fmedia&parent=5101"}],"wp:term":[{"taxonomy":"category","embeddable":true,"href":"https:\/\/zumbalaturba.com.ar\/index.php?rest_route=%2Fwp%2Fv2%2Fcategories&post=5101"},{"taxonomy":"post_tag","embeddable":true,"href":"https:\/\/zumbalaturba.com.ar\/index.php?rest_route=%2Fwp%2Fv2%2Ftags&post=5101"}],"curies":[{"name":"wp","href":"https:\/\/api.w.org\/{rel}","templated":true}]}}