{"id":5299,"date":"2018-03-04T23:24:06","date_gmt":"2018-03-04T23:24:06","guid":{"rendered":"http:\/\/zumbalaturba.com.ar\/?p=5299"},"modified":"2018-03-04T23:24:06","modified_gmt":"2018-03-04T23:24:06","slug":"comenzamos-el-ciclo-2018-de-la-nota-azul","status":"publish","type":"post","link":"https:\/\/zumbalaturba.com.ar\/?p=5299","title":{"rendered":"\u00a1Comenzamos el ciclo 2018 de La Nota Azul!"},"content":{"rendered":"<p style=\"padding-left: 150px;\"><span style=\"font-size: 14pt;\"><em>Con mucha m\u00fasica largamos este primer programa del a\u00f1o 2018 de <\/em><strong>La Nota Azul<\/strong><em>, correspondiente al s\u00e1bado 03 de marzo, emisi\u00f3n n\u00famero 123. Una cita de <\/em><strong>Paul Motian<\/strong><em>, de una entrevista realizada por <\/em><strong>Ben Sidran<\/strong><em> y reproducida en el libro <strong>Talking Jazz<\/strong>, da comienzo a estas dos horas de jazz. En el aire de radio <\/em><strong>Zumba La Turba<\/strong><em>, FM 99.5, C\u00f3rdoba, Argentina.<\/em><\/span><\/p>\n<p><iframe id=\"audio_24199731\" style=\"border: 1px solid #EEE; box-sizing: border-box; width: 100%;\" src=\"https:\/\/ar.ivoox.com\/es\/player_ej_24199731_4_1.html?c1=ff6600\" width=\"300\" height=\"200\" frameborder=\"0\" scrolling=\"no\" allowfullscreen=\"allowfullscreen\"><\/iframe><\/p>\n<p><span style=\"font-size: 14pt;\">Abrimos con la m\u00fasica de <strong>Paul Motian<\/strong> en tr\u00edo con <strong>Jason Moran<\/strong> en piano y <strong>Chris <a href=\"http:\/\/lanotaazul.com.ar\/wp-content\/uploads\/2018\/03\/Talking-Jazz.jpg\"><img fetchpriority=\"high\" decoding=\"async\" class=\"alignright size-medium wp-image-1399\" src=\"http:\/\/lanotaazul.com.ar\/wp-content\/uploads\/2018\/03\/Talking-Jazz-209x300.jpg\" alt=\"\" width=\"209\" height=\"300\" \/><\/a>Potter<\/strong> en el saxo tenor. Escuchamos el \u00e1lbum <em><strong>Lost In a Dream<\/strong><\/em>, grabado en vivo en el <em>Village Vanguard<\/em> de Nueva York en febrero del a\u00f1o 2009 y lanzado por <em>ECM<\/em> en 2010. La apertura viene a cuenta de la lectura de <strong><em>Talking Jazz<\/em><\/strong> de <strong>Ben Sidran<\/strong>, coeditado a finales del a\u00f1o pasado por <em>Letra Sudaca Ediciones<\/em> y el grupo <em>Improvisaci\u00f3n Colectiva en Mar del Plata<\/em>. El libro re\u00fane una serie de entrevistas a grandes m\u00fasicos de jazz, entre ellos a Paul Motian, de quien recuperamos algunas palabras para el comienzo del programa.<\/span><\/p>\n<p><span style=\"font-size: 14pt;\">Seguimos con un env\u00edo especial de <strong>Matthew Shipp<\/strong> y escuchamos el \u00e1lbum del a\u00f1o 2017 <strong><em>Heptagon<\/em><\/strong> con m\u00fasica creada sobre la marcha por un cuarteto tremendo que re\u00fane al saxofonista brasile\u00f1o <strong>Ivo Perelman<\/strong> con <strong>Matthew Shipp<\/strong> en el piano, <strong>William Parker<\/strong> en el contrabajo y <strong>Bobby Kapp<\/strong> en la bater\u00eda.<\/span><\/p>\n<div id='gallery-1' class='gallery galleryid-5299 gallery-columns-2 gallery-size-medium'><figure class='gallery-item'>\n\t\t\t<div class='gallery-icon landscape'>\n\t\t\t\t<img decoding=\"async\" width=\"300\" height=\"266\" src=\"https:\/\/zumbalaturba.com.ar\/wp-content\/uploads\/2018\/03\/Paul-Motian-300x266.jpg\" class=\"attachment-medium size-medium\" alt=\"\" srcset=\"https:\/\/zumbalaturba.com.ar\/wp-content\/uploads\/2018\/03\/Paul-Motian-300x266.jpg 300w, https:\/\/zumbalaturba.com.ar\/wp-content\/uploads\/2018\/03\/Paul-Motian-768x681.jpg 768w, https:\/\/zumbalaturba.com.ar\/wp-content\/uploads\/2018\/03\/Paul-Motian-1024x908.jpg 1024w, https:\/\/zumbalaturba.com.ar\/wp-content\/uploads\/2018\/03\/Paul-Motian.jpg 1400w\" sizes=\"(max-width: 300px) 100vw, 300px\" \/>\n\t\t\t<\/div><\/figure><figure class='gallery-item'>\n\t\t\t<div class='gallery-icon landscape'>\n\t\t\t\t<img decoding=\"async\" width=\"300\" height=\"297\" src=\"https:\/\/zumbalaturba.com.ar\/wp-content\/uploads\/2018\/03\/Heptagon-300x297.jpg\" class=\"attachment-medium size-medium\" alt=\"\" srcset=\"https:\/\/zumbalaturba.com.ar\/wp-content\/uploads\/2018\/03\/Heptagon-300x297.jpg 300w, https:\/\/zumbalaturba.com.ar\/wp-content\/uploads\/2018\/03\/Heptagon-768x759.jpg 768w, https:\/\/zumbalaturba.com.ar\/wp-content\/uploads\/2018\/03\/Heptagon-1024x1012.jpg 1024w, https:\/\/zumbalaturba.com.ar\/wp-content\/uploads\/2018\/03\/Heptagon.jpg 1200w\" sizes=\"(max-width: 300px) 100vw, 300px\" \/>\n\t\t\t<\/div><\/figure>\n\t\t<\/div>\n\n<p><span style=\"font-size: 14pt;\">Suena <strong>Mart\u00edn Dellavedova<\/strong> desde su \u00e1lbum <strong><em>\u00d3smosis<\/em><\/strong> para <img loading=\"lazy\" decoding=\"async\" class=\"alignright size-medium wp-image-5304\" src=\"https:\/\/zumbalaturba.com.ar\/wp-content\/uploads\/2018\/03\/Martin-Dellavedova-200x300.jpg\" alt=\"Martin Dellavedova\" width=\"200\" height=\"300\" srcset=\"https:\/\/zumbalaturba.com.ar\/wp-content\/uploads\/2018\/03\/Martin-Dellavedova-200x300.jpg 200w, https:\/\/zumbalaturba.com.ar\/wp-content\/uploads\/2018\/03\/Martin-Dellavedova-768x1152.jpg 768w, https:\/\/zumbalaturba.com.ar\/wp-content\/uploads\/2018\/03\/Martin-Dellavedova-682x1024.jpg 682w, https:\/\/zumbalaturba.com.ar\/wp-content\/uploads\/2018\/03\/Martin-Dellavedova.jpg 803w\" sizes=\"(max-width: 200px) 100vw, 200px\" \/>presentar algo de\u00a0la\u00a0agenda\u00a0jazzera de la jornada.<\/span><\/p>\n<p><span style=\"font-size: 14pt;\">Tambi\u00e9n comentamos algo de los que fue la cuarta edici\u00f3n del <strong>Festival de Jazz Traslasierra<\/strong> y presentamos el documental realizado por <strong><em>Totoka Films<\/em><\/strong> que registra la tercera edici\u00f3n de este festival que ya tiene una marca registrada y que se apunta para perdurar. Escuchamos parte de la presentaci\u00f3n del <strong>Diego Alejandro<\/strong> grupo en el Festival del a\u00f1o 2017.\u00a0<span style=\"color: #993300;\"><em><strong>Haciendo click en la imagen se puede ver el documental completo<\/strong><\/em>:<\/span><\/span><\/p>\n<p><a href=\"https:\/\/vimeo.com\/258116594\" target=\"_blank\" rel=\"noopener noreferrer\"><img loading=\"lazy\" decoding=\"async\" class=\"aligncenter wp-image-1384\" src=\"http:\/\/lanotaazul.com.ar\/wp-content\/uploads\/2018\/03\/Festival-de-Jazz-Traslasierra-1024x586.jpg\" alt=\"\" width=\"614\" height=\"351\" \/><\/a><\/p>\n<p><span style=\"font-size: 14pt;\">Presentamos tambi\u00e9n <em><strong>9<\/strong><\/em> de <strong>Marco Sanguintetti<\/strong>, disco que se presenta como una continuaci\u00f3n de <strong><em>8<\/em><\/strong>, con la misma formaci\u00f3n y que le vali\u00f3 al pianista un gran reconocimiento en la escena del jazz nacional.<\/span><\/p>\n<p><img loading=\"lazy\" decoding=\"async\" class=\"aligncenter wp-image-1387 \" src=\"http:\/\/lanotaazul.com.ar\/wp-content\/uploads\/2018\/03\/Marco-sanguinetti-9-1024x576.jpg\" alt=\"\" width=\"536\" height=\"301\" \/><\/p>\n<p><span style=\"font-size: 14pt;\">Tambi\u00e9n traemos un lanzamiento reciente de la <em>Tri-Centric Foundation<\/em> y <em>New Braxton House Records<\/em> que han editado una caja que re\u00fane las grabaciones completas de <strong>Anthony Braxton<\/strong> del sexteto que recrea la m\u00fasica de <strong>Charlie Parker<\/strong>. Un lujo.<\/span><\/p>\n<p><span style=\"font-size: 14pt;\">Suena adem\u00e1s <strong>Plevida,<\/strong> agrupaci\u00f3n volcada hacia el free jazz en la que participan <strong>Camila Nebbia<\/strong> en saxo tenor, <strong>Gabriel Stern<\/strong> en saxo alto, <strong>Ignacio Szulga<\/strong> en contrabajo y <strong>Axel Filip<\/strong> en bateria y accesorios. El disco <strong><em>Plevida<\/em><\/strong>, del a\u00f1o 2015, se presenta como una reivindicaci\u00f3n de Ornette Coleman.<\/span><\/p>\n<p><span style=\"font-size: 14pt;\">Y cerramos con <strong>Sof\u00eda Rei<\/strong>, cantando desde su \u00e1lbum <strong><em>El Gavil\u00e1n<\/em><\/strong>, con la participaci\u00f3n de <strong>Marc Ribot<\/strong>. Un excelente homenaje a Violeta Parra.<\/span><\/p>\n<div id='gallery-2' class='gallery galleryid-5299 gallery-columns-3 gallery-size-medium'><figure class='gallery-item'>\n\t\t\t<div class='gallery-icon landscape'>\n\t\t\t\t<img loading=\"lazy\" decoding=\"async\" width=\"300\" height=\"300\" src=\"https:\/\/zumbalaturba.com.ar\/wp-content\/uploads\/2018\/03\/Anthony-Braxton-300x300.jpg\" class=\"attachment-medium size-medium\" alt=\"\" srcset=\"https:\/\/zumbalaturba.com.ar\/wp-content\/uploads\/2018\/03\/Anthony-Braxton-300x300.jpg 300w, https:\/\/zumbalaturba.com.ar\/wp-content\/uploads\/2018\/03\/Anthony-Braxton-768x768.jpg 768w, https:\/\/zumbalaturba.com.ar\/wp-content\/uploads\/2018\/03\/Anthony-Braxton-1024x1024.jpg 1024w, https:\/\/zumbalaturba.com.ar\/wp-content\/uploads\/2018\/03\/Anthony-Braxton.jpg 1044w\" sizes=\"(max-width: 300px) 100vw, 300px\" \/>\n\t\t\t<\/div><\/figure><figure class='gallery-item'>\n\t\t\t<div class='gallery-icon portrait'>\n\t\t\t\t<img loading=\"lazy\" decoding=\"async\" width=\"300\" height=\"300\" src=\"https:\/\/zumbalaturba.com.ar\/wp-content\/uploads\/2018\/03\/Plevida-300x300.jpg\" class=\"attachment-medium size-medium\" alt=\"\" srcset=\"https:\/\/zumbalaturba.com.ar\/wp-content\/uploads\/2018\/03\/Plevida-300x300.jpg 300w, https:\/\/zumbalaturba.com.ar\/wp-content\/uploads\/2018\/03\/Plevida.jpg 747w\" sizes=\"(max-width: 300px) 100vw, 300px\" \/>\n\t\t\t<\/div><\/figure><figure class='gallery-item'>\n\t\t\t<div class='gallery-icon landscape'>\n\t\t\t\t<img loading=\"lazy\" decoding=\"async\" width=\"300\" height=\"300\" src=\"https:\/\/zumbalaturba.com.ar\/wp-content\/uploads\/2018\/03\/sofia-rei-gavilan-300x300.jpg\" class=\"attachment-medium size-medium\" alt=\"\" srcset=\"https:\/\/zumbalaturba.com.ar\/wp-content\/uploads\/2018\/03\/sofia-rei-gavilan-300x300.jpg 300w, https:\/\/zumbalaturba.com.ar\/wp-content\/uploads\/2018\/03\/sofia-rei-gavilan-768x768.jpg 768w, https:\/\/zumbalaturba.com.ar\/wp-content\/uploads\/2018\/03\/sofia-rei-gavilan-1024x1024.jpg 1024w, https:\/\/zumbalaturba.com.ar\/wp-content\/uploads\/2018\/03\/sofia-rei-gavilan.jpg 1200w\" sizes=\"(max-width: 300px) 100vw, 300px\" \/>\n\t\t\t<\/div><\/figure>\n\t\t<\/div>\n\n<p><span style=\"font-size: 14pt;\">Todo eso y mucho m\u00e1s dos intensas horas de jazz, m\u00fasica y radio.<\/span><\/p>\n<p>&nbsp;<\/p>\n<p style=\"text-align: center;\"><span style=\"font-size: 14pt;\"><a href=\"http:\/\/lanotaazul.com.ar\/programas\/comenzamos-el-ciclo-2018-de-la-nota-azul\/\" target=\"_blank\" rel=\"noopener noreferrer\"><em><strong>ESCUCHALO TAMBI\u00c9N POR AC\u00c1<\/strong><\/em><\/a><\/span><\/p>\n<div class='share-to-whatsapp-wrapper'><div class='share-on-whsp'>Share on: <\/div><div class='clear '><\/div><\/div>","protected":false},"excerpt":{"rendered":"<p>Con mucha m\u00fasica largamos este primer programa del a\u00f1o 2018 de La Nota Azul, correspondiente al s\u00e1bado 03 de marzo, emisi\u00f3n n\u00famero 123. Una cita de Paul Motian, de una entrevista realizada por Ben Sidran y reproducida en el libro Talking Jazz, da comienzo a estas dos horas de jazz. En el aire de radio [&hellip;]<\/p>\n","protected":false},"author":14,"featured_media":5301,"comment_status":"open","ping_status":"open","sticky":false,"template":"","format":"standard","meta":{"footnotes":""},"categories":[261],"tags":[81,52,293,305,296,166],"class_list":["post-5299","post","type-post","status-publish","format-standard","has-post-thumbnail","hentry","category-la-nota-azul","tag-agenda-cultural","tag-cultura","tag-jazz","tag-jazz-federal-club","tag-la-nota-azul","tag-musica"],"_links":{"self":[{"href":"https:\/\/zumbalaturba.com.ar\/index.php?rest_route=\/wp\/v2\/posts\/5299","targetHints":{"allow":["GET"]}}],"collection":[{"href":"https:\/\/zumbalaturba.com.ar\/index.php?rest_route=\/wp\/v2\/posts"}],"about":[{"href":"https:\/\/zumbalaturba.com.ar\/index.php?rest_route=\/wp\/v2\/types\/post"}],"author":[{"embeddable":true,"href":"https:\/\/zumbalaturba.com.ar\/index.php?rest_route=\/wp\/v2\/users\/14"}],"replies":[{"embeddable":true,"href":"https:\/\/zumbalaturba.com.ar\/index.php?rest_route=%2Fwp%2Fv2%2Fcomments&post=5299"}],"version-history":[{"count":0,"href":"https:\/\/zumbalaturba.com.ar\/index.php?rest_route=\/wp\/v2\/posts\/5299\/revisions"}],"wp:featuredmedia":[{"embeddable":true,"href":"https:\/\/zumbalaturba.com.ar\/index.php?rest_route=\/wp\/v2\/media\/5301"}],"wp:attachment":[{"href":"https:\/\/zumbalaturba.com.ar\/index.php?rest_route=%2Fwp%2Fv2%2Fmedia&parent=5299"}],"wp:term":[{"taxonomy":"category","embeddable":true,"href":"https:\/\/zumbalaturba.com.ar\/index.php?rest_route=%2Fwp%2Fv2%2Fcategories&post=5299"},{"taxonomy":"post_tag","embeddable":true,"href":"https:\/\/zumbalaturba.com.ar\/index.php?rest_route=%2Fwp%2Fv2%2Ftags&post=5299"}],"curies":[{"name":"wp","href":"https:\/\/api.w.org\/{rel}","templated":true}]}}