{"id":5347,"date":"2018-03-12T11:17:02","date_gmt":"2018-03-12T11:17:02","guid":{"rendered":"http:\/\/zumbalaturba.com.ar\/?p=5347"},"modified":"2018-03-12T11:17:02","modified_gmt":"2018-03-12T11:17:02","slug":"musical-y-espontanea-la-nota-azul-recibe-a-ives-romero-federico-ragessi-maximo-endrek-y-milton-arias","status":"publish","type":"post","link":"https:\/\/zumbalaturba.com.ar\/?p=5347","title":{"rendered":"Musical y espont\u00e1nea: La Nota Azul recibe a Ives Romero, Federico Ragessi, M\u00e1ximo Endrek y Milton Arias"},"content":{"rendered":"<p style=\"padding-left: 150px;\"><span style=\"font-size: 14pt;\"><em>Cuatro m\u00fasicos sueltos, libres, sin ataduras, arremeten hacia la m\u00fasica y confluyen en una creaci\u00f3n s\u00f3lida. Se re\u00fanen en el sonido, se estimulan, se desaf\u00edan, se escuchan mutuamente. Y crean. En la m\u00fasica se agrupa lo disperso, se ligan los pedazos esparcidos, los ecos que resuenan y que convergen finalmente en una escucha. Con la m\u00fasica del\u00a0<\/em><strong>Matthew Shipp<\/strong>\u00a0<strong>Quartet<\/strong><em><strong>\u00a0<\/strong>abrimos este programa\u00a0n\u00famero 124 de <\/em><strong>La Nota Azul<\/strong><em>, correspondiente al s\u00e1bado 10 de marzo de 2018, en el que recibimos nada menos que a <\/em><strong>Ives Romero<\/strong><em> y <\/em><strong>Federico Ragessi<\/strong><em> del <\/em><strong>D\u00fao Cayote<\/strong><em>, a <\/em><strong>M\u00e1ximo Endrek<\/strong><em> y a <\/em><strong>Milton Arias<\/strong><em>.\u00a0Radio <\/em><strong>Zumba La Turba<\/strong><em>, FM 99.5, C\u00f3rdoba, Argentina.<\/em><\/span><\/p>\n<p><iframe id=\"audio_24338503\" style=\"border: 1px solid #EEE; box-sizing: border-box; width: 100%;\" src=\"https:\/\/ar.ivoox.com\/es\/player_ej_24338503_4_1.html?c1=ff6600\" width=\"300\" height=\"200\" frameborder=\"0\" scrolling=\"no\" allowfullscreen=\"allowfullscreen\"><\/iframe><\/p>\n<p><span style=\"font-size: 14pt;\">Abrimos con la m\u00fasica de <strong>Matthew Shipp<\/strong> <strong><img fetchpriority=\"high\" decoding=\"async\" class=\"alignright wp-image-1423\" src=\"http:\/\/lanotaazul.com.ar\/wp-content\/uploads\/2018\/03\/matthew-Shipp-300x298.jpg\" alt=\"\" width=\"293\" height=\"291\" \/><\/strong>en formato de cuarteto con <strong>Michael Bisio<\/strong>\u00a0en el contrabajo, <strong>Whit Dickey<\/strong> en la bater\u00eda y <strong>Daniel Carter<\/strong> en trompeta, flauta y saxos. Escuchamos <strong><em>Not Bound<\/em><\/strong>, \u00e1lbum lanzado en el a\u00f1o 2017 por el sello <em>Fortune.<\/em><\/span><\/p>\n<p><span style=\"font-size: 14pt;\">Nos visitan <strong>Ives Romero<\/strong>, <strong>Federico Ragessi<\/strong> y <strong>M\u00e1ximo Endrek<\/strong> para invitar al <em>Concierto Espont\u00e1neo: Cayote y otros dulces<\/em> que los reunir\u00e1 tambi\u00e9n con <strong>Ignacio Roulet<\/strong>. No perdemos la oportunidad y escuchamos la m\u00fasica del <strong>M\u00e1ximo Endrek Tr\u00edo<\/strong>, desde el \u00e1lbum <em><strong>Extra\u00f1o H\u00e1bitat<\/strong><\/em>. Adem\u00e1s charlamos sobre el futuro disco de <strong>Cayote,<\/strong> el d\u00fao de <strong>Federico Ragessi<\/strong> e <strong>Ives Romero<\/strong>, grabado con m\u00faltiples invitados en InB Estudio de Mendiolaza, y que ver\u00e1 la luz en un par de meses.<\/span><\/p>\n<div style=\"width: 320px;\" class=\"wp-video\"><video class=\"wp-video-shortcode\" id=\"video-5347-1\" width=\"320\" height=\"240\" preload=\"metadata\" controls=\"controls\"><source type=\"video\/mp4\" src=\"http:\/\/lanotaazul.com.ar\/wp-content\/uploads\/2018\/03\/WhatsApp-Video-2018-03-10-at-7.18.24-PM.mp4?_=1\" \/><a href=\"http:\/\/lanotaazul.com.ar\/wp-content\/uploads\/2018\/03\/WhatsApp-Video-2018-03-10-at-7.18.24-PM.mp4\">http:\/\/lanotaazul.com.ar\/wp-content\/uploads\/2018\/03\/WhatsApp-Video-2018-03-10-at-7.18.24-PM.mp4<\/a><\/video><\/div>\n<p>&nbsp;<\/p>\n<p><span style=\"font-size: 14pt;\">Tambi\u00e9n recibimos a <strong>Milton Arias<\/strong> que viene con parte del much\u00edsimo trabajo que hace. Est\u00e1 a punto de editar disco nuevo: <em><strong>50. El caldero<\/strong><\/em>, que promete ser un \u00e1lbum creativo y en\u00e9rgico.\u00a0<\/span><span style=\"font-size: 14pt;\">Como es su h\u00e1bito, <strong>Milton Arias<\/strong> llen\u00f3 la agenda con jazz y m\u00fasica para ir a escuchar en vivo. Invitamos al concierto que lo reunir\u00e1 con el saxofonista <strong>Julio Botti<\/strong> el pr\u00f3ximo jueves 15 de marzo.<\/span><\/p>\n<p><a href=\"https:\/\/www.facebook.com\/events\/1798667293768002\/\" target=\"_blank\" rel=\"noopener noreferrer\"><img decoding=\"async\" class=\"aligncenter wp-image-1421\" src=\"http:\/\/lanotaazul.com.ar\/wp-content\/uploads\/2018\/03\/Julio-Botti.jpg\" alt=\"\" width=\"492\" height=\"368\" \/><\/a><\/p>\n<p>&nbsp;<\/p>\n<p><span style=\"font-size: 14pt;\">Milton tambi\u00e9n participar\u00e1 con el d\u00fao que forma con <strong>Malu Maldonado<\/strong> en voz, en la presentaci\u00f3n del disco <em><strong>Iralidad<\/strong><\/em> del bandoneonista <strong>Mart\u00edn Sued<\/strong> en C\u00f3rdoba el domingo 18 de marzo. Anunciamos adem\u00e1s que recomienza el ciclo <em><strong>Dead People Walkin&#8217;<\/strong><\/em> recreando la m\u00fasica de Sonny Rollins el pr\u00f3ximo jueves 22 de marzo en <em>Lecole<\/em> (Ayacucho 333).<\/span><\/p>\n<p><a href=\"https:\/\/www.facebook.com\/events\/157547808286326\/\" target=\"_blank\" rel=\"noopener noreferrer\"><img decoding=\"async\" class=\"aligncenter wp-image-1422\" src=\"http:\/\/lanotaazul.com.ar\/wp-content\/uploads\/2018\/03\/Mart\u00edn-sued.jpg\" alt=\"\" width=\"496\" height=\"260\" \/><\/a><\/p>\n<p>&nbsp;<\/p>\n<figure id=\"attachment_1414\" aria-describedby=\"caption-attachment-1414\" style=\"width: 299px\" class=\"wp-caption alignright\"><img loading=\"lazy\" decoding=\"async\" class=\"wp-image-1414\" src=\"http:\/\/lanotaazul.com.ar\/wp-content\/uploads\/2018\/03\/WhatsApp-Image-2018-03-10-at-7.59.41-PM-1024x775.jpeg\" alt=\"\" width=\"299\" height=\"227\" \/><figcaption id=\"caption-attachment-1414\" class=\"wp-caption-text\">Milton Arias en La Nota Azul<\/figcaption><\/figure>\n<p><span style=\"font-size: 14pt;\">Aprovechamos a <strong>Milton Arias<\/strong> para conversar sobre lo que fue la cuarta edici\u00f3n del <strong>Festival de Jazz de Traslasierra<\/strong>, que lo tuvo como participante destacado. Hablamos sobre su trabajo como compositor y cerramos el programa con <em><strong>Vidala en verde<\/strong><\/em>, composici\u00f3n suya, arreglada por <strong>Nicol\u00e1s Ocampo<\/strong> para la <strong>C\u00f3rdoba Jazz Orchestra<\/strong> y grabada en el \u00e1lbum <strong><em>Comechingonia,<\/em><\/strong> lanzado el a\u00f1o pasado.<\/span><\/p>\n<p>&nbsp;<\/p>\n<p><span style=\"font-size: 14pt;\">Todo eso y mucho m\u00e1s en dos horas de jazz, m\u00fasica y radio.<\/span><\/p>\n<p>&nbsp;<\/p>\n<p style=\"text-align: center;\"><span style=\"font-size: 14pt;\"><a href=\"http:\/\/lanotaazul.com.ar\/programas\/musical-y-espontanea-la-nota-azul-recibe-a-ives-romero-federico-ragessi-maximo-endrek-y-milton-arias\/\" target=\"_blank\" rel=\"noopener noreferrer\"><em><strong>ESCUCHALO TAMBI\u00c9N POR AC\u00c1<\/strong><\/em><\/a><\/span><\/p>\n<div class='share-to-whatsapp-wrapper'><div class='share-on-whsp'>Share on: <\/div><div class='clear '><\/div><\/div>","protected":false},"excerpt":{"rendered":"<p>Cuatro m\u00fasicos sueltos, libres, sin ataduras, arremeten hacia la m\u00fasica y confluyen en una creaci\u00f3n s\u00f3lida. Se re\u00fanen en el sonido, se estimulan, se desaf\u00edan, se escuchan mutuamente. Y crean. En la m\u00fasica se agrupa lo disperso, se ligan los pedazos esparcidos, los ecos que resuenan y que convergen finalmente en una escucha. Con la [&hellip;]<\/p>\n","protected":false},"author":14,"featured_media":5348,"comment_status":"open","ping_status":"open","sticky":false,"template":"","format":"standard","meta":{"footnotes":""},"categories":[261],"tags":[81,52,293,305,296,166],"class_list":["post-5347","post","type-post","status-publish","format-standard","has-post-thumbnail","hentry","category-la-nota-azul","tag-agenda-cultural","tag-cultura","tag-jazz","tag-jazz-federal-club","tag-la-nota-azul","tag-musica"],"_links":{"self":[{"href":"https:\/\/zumbalaturba.com.ar\/index.php?rest_route=\/wp\/v2\/posts\/5347","targetHints":{"allow":["GET"]}}],"collection":[{"href":"https:\/\/zumbalaturba.com.ar\/index.php?rest_route=\/wp\/v2\/posts"}],"about":[{"href":"https:\/\/zumbalaturba.com.ar\/index.php?rest_route=\/wp\/v2\/types\/post"}],"author":[{"embeddable":true,"href":"https:\/\/zumbalaturba.com.ar\/index.php?rest_route=\/wp\/v2\/users\/14"}],"replies":[{"embeddable":true,"href":"https:\/\/zumbalaturba.com.ar\/index.php?rest_route=%2Fwp%2Fv2%2Fcomments&post=5347"}],"version-history":[{"count":0,"href":"https:\/\/zumbalaturba.com.ar\/index.php?rest_route=\/wp\/v2\/posts\/5347\/revisions"}],"wp:featuredmedia":[{"embeddable":true,"href":"https:\/\/zumbalaturba.com.ar\/index.php?rest_route=\/wp\/v2\/media\/5348"}],"wp:attachment":[{"href":"https:\/\/zumbalaturba.com.ar\/index.php?rest_route=%2Fwp%2Fv2%2Fmedia&parent=5347"}],"wp:term":[{"taxonomy":"category","embeddable":true,"href":"https:\/\/zumbalaturba.com.ar\/index.php?rest_route=%2Fwp%2Fv2%2Fcategories&post=5347"},{"taxonomy":"post_tag","embeddable":true,"href":"https:\/\/zumbalaturba.com.ar\/index.php?rest_route=%2Fwp%2Fv2%2Ftags&post=5347"}],"curies":[{"name":"wp","href":"https:\/\/api.w.org\/{rel}","templated":true}]}}