{"id":5353,"date":"2018-03-18T05:23:25","date_gmt":"2018-03-18T05:23:25","guid":{"rendered":"http:\/\/zumbalaturba.com.ar\/?p=5353"},"modified":"2018-03-18T05:23:25","modified_gmt":"2018-03-18T05:23:25","slug":"musica-letra-y-libertad-andres-asia-en-vivo-y-mucho-mas-en-la-nota-azul","status":"publish","type":"post","link":"https:\/\/zumbalaturba.com.ar\/?p=5353","title":{"rendered":"M\u00fasica, letra y libertad. Andr\u00e9s Asia en vivo y mucho m\u00e1s en La Nota Azul"},"content":{"rendered":"<p style=\"padding-left: 150px;\"><span style=\"font-size: 14pt;\"><em>La m\u00fasica, la palabra escrita, la imagen, viajan en paralelo, fluyen por el mismo camino y se funden en una diversa percepci\u00f3n de lo id\u00e9ntico. Los efectos m\u00faltiples y diversificados de un arte pueden ser intraducibles. Pero en el pasaje que lleva de un arte hacia otro est\u00e1 la creaci\u00f3n, la novedad de una mirada, la invenci\u00f3n de un mundo.<\/em><\/span><\/p>\n<p><iframe id=\"audio_24587638\" style=\"border: 1px solid #EEE; box-sizing: border-box; width: 100%;\" src=\"https:\/\/ar.ivoox.com\/es\/player_ej_24587638_4_1.html?c1=ff6600\" width=\"300\" height=\"200\" frameborder=\"0\" scrolling=\"no\" allowfullscreen=\"allowfullscreen\"><\/iframe><\/p>\n<p><span style=\"font-size: 14pt;\">As\u00ed arrancaba este programa n\u00famero 125 de <strong>La Nota Azul<\/strong>, correspondiente al s\u00e1bado 17 de marzo de 2018. Como siempre, en el aire de radio <strong>Zumba La Turba<\/strong>, en la FM 99.5 de C\u00f3rdoba, Argentina.<\/span><\/p>\n<p><span style=\"font-size: 14pt;\">Comenzamos el programa con la m\u00fasica de <strong>Luis Nacht<\/strong> desde <strong><em>La Incertidumbre<\/em><\/strong>, obra realizada en conjunto con textos y lectura de <strong>Ricardo Piglia<\/strong> e im\u00e1genes de <strong>Eduardo Stup\u00eda<\/strong>, lanzada por el <em>Club del Disco<\/em> a finales del a\u00f1o 2014.<\/span><\/p>\n<p><img fetchpriority=\"high\" decoding=\"async\" class=\"aligncenter wp-image-1439\" src=\"http:\/\/lanotaazul.com.ar\/wp-content\/uploads\/2018\/03\/La-Incertidumbre.jpg\" alt=\"\" width=\"551\" height=\"368\" \/><\/p>\n<p><span style=\"font-size: 14pt;\">Recibimos la visita de <strong>Andr\u00e9s Asia<\/strong> que presenta su \u00faltimo disco <strong><em>Mugre, porno y<img decoding=\"async\" class=\"alignright size-full wp-image-1436\" src=\"http:\/\/lanotaazul.com.ar\/wp-content\/uploads\/2018\/03\/Andr\u00e9s-Asia-Disco.jpg\" alt=\"\" width=\"225\" height=\"225\" \/> animales<\/em><\/strong>, lanzado el pasado a\u00f1o 2017. <strong>Andr\u00e9s Asia<\/strong> toca en vivo en <strong>La Nota Azul<\/strong> y comenta los nuevos proyectos de la plataforma que dirige <a href=\"https:\/\/sonidoatmosfericoediciones.bandcamp.com\/\" target=\"_blank\" rel=\"noopener noreferrer\"><strong>Sonido Atmosf\u00e9rico<\/strong><\/a>.<\/span><\/p>\n<p><span style=\"font-size: 14pt;\"><img decoding=\"async\" class=\"alignleft wp-image-1443\" src=\"http:\/\/lanotaazul.com.ar\/wp-content\/uploads\/2018\/03\/Portada-Aullido.jpg\" alt=\"\" width=\"105\" height=\"152\" \/>La poes\u00eda se hace presente en el programa, no s\u00f3lo en la m\u00fasica de Andr\u00e9s Asia, sino tambi\u00e9n en la voz de <strong>Allen Ginsberg<\/strong> que trae su poema &#8220;<em>Am\u00e9rica<\/em>&#8220;, incluido en el libro <strong><em>Aullido y otros poemas<\/em><\/strong>, gentileza de <a href=\"https:\/\/www.facebook.com\/Dyrrachium-Libros-1659021617448796\/?ref=br_rs\" target=\"_blank\" rel=\"noopener noreferrer\"><strong>Dyrrachium Libros<\/strong><\/a>.<\/span><\/p>\n<p><span style=\"font-size: 14pt;\">Luego es el turno del <strong>Peter Br\u00f6tzmann Tr\u00edo<\/strong> que llega con <em><strong>Mayday<\/strong><\/em>, su presentaci\u00f3n en el Festival de Jazz de la ciudad de Frankfurt el 1 de mayo de 1966. Con <strong>Peter Br\u00f6tzmann<\/strong> en los saxos alto y bar\u00edtono, <strong>Peter Kowald<\/strong> en el contrabajo y <strong>Pierre Courbois<\/strong> en la bater\u00eda.<\/span><\/p>\n<p><span style=\"font-size: 14pt;\">Cerramos con una nueva entrega de la recreaci\u00f3n de la m\u00fasica de Charlie Parker a cargo de <strong>Anthony Braxton<\/strong> con su sexteto, m\u00fasica realizada en 1993 y relanzada recientemente de forma completa por la <em>Tri-Centric Foundation<\/em> y la <em>New Braxton House Records<\/em>.<\/span><\/p>\n<div id='gallery-1' class='gallery galleryid-5353 gallery-columns-2 gallery-size-medium'><figure class='gallery-item'>\n\t\t\t<div class='gallery-icon landscape'>\n\t\t\t\t<img loading=\"lazy\" decoding=\"async\" width=\"300\" height=\"300\" src=\"https:\/\/zumbalaturba.com.ar\/wp-content\/uploads\/2018\/03\/Peter-Brotzmann-trio-300x300.jpg\" class=\"attachment-medium size-medium\" alt=\"\" aria-describedby=\"gallery-1-5354\" srcset=\"https:\/\/zumbalaturba.com.ar\/wp-content\/uploads\/2018\/03\/Peter-Brotzmann-trio-300x300.jpg 300w, https:\/\/zumbalaturba.com.ar\/wp-content\/uploads\/2018\/03\/Peter-Brotzmann-trio-768x768.jpg 768w, https:\/\/zumbalaturba.com.ar\/wp-content\/uploads\/2018\/03\/Peter-Brotzmann-trio.jpg 1000w\" sizes=\"(max-width: 300px) 100vw, 300px\" \/>\n\t\t\t<\/div>\n\t\t\t\t<figcaption class='wp-caption-text gallery-caption' id='gallery-1-5354'>\n\t\t\t\tPeter Br\u00f6tzmann Trio\n\t\t\t\t<\/figcaption><\/figure><figure class='gallery-item'>\n\t\t\t<div class='gallery-icon landscape'>\n\t\t\t\t<img loading=\"lazy\" decoding=\"async\" width=\"300\" height=\"300\" src=\"https:\/\/zumbalaturba.com.ar\/wp-content\/uploads\/2018\/03\/Anthony-Braxton-1-300x300.jpg\" class=\"attachment-medium size-medium\" alt=\"\" aria-describedby=\"gallery-1-5355\" srcset=\"https:\/\/zumbalaturba.com.ar\/wp-content\/uploads\/2018\/03\/Anthony-Braxton-1-300x300.jpg 300w, https:\/\/zumbalaturba.com.ar\/wp-content\/uploads\/2018\/03\/Anthony-Braxton-1-768x768.jpg 768w, https:\/\/zumbalaturba.com.ar\/wp-content\/uploads\/2018\/03\/Anthony-Braxton-1-1024x1024.jpg 1024w, https:\/\/zumbalaturba.com.ar\/wp-content\/uploads\/2018\/03\/Anthony-Braxton-1.jpg 1044w\" sizes=\"(max-width: 300px) 100vw, 300px\" \/>\n\t\t\t<\/div>\n\t\t\t\t<figcaption class='wp-caption-text gallery-caption' id='gallery-1-5355'>\n\t\t\t\tAnthony Braxton Sextet (Parker) 1993\n\t\t\t\t<\/figcaption><\/figure>\n\t\t<\/div>\n\n<p>&nbsp;<\/p>\n<p><span style=\"font-size: 14pt;\">Todo eso y mucho m\u00e1s en dos horas de jazz, m\u00fasica y radio.<\/span><\/p>\n<p>&nbsp;<\/p>\n<p style=\"text-align: center;\"><span style=\"font-size: 14pt;\"><a href=\"http:\/\/lanotaazul.com.ar\/programas\/musica-letra-y-libertad-andres-asia-en-vivo-y-mucho-mas-en-la-nota-azul\/\" target=\"_blank\" rel=\"noopener noreferrer\"><strong><em>ESCUCHALO TAMBI\u00c9N POR AC\u00c1<\/em><\/strong><\/a><\/span><\/p>\n<p style=\"text-align: center;\">\n<p style=\"text-align: center;\"><img loading=\"lazy\" decoding=\"async\" class=\"aligncenter wp-image-1445 size-full\" src=\"http:\/\/lanotaazul.com.ar\/wp-content\/uploads\/2018\/03\/Andr\u00e9s-Asia-2.jpeg\" alt=\"\" width=\"1280\" height=\"720\" \/><\/p>\n<div class='share-to-whatsapp-wrapper'><div class='share-on-whsp'>Share on: <\/div><div class='clear '><\/div><\/div>","protected":false},"excerpt":{"rendered":"<p>La m\u00fasica, la palabra escrita, la imagen, viajan en paralelo, fluyen por el mismo camino y se funden en una diversa percepci\u00f3n de lo id\u00e9ntico. Los efectos m\u00faltiples y diversificados de un arte pueden ser intraducibles. Pero en el pasaje que lleva de un arte hacia otro est\u00e1 la creaci\u00f3n, la novedad de una mirada, [&hellip;]<\/p>\n","protected":false},"author":14,"featured_media":5356,"comment_status":"open","ping_status":"open","sticky":false,"template":"","format":"standard","meta":{"footnotes":""},"categories":[261],"tags":[81,52,293,305,296,166],"class_list":["post-5353","post","type-post","status-publish","format-standard","has-post-thumbnail","hentry","category-la-nota-azul","tag-agenda-cultural","tag-cultura","tag-jazz","tag-jazz-federal-club","tag-la-nota-azul","tag-musica"],"_links":{"self":[{"href":"https:\/\/zumbalaturba.com.ar\/index.php?rest_route=\/wp\/v2\/posts\/5353","targetHints":{"allow":["GET"]}}],"collection":[{"href":"https:\/\/zumbalaturba.com.ar\/index.php?rest_route=\/wp\/v2\/posts"}],"about":[{"href":"https:\/\/zumbalaturba.com.ar\/index.php?rest_route=\/wp\/v2\/types\/post"}],"author":[{"embeddable":true,"href":"https:\/\/zumbalaturba.com.ar\/index.php?rest_route=\/wp\/v2\/users\/14"}],"replies":[{"embeddable":true,"href":"https:\/\/zumbalaturba.com.ar\/index.php?rest_route=%2Fwp%2Fv2%2Fcomments&post=5353"}],"version-history":[{"count":0,"href":"https:\/\/zumbalaturba.com.ar\/index.php?rest_route=\/wp\/v2\/posts\/5353\/revisions"}],"wp:featuredmedia":[{"embeddable":true,"href":"https:\/\/zumbalaturba.com.ar\/index.php?rest_route=\/wp\/v2\/media\/5356"}],"wp:attachment":[{"href":"https:\/\/zumbalaturba.com.ar\/index.php?rest_route=%2Fwp%2Fv2%2Fmedia&parent=5353"}],"wp:term":[{"taxonomy":"category","embeddable":true,"href":"https:\/\/zumbalaturba.com.ar\/index.php?rest_route=%2Fwp%2Fv2%2Fcategories&post=5353"},{"taxonomy":"post_tag","embeddable":true,"href":"https:\/\/zumbalaturba.com.ar\/index.php?rest_route=%2Fwp%2Fv2%2Ftags&post=5353"}],"curies":[{"name":"wp","href":"https:\/\/api.w.org\/{rel}","templated":true}]}}