{"id":5364,"date":"2018-03-20T12:55:54","date_gmt":"2018-03-20T12:55:54","guid":{"rendered":"http:\/\/zumbalaturba.com.ar\/?p=5364"},"modified":"2018-03-20T13:11:38","modified_gmt":"2018-03-20T13:11:38","slug":"con-proyectos-a-favor-y-en-contra-arranca-esta-semana-el-debate-sobre-el-aborto","status":"publish","type":"post","link":"https:\/\/zumbalaturba.com.ar\/?p=5364","title":{"rendered":"Con proyectos a favor y en contra, arranca esta semana el debate sobre el aborto"},"content":{"rendered":"<p><strong>Cuatro comisiones del parlamento (Legislaci\u00f3n General, Penal, Familia y Salud), donde participan 100 diputados\/as tendr\u00e1n en su agenda de modo prioritario el debate del proyecto de Ley demandado por los movimientos de mujeres en nuestro pa\u00eds. Se estima que podr\u00edan ser invitados\/as a participar del debate en comisi\u00f3n a m\u00e1s de mil personas, las cuales podr\u00e1n argumentar a favor o en contra de la legalizaci\u00f3n del aborto.<\/strong><\/p>\n<p>El proyecto que re\u00fane mayor cantidad de adhesiones en la c\u00e1mara baja es el impulsado por la campa\u00f1a nacional por el aborto legal, seguro y gratuito, el cual cuenta con 71 adhesiones de diputadxs de lxs 256 que componen la c\u00e1mara y es apoyado por los bloques de Libres del Sur, Uni\u00f3n C\u00edvica Radical, Frente para la Victoria y Frente de Izquierda, Evoluci\u00f3n Radical y Movimiento Evita.<\/p>\n<p>El proyecto impulsado por la Campa\u00f1a propone despenalizar la interrupci\u00f3n voluntaria del embarazo hasta las 14 semanas de gestaci\u00f3n, y garantizar que cualquier persona gestante pueda acceder a ese derecho de forma gratuita en todos los establecimientos de salud del pa\u00eds. Se estima que son 450 mil abortos que se practican en nuestro pa\u00eds por a\u00f1o.<\/p>\n<p>Con 14 adhesiones se present\u00f3 el contra proyecto el cual es denominado &#8220;Ley de protecci\u00f3n integral de los derechos humanos de la mujer embarazada y de las ni\u00f1as y los ni\u00f1os por nacer&#8221;. Este proyecto fue elaborado por el diputado cordob\u00e9s Juan Br\u00fcgge, un dirigente de la democracia cristiana que actualmente integra el bloque C\u00f3rdoba Federal, que responde al gobernador de C\u00f3rdoba Juan Schiaretti e integra el interbloque Argentina Federal. El proyecto es acompa\u00f1ado por diputadxs de los bloques del PRO, Massismo, Frente C\u00edvico, Partido Justicialista, entre otrxs.<\/p>\n<p>Este proyecto sostiene que la protecci\u00f3n integral de los derechos de las mujeres embarazadas y de los ni\u00f1os por nacer que se encuentren en el territorio de la Rep\u00fablica Argentina, as\u00ed como el ejercicio y disfrute pleno, efectivo y permanente de aquellos derechos que se les reconocen en el ordenamiento jur\u00eddico nacional, de conformidad con lo establecido en el art\u00edculo 75, inciso 23, de la Constituci\u00f3n Nacional.<\/p>\n<p>En el proyecto anti aborto, se entiende por &#8220;ni\u00f1o por nacer&#8221; a todo ser humano desde el momento de la concepci\u00f3n o fertilizaci\u00f3n del \u00f3vulo, hasta el de su efectivo nacimiento.<\/p>\n<p>Tambi\u00e9n hay cuatro proyectos para que se convoque a consulta popular y dos proyectos m\u00e1s por la prohibici\u00f3n del aborto, pero estos ser\u00e1n tratados de forma aut\u00f3noma en el debate de comisiones.<\/p>\n<p>Se estima que el proyecto ser\u00eda tratado a mediados de junio en la C\u00e1mara de Diputados\/as.<\/p>\n<p><b>Macri y el <\/b><b>P<\/b><b>apa en contra de la despenalizaci\u00f3n del aborto<\/b><\/p>\n<p>Ante el inicio debate en el Congreso, el presidente de la Argentina y la autoridad m\u00e1xima del Vaticano, se pronunciaron a favor de \u201cdefender la vida\u201d. Con estas declaraciones se pretende interferir de modo directo dentro del parlamento y la sociedad toda, para contrarrestar el mayoritario apoyo que tiene la iniciativa de despenalizar el aborto en nuestro pa\u00eds en la poblaci\u00f3n.<\/p>\n<p>Si bien es cierto que una gran parte de la poblaci\u00f3n considera que el llamado de Macri a debatir en el parlamento sobre el aborto, responder\u00eda a una maniobra destructiva ante la escalada inflacionaria y la no reactivaci\u00f3n econ\u00f3mica, desde los movimientos de mujeres consideran que es un logro de a\u00f1os de lucha y la criminal realidad donde entre las mujeres embarazadas la primera causa de muerte es por abortos clandestinos.<\/p>\n<p>En lo que respecta a la injerencia de la Iglesia Cat\u00f3lica o Evangelista en el debate, una encuesta realizada recientemente revel\u00f3 que el 63% de la poblaci\u00f3n considera que la Iglesia debe abstenerse de opinar sobre el tema y el 50% sostiene que lxs Dpitadxs deber\u00edan considerar en su voto el drecho de las mujeres y no sus creencias religiosas.<\/p>\n<p><b>M\u00e1s de la mitad de la poblaci\u00f3n est\u00e1 a favor de despenalizar el aborto<\/b><\/p>\n<p>De cada 10 personas consultadas sobre la despenalizaci\u00f3n del aborto, 6 respondieron estar a favor, 3,5 que no y el resto no lo sabe.<\/p>\n<p>Un 98% de lxs argentinxs sabe sobre el tema. Un 59% est\u00e1 o muy o algo de acuerdo con la legalizaci\u00f3n. Y dos elementos m\u00e1s para reflexionar: un 48% de las personas encuestadas conocen a alguien que lo hizo, mientras que un 63% considera que la Iglesia debe abstenerse de opinar sobre el tema.<\/p>\n<p style=\"padding-left: 30px;\">Fuente: Estudio Situaci\u00f3n de la opini\u00f3n p\u00fablica con respecto al aborto, de Amnist\u00eda Internacional y Cedes, realizado por Quiddity. Encuenta realizada la primera semana de marzo de 2018.<\/p>\n<div class='share-to-whatsapp-wrapper'><div class='share-on-whsp'>Share on: <\/div><div class='clear '><\/div><\/div>","protected":false},"excerpt":{"rendered":"<p>Cuatro comisiones del parlamento (Legislaci\u00f3n General, Penal, Familia y Salud), donde participan 100 diputados\/as tendr\u00e1n en su agenda de modo prioritario el debate del proyecto de Ley demandado por los movimientos de mujeres en nuestro pa\u00eds. Se estima que podr\u00edan ser invitados\/as a participar del debate en comisi\u00f3n a m\u00e1s de mil personas, las cuales [&hellip;]<\/p>\n","protected":false},"author":2,"featured_media":5365,"comment_status":"open","ping_status":"open","sticky":false,"template":"","format":"standard","meta":{"footnotes":""},"categories":[18,5],"tags":[956,6],"class_list":["post-5364","post","type-post","status-publish","format-standard","has-post-thumbnail","hentry","category-elm","category-transfeminismos","tag-mujer","tag-aborto"],"_links":{"self":[{"href":"https:\/\/zumbalaturba.com.ar\/index.php?rest_route=\/wp\/v2\/posts\/5364","targetHints":{"allow":["GET"]}}],"collection":[{"href":"https:\/\/zumbalaturba.com.ar\/index.php?rest_route=\/wp\/v2\/posts"}],"about":[{"href":"https:\/\/zumbalaturba.com.ar\/index.php?rest_route=\/wp\/v2\/types\/post"}],"author":[{"embeddable":true,"href":"https:\/\/zumbalaturba.com.ar\/index.php?rest_route=\/wp\/v2\/users\/2"}],"replies":[{"embeddable":true,"href":"https:\/\/zumbalaturba.com.ar\/index.php?rest_route=%2Fwp%2Fv2%2Fcomments&post=5364"}],"version-history":[{"count":0,"href":"https:\/\/zumbalaturba.com.ar\/index.php?rest_route=\/wp\/v2\/posts\/5364\/revisions"}],"wp:featuredmedia":[{"embeddable":true,"href":"https:\/\/zumbalaturba.com.ar\/index.php?rest_route=\/wp\/v2\/media\/5365"}],"wp:attachment":[{"href":"https:\/\/zumbalaturba.com.ar\/index.php?rest_route=%2Fwp%2Fv2%2Fmedia&parent=5364"}],"wp:term":[{"taxonomy":"category","embeddable":true,"href":"https:\/\/zumbalaturba.com.ar\/index.php?rest_route=%2Fwp%2Fv2%2Fcategories&post=5364"},{"taxonomy":"post_tag","embeddable":true,"href":"https:\/\/zumbalaturba.com.ar\/index.php?rest_route=%2Fwp%2Fv2%2Ftags&post=5364"}],"curies":[{"name":"wp","href":"https:\/\/api.w.org\/{rel}","templated":true}]}}