{"id":5487,"date":"2018-04-07T16:57:20","date_gmt":"2018-04-07T19:57:20","guid":{"rendered":"http:\/\/zumbalaturba.com.ar\/?p=5487"},"modified":"2023-10-14T20:03:51","modified_gmt":"2023-10-14T23:03:51","slug":"5487","status":"publish","type":"post","link":"https:\/\/zumbalaturba.com.ar\/?p=5487","title":{"rendered":"Mis ideas ya est\u00e1n en el aire y mi coraz\u00f3n va a latir con ustedes"},"content":{"rendered":"<p style=\"text-align: left;\">Habla <a class=\"_58cn\" href=\"https:\/\/www.facebook.com\/hashtag\/lula?source=feed_text\" data-ft=\"{&quot;tn&quot;:&quot;*N&quot;,&quot;type&quot;:104}\"><span class=\"_5afx\"><span class=\"_58cl _5afz\">#<\/span><span class=\"_58cm\">Lula<\/span><\/span><\/a> desde el Sindicato Metal\u00fargico en Sao Pablo &#8211; Brasil, lugar donde resiste por su libertad. El acto se realiza en el homenaje a su esposa Marisa Leticia, fallecida hace un a\u00f1o.<a class=\"_58cn\" href=\"https:\/\/www.facebook.com\/hashtag\/lulalivre?source=feed_text\" data-ft=\"{&quot;tn&quot;:&quot;*N&quot;,&quot;type&quot;:104}\"><span class=\"_5afx\"><span class=\"_58cl _5afz\"><br \/>\n<\/span><\/span><\/a><\/p>\n<p style=\"text-align: center;\"><iframe style=\"border: none; overflow: hidden;\" src=\"https:\/\/www.facebook.com\/plugins\/video.php?href=https%3A%2F%2Fwww.facebook.com%2Fzumba.laturba%2Fvideos%2F1587017228078289%2F&amp;show_text=0&amp;width=560\" width=\"560\" height=\"314\" frameborder=\"0\" scrolling=\"no\" allowfullscreen=\"allowfullscreen\"><\/iframe><\/p>\n<p style=\"text-align: center;\"><iframe style=\"border: none; overflow: hidden;\" src=\"https:\/\/www.facebook.com\/plugins\/video.php?href=https%3A%2F%2Fwww.facebook.com%2Fzumba.laturba%2Fvideos%2F1587100574736621%2F&amp;show_text=0&amp;width=560\" width=\"560\" height=\"314\" frameborder=\"0\" scrolling=\"no\" allowfullscreen=\"allowfullscreen\"><\/iframe><\/p>\n<div id=\"js_a\" class=\"_5pbx userContent _3576\" data-ft=\"{&quot;tn&quot;:&quot;K&quot;}\">\n<p>Lula da Silva en un vibrante discurso: \u201cNo pueden acabar con mis ideas y sue\u00f1os, hay miles de Lula\u201d<\/p>\n<p>Miles de brasile\u00f1os acompa\u00f1an a Lula para expresar su apoyo a que permanezca libre y en defensa de la democracia brasile\u00f1a.<\/p>\n<p>El exmandatario brasile\u00f1o, Luiz In\u00e1cio Lula da Silva, habla este s\u00e1bado ante la multitud de simpatizantes que lo acompa\u00f1a en el Sindicato de los Metal\u00fargicos de Sao Paulo, tras una misa en homenaje a su difunta esposa.<\/p>\n<p>\u201cEllos quieren llevarme a una prisi\u00f3n preventiva porque rechazaron mi habeas corpus. Ellos no saben que hay miles de Lulas, que mis ideas ya est\u00e1n en el aires y mi coraz\u00f3n va a latir con ustedes\u201d, expres\u00f3 Lula ante la multitud e indic\u00f3 que acatar\u00e1 la orden de prisi\u00f3n su contra.<\/p>\n<p>\u201cNo vale la pena tratar de acabar con mis ideas, porque ya est\u00e1n en el aire, no vale la pena tratar de parar mis sue\u00f1os, porque yo so\u00f1ar\u00e9 en sus cabezas, con sus ojos\u201d, afirm\u00f3 el exmandatario.<\/p>\n<p>Asimismo, record\u00f3 que su \u00fanico crimen fue dar voz a los excluidos y exigi\u00f3 al juez S\u00e9rgio Moro demostrar alguna prueba de la supuesta corrupci\u00f3n por la cual es procesado.<\/p>\n<p>\u201cYo estoy siendo proceso por un apartamento que no es mio y ellos saben que la red globo minti\u00f3, el Ministerio P\u00fablico minti\u00f3 al decir que era mio y Moro minti\u00f3 y me conden\u00f3 a prisi\u00f3n\u201d, enfatiz\u00f3.<\/p>\n<p>\u201cTengo m\u00e1s de 70 horas en los noticieros de Globo atac\u00e1ndome. Pero no ven que cuanto m\u00e1s me atacan m\u00e1s crece mi relaci\u00f3n con el pueblo\u201d, dijo.<\/p>\n<p>Lula, rodeado de militantes de izquierda y de sus simpatizantes, afirm\u00f3 ser un constructor de sue\u00f1os y por ello involucr\u00f3 a millones de personas en las universidades y gener\u00f3 millones de empleos. \u201cYo so\u00f1\u00e9 que era posible que un metal\u00fargico sin t\u00edtulo universitario fuera capaz de dirigir el pa\u00eds, yo so\u00f1\u00e9 que era posible disminuir la mortalidad infantil, y voy a hacer mucho m\u00e1s\u201d, exclam\u00f3.<\/p>\n<p>El precandidato presidencial reiter\u00f3 que no est\u00e1 por encima de la justicia, pero cree en \u201cuna justicia verdaderamente justa que tenga un proceso basado en pruebas concretas, pero no puedo admitir, que un fiscal que realiz\u00f3 una presentaci\u00f3n de power point, diga que el Partido de los Trabajadores es una organizaci\u00f3n criminal y que Lula es el jefe\u201d.<\/p>\n<p>Sobre el Sindicato de los Metal\u00fargicos, Lula afirm\u00f3: \u201cEsta fue mi escuela, aqu\u00ed aprend\u00ed sociolog\u00eda, econom\u00eda, f\u00edsica, qu\u00edmica, y aprend\u00ed a hacer pol\u00edtica porque fui presidente del sindicato, cada vez que ten\u00eda una duda iba a las f\u00e1bricas a preguntar a la gente\u201d.<\/p>\n<p>\u201cYo nac\u00ed en este sindicato, cuando llegu\u00e9 era algo muy peque\u00f1o, yo fui director de una escuela de formaci\u00f3n con 1.800 estudiantes\u201d, asever\u00f3.<\/p>\n<p>Lula record\u00f3 que \u201cparte de la conquista de la democracia brasile\u00f1a se la debemos a este sindicato a partir de 1978\u201d.<\/p>\n<p>Miles de simpatizantes de Lula lo acompa\u00f1an este s\u00e1bado en un acto en el Sindicato de los Metal\u00fargicos de Sao Paulo, donde m\u00e1s temprano se realiz\u00f3 una misa en homenaje a la difunta esposa de exmandatario.<\/p>\n<p>La presidenta constitucional de Brasil, destituida por un golpe parlamentario, Dilma Rousseff, est\u00e1 presente en el acto junto a los l\u00edderes del Partido de los Trabajadores (PT) y de la izquierda brasile\u00f1a.<\/p>\n<p>\u201cSoy muy agradecido a Dilma, comparto el \u00e9xito de nuestras presidencias com tu. Independiente de lo que haya pasado\u201d, dijo Lula durante su alocuci\u00f3n.<\/p>\n<p>El expresidente advirti\u00f3 que el golpe no termin\u00f3 con Dilma y este solo va a concluir \u201ccuando ellos logren convencer que el pueblo no puede ser candidato a la Presidencia de la Rep\u00fablica\u201d, porque \u201cel pobre no puede tener derechos por encima de ellos\u201d.<\/p>\n<\/div>\n<div class='share-to-whatsapp-wrapper'><div class='share-on-whsp'>Share on: <\/div><div class='clear '><\/div><\/div>","protected":false},"excerpt":{"rendered":"<p>Habla #Lula desde el Sindicato Metal\u00fargico en Sao Pablo &#8211; Brasil, lugar donde resiste por su libertad. El acto se realiza en el homenaje a su esposa Marisa Leticia, fallecida hace un a\u00f1o. Lula da Silva en un vibrante discurso: \u201cNo pueden acabar con mis ideas y sue\u00f1os, hay miles de Lula\u201d Miles de brasile\u00f1os [&hellip;]<\/p>\n","protected":false},"author":2,"featured_media":5490,"comment_status":"open","ping_status":"open","sticky":false,"template":"","format":"standard","meta":{"footnotes":""},"categories":[1241,15,1240],"tags":[966,963],"class_list":["post-5487","post","type-post","status-publish","format-standard","has-post-thumbnail","hentry","category-ddhh","category-la-zumba","category-transfronterizo","tag-fuerzalula","tag-lulalivre"],"_links":{"self":[{"href":"https:\/\/zumbalaturba.com.ar\/index.php?rest_route=\/wp\/v2\/posts\/5487","targetHints":{"allow":["GET"]}}],"collection":[{"href":"https:\/\/zumbalaturba.com.ar\/index.php?rest_route=\/wp\/v2\/posts"}],"about":[{"href":"https:\/\/zumbalaturba.com.ar\/index.php?rest_route=\/wp\/v2\/types\/post"}],"author":[{"embeddable":true,"href":"https:\/\/zumbalaturba.com.ar\/index.php?rest_route=\/wp\/v2\/users\/2"}],"replies":[{"embeddable":true,"href":"https:\/\/zumbalaturba.com.ar\/index.php?rest_route=%2Fwp%2Fv2%2Fcomments&post=5487"}],"version-history":[{"count":0,"href":"https:\/\/zumbalaturba.com.ar\/index.php?rest_route=\/wp\/v2\/posts\/5487\/revisions"}],"wp:featuredmedia":[{"embeddable":true,"href":"https:\/\/zumbalaturba.com.ar\/index.php?rest_route=\/wp\/v2\/media\/5490"}],"wp:attachment":[{"href":"https:\/\/zumbalaturba.com.ar\/index.php?rest_route=%2Fwp%2Fv2%2Fmedia&parent=5487"}],"wp:term":[{"taxonomy":"category","embeddable":true,"href":"https:\/\/zumbalaturba.com.ar\/index.php?rest_route=%2Fwp%2Fv2%2Fcategories&post=5487"},{"taxonomy":"post_tag","embeddable":true,"href":"https:\/\/zumbalaturba.com.ar\/index.php?rest_route=%2Fwp%2Fv2%2Ftags&post=5487"}],"curies":[{"name":"wp","href":"https:\/\/api.w.org\/{rel}","templated":true}]}}