{"id":5502,"date":"2018-04-07T22:59:51","date_gmt":"2018-04-07T22:59:51","guid":{"rendered":"http:\/\/zumbalaturba.com.ar\/?p=5502"},"modified":"2018-04-07T23:29:04","modified_gmt":"2018-04-07T23:29:04","slug":"encuentran-a-aymara-guevara","status":"publish","type":"post","link":"https:\/\/zumbalaturba.com.ar\/?p=5502","title":{"rendered":"Encuentran a Aymara Guevara"},"content":{"rendered":"<p style=\"text-align: justify;\"><strong>Desde la Polic\u00eda de C\u00f3rdoba se confirm\u00f3 que apareci\u00f3 este viernes por la tarde Aymara Guevara\u00a0 \u201cdeambulando\u201d sola por la ruta 38, que lleva a Capilla del Monte. Aparentemente, seg\u00fan fuentes, la joven se encontrar\u00eda en buen estado de salud.<\/strong><\/p>\n<p>&nbsp;<\/p>\n<p style=\"text-align: justify;\"><img fetchpriority=\"high\" decoding=\"async\" class=\"size-medium wp-image-5510 alignright\" src=\"https:\/\/zumbalaturba.com.ar\/wp-content\/uploads\/2018\/04\/20180406153105_32245125_0_body-1-281x300.jpg\" alt=\"20180406153105_32245125_0_body\" width=\"281\" height=\"300\" srcset=\"https:\/\/zumbalaturba.com.ar\/wp-content\/uploads\/2018\/04\/20180406153105_32245125_0_body-1-281x300.jpg 281w, https:\/\/zumbalaturba.com.ar\/wp-content\/uploads\/2018\/04\/20180406153105_32245125_0_body-1.jpg 538w\" sizes=\"(max-width: 281px) 100vw, 281px\" \/>Guevara tiene 19 a\u00f1os y es oriunda de Arroyo de los Patos. Su imagen recorri\u00f3 las redes sociales en la \u00faltima semana en el momento en que su familia radic\u00f3 la denuncia por su desaparici\u00f3n. Familiares cuentan que la joven \u201csali\u00f3 a pagar unas cuentas\u201d tras lo cual\u00a0 no retorn\u00f3 a su hogar.<\/p>\n<p style=\"text-align: justify;\">Fuentes indicar\u00edan que luego de las pericias correspondientes, la joven retornar\u00eda a su hogar. Interviene la Fiscal\u00eda de la ciudad de Cosqu\u00edn en el caso. Ampliaremos.<\/p>\n<div class='share-to-whatsapp-wrapper'><div class='share-on-whsp'>Share on: <\/div><div class='clear '><\/div><\/div>","protected":false},"excerpt":{"rendered":"<p>Desde la Polic\u00eda de C\u00f3rdoba se confirm\u00f3 que apareci\u00f3 este viernes por la tarde Aymara Guevara\u00a0 \u201cdeambulando\u201d sola por la ruta 38, que lleva a Capilla del Monte. Aparentemente, seg\u00fan fuentes, la joven se encontrar\u00eda en buen estado de salud. &nbsp; Guevara tiene 19 a\u00f1os y es oriunda de Arroyo de los Patos. Su imagen [&hellip;]<\/p>\n","protected":false},"author":24,"featured_media":5512,"comment_status":"open","ping_status":"open","sticky":false,"template":"","format":"standard","meta":{"footnotes":""},"categories":[5],"tags":[181,967,335],"class_list":["post-5502","post","type-post","status-publish","format-standard","has-post-thumbnail","hentry","category-transfeminismos","tag-cordoba","tag-desaparicion","tag-generos"],"_links":{"self":[{"href":"https:\/\/zumbalaturba.com.ar\/index.php?rest_route=\/wp\/v2\/posts\/5502","targetHints":{"allow":["GET"]}}],"collection":[{"href":"https:\/\/zumbalaturba.com.ar\/index.php?rest_route=\/wp\/v2\/posts"}],"about":[{"href":"https:\/\/zumbalaturba.com.ar\/index.php?rest_route=\/wp\/v2\/types\/post"}],"author":[{"embeddable":true,"href":"https:\/\/zumbalaturba.com.ar\/index.php?rest_route=\/wp\/v2\/users\/24"}],"replies":[{"embeddable":true,"href":"https:\/\/zumbalaturba.com.ar\/index.php?rest_route=%2Fwp%2Fv2%2Fcomments&post=5502"}],"version-history":[{"count":0,"href":"https:\/\/zumbalaturba.com.ar\/index.php?rest_route=\/wp\/v2\/posts\/5502\/revisions"}],"wp:featuredmedia":[{"embeddable":true,"href":"https:\/\/zumbalaturba.com.ar\/index.php?rest_route=\/wp\/v2\/media\/5512"}],"wp:attachment":[{"href":"https:\/\/zumbalaturba.com.ar\/index.php?rest_route=%2Fwp%2Fv2%2Fmedia&parent=5502"}],"wp:term":[{"taxonomy":"category","embeddable":true,"href":"https:\/\/zumbalaturba.com.ar\/index.php?rest_route=%2Fwp%2Fv2%2Fcategories&post=5502"},{"taxonomy":"post_tag","embeddable":true,"href":"https:\/\/zumbalaturba.com.ar\/index.php?rest_route=%2Fwp%2Fv2%2Ftags&post=5502"}],"curies":[{"name":"wp","href":"https:\/\/api.w.org\/{rel}","templated":true}]}}