{"id":5521,"date":"2018-04-09T02:07:03","date_gmt":"2018-04-09T02:07:03","guid":{"rendered":"http:\/\/zumbalaturba.com.ar\/?p=5521"},"modified":"2018-04-09T02:07:03","modified_gmt":"2018-04-09T02:07:03","slug":"una-determinacion-superior-desde-el-mundo-de-cecil-taylor-hasta-el-novedoso-mayo-de-nicolas-ojeda","status":"publish","type":"post","link":"https:\/\/zumbalaturba.com.ar\/?p=5521","title":{"rendered":"Una determinaci\u00f3n superior: Desde el mundo de Cecil Taylor hasta el novedoso Mayo de Nicol\u00e1s Ojeda"},"content":{"rendered":"<p style=\"padding-left: 150px;\"><span style=\"font-size: 14pt;\"><em>\u00bfDe cu\u00e1ntas historias diversas se compone el mundo? \u00bfCu\u00e1ntos sonidos son los que le imponen su cadencia, su ritmo, los que le dan forma a su m\u00fasica? \u00bfCu\u00e1ntas m\u00fasicas suenan en una m\u00fasica, creada para ser la melod\u00eda definitiva del tiempo? El material dis\u00edmil de lo popular, lo acad\u00e9mico, lo cl\u00e1sico, lo contempor\u00e1neo confluye en una creaci\u00f3n osada para inventar, de alguna manera, un sentido para el mundo. O imaginar al menos qu\u00e9 forma y sentido puede tener <strong>el mundo de Cecil Taylor<\/strong>.<\/em><\/span><\/p>\n<p><iframe id=\"audio_25183488\" style=\"border: 1px solid #EEE; box-sizing: border-box; width: 100%;\" src=\"https:\/\/ar.ivoox.com\/es\/player_ej_25183488_4_1.html?c1=ff6600\" width=\"300\" height=\"200\" frameborder=\"0\" scrolling=\"no\" allowfullscreen=\"allowfullscreen\"><\/iframe><\/p>\n<p><span style=\"font-size: 14pt;\">As\u00ed empezaba este programa n\u00famero 127 de <strong><img fetchpriority=\"high\" decoding=\"async\" class=\"alignright wp-image-1489 \" src=\"http:\/\/lanotaazul.com.ar\/wp-content\/uploads\/2018\/04\/The-world-of-Cecil-Taylor-296x300.jpg\" alt=\"\" width=\"312\" height=\"316\" \/>La Nota Azul<\/strong>,\u00a0este s\u00e1bado 7 de abril de\u00a02018. Siempre, claro, desde el aire de radio <strong>Zumba La Turba<\/strong>, en la FM 99.5 de C\u00f3rdoba, Argentina.\u00a0<\/span><span style=\"font-size: 14pt;\">&gt; www.zumbalaturba.com.ar &lt;<\/span><\/p>\n<p><span style=\"font-size: 14pt;\">Comenzamos, como no pod\u00eda ser distinto, con una reivindicaci\u00f3n del mundo de Cecil Taylor, en ocasi\u00f3n de su reciente fallecimiento el pasado 5 de abril. <em><strong>The World Of Cecil Taylor<\/strong><\/em>, disco grabado en 1960 musicaliza el primer bloque del programa. Tambi\u00e9n apelamos a la literatura y retomamos un fragmento de <strong>C\u00e9sar Aira<\/strong>, de su texto titulado precisamente <em>Cecil Taylor<\/em>.<\/span><\/p>\n<p><span style=\"font-size: 14pt;\">Luego es el turno de la m\u00fasica de <strong>Nicol\u00e1s Ojeda<\/strong>, contrabajista, bajista y compositor cordob\u00e9s que reside en Buenos Aires desde 1994. Escuchamos parte de su primer disco Posibles d\u00edas en sue\u00f1os, lanzado en 2013 por <em>PAI Records<\/em>, un \u00e1lbum que \u00e9l defini\u00f3 como \u201cun disco instrumental de jazz contempor\u00e1neo y moderno con aportes de ritmos y climas desde folclore y tango al drum and bass y freejazz pero con formato ac\u00fastico cl\u00e1sico y mucho hincapi\u00e9 en el groove y melod\u00edas sensibles.&#8221; En 2017 Ojeda grab\u00f3 <strong><em>MAYO<\/em><\/strong>, su segundo disco, que califica como &#8220;un poco m\u00e1s oscuro y ecl\u00e9ctico que el anterior&#8221;.<\/span><\/p>\n<p>&nbsp;<\/p>\n<p><span style=\"font-size: 14pt;\">Charlamos con <strong>Nicol\u00e1s Ojeda<\/strong> sobre las novedades que presenta este nuevo \u00e1lbum Mayo, el concepto del disco, el trabajo compositivo y nuevos proyectos que se abren en su creativa e inquieta cabeza.<\/span><\/p>\n<div id='gallery-1' class='gallery galleryid-5521 gallery-columns-2 gallery-size-medium'><figure class='gallery-item'>\n\t\t\t<div class='gallery-icon landscape'>\n\t\t\t\t<img decoding=\"async\" width=\"300\" height=\"300\" src=\"https:\/\/zumbalaturba.com.ar\/wp-content\/uploads\/2018\/04\/Nicol\u00e1s-Ojeda-Posibles-d\u00edas-en-sue\u00f1os-300x300.jpg\" class=\"attachment-medium size-medium\" alt=\"\" srcset=\"https:\/\/zumbalaturba.com.ar\/wp-content\/uploads\/2018\/04\/Nicol\u00e1s-Ojeda-Posibles-d\u00edas-en-sue\u00f1os-300x300.jpg 300w, https:\/\/zumbalaturba.com.ar\/wp-content\/uploads\/2018\/04\/Nicol\u00e1s-Ojeda-Posibles-d\u00edas-en-sue\u00f1os-768x768.jpg 768w, https:\/\/zumbalaturba.com.ar\/wp-content\/uploads\/2018\/04\/Nicol\u00e1s-Ojeda-Posibles-d\u00edas-en-sue\u00f1os-1024x1024.jpg 1024w, https:\/\/zumbalaturba.com.ar\/wp-content\/uploads\/2018\/04\/Nicol\u00e1s-Ojeda-Posibles-d\u00edas-en-sue\u00f1os.jpg 1417w\" sizes=\"(max-width: 300px) 100vw, 300px\" \/>\n\t\t\t<\/div><\/figure><figure class='gallery-item'>\n\t\t\t<div class='gallery-icon landscape'>\n\t\t\t\t<img decoding=\"async\" width=\"300\" height=\"300\" src=\"https:\/\/zumbalaturba.com.ar\/wp-content\/uploads\/2018\/04\/Nicol\u00e1s-Ojeda-Mayo-tapa-300x300.jpg\" class=\"attachment-medium size-medium\" alt=\"\" srcset=\"https:\/\/zumbalaturba.com.ar\/wp-content\/uploads\/2018\/04\/Nicol\u00e1s-Ojeda-Mayo-tapa-300x300.jpg 300w, https:\/\/zumbalaturba.com.ar\/wp-content\/uploads\/2018\/04\/Nicol\u00e1s-Ojeda-Mayo-tapa-768x768.jpg 768w, https:\/\/zumbalaturba.com.ar\/wp-content\/uploads\/2018\/04\/Nicol\u00e1s-Ojeda-Mayo-tapa.jpg 1024w\" sizes=\"(max-width: 300px) 100vw, 300px\" \/>\n\t\t\t<\/div><\/figure>\n\t\t<\/div>\n\n<p><span style=\"font-size: 14pt;\">El \u00e1lbum <strong>Mayo<\/strong> ser\u00e1 lanzado justamente en mayo de este a\u00f1o por <em>PAI Records<\/em>. Para ello, se encuentra vigente hasta el 30 de abril una campa\u00f1a de financiamiento colectivo. Se puede participar desde la p\u00e1gina web de <strong>Nicol\u00e1s Ojeda<\/strong>: <a href=\"http:\/\/www.nicolasojeda.com.ar\/campana-de-financiamiento-de-mi-nuevo-disco-mayo\/\">http:\/\/www.nicolasojeda.com.ar\/<\/a><\/span><\/p>\n<p><a href=\"http:\/\/www.nicolasojeda.com.ar\/campana-de-financiamiento-de-mi-nuevo-disco-mayo\/\" target=\"_blank\" rel=\"noopener noreferrer\"><img loading=\"lazy\" decoding=\"async\" class=\"aligncenter wp-image-1486\" src=\"http:\/\/lanotaazul.com.ar\/wp-content\/uploads\/2018\/04\/Nicol\u00e1s-Ojeda-2.jpg\" alt=\"\" width=\"516\" height=\"331\" \/><\/a><\/p>\n<p><span style=\"font-size: 14pt;\">Tambi\u00e9n hay fecha de presentaci\u00f3n oficial en vivo: viernes 25 de mayo a las 23:30hs en <em>Notorious,<\/em> Callao 966, CABA.<\/span><\/p>\n<p><span style=\"font-size: 14pt;\">Suena un fragmento de <em><strong>Mayo,<\/strong><\/em> pr\u00f3ximo a ser lanzado&#8230;<\/span><\/p>\n<p><span style=\"font-size: 14pt;\">El programa se interrumpe abruptamente por problemas t\u00e9cnicos (concretamente, se cort\u00f3 la luz), pero igualmente pueden disfrutar esta hora de radio con <strong>La Nota Azul<\/strong> y dejarse llevar por el jazz y otras formas libres.<\/span><\/p>\n<p>&nbsp;<\/p>\n<p style=\"text-align: center;\"><span style=\"font-size: 14pt;\"><a href=\"http:\/\/lanotaazul.com.ar\/programas\/una-determinacion-superior-desde-el-mundo-de-cecil-taylor-hasta-el-novedoso-mayo-de-nicolas-ojeda\/\" target=\"_blank\" rel=\"noopener noreferrer\"><strong><em>ESCUCHALO TAMBI\u00c9N POR AC\u00c1<\/em><\/strong><\/a><\/span><\/p>\n<div class='share-to-whatsapp-wrapper'><div class='share-on-whsp'>Share on: <\/div><div class='clear '><\/div><\/div>","protected":false},"excerpt":{"rendered":"<p>\u00bfDe cu\u00e1ntas historias diversas se compone el mundo? \u00bfCu\u00e1ntos sonidos son los que le imponen su cadencia, su ritmo, los que le dan forma a su m\u00fasica? \u00bfCu\u00e1ntas m\u00fasicas suenan en una m\u00fasica, creada para ser la melod\u00eda definitiva del tiempo? El material dis\u00edmil de lo popular, lo acad\u00e9mico, lo cl\u00e1sico, lo contempor\u00e1neo confluye en [&hellip;]<\/p>\n","protected":false},"author":14,"featured_media":5522,"comment_status":"open","ping_status":"open","sticky":false,"template":"","format":"standard","meta":{"footnotes":""},"categories":[261],"tags":[81,52,293,305,296,166],"class_list":["post-5521","post","type-post","status-publish","format-standard","has-post-thumbnail","hentry","category-la-nota-azul","tag-agenda-cultural","tag-cultura","tag-jazz","tag-jazz-federal-club","tag-la-nota-azul","tag-musica"],"_links":{"self":[{"href":"https:\/\/zumbalaturba.com.ar\/index.php?rest_route=\/wp\/v2\/posts\/5521","targetHints":{"allow":["GET"]}}],"collection":[{"href":"https:\/\/zumbalaturba.com.ar\/index.php?rest_route=\/wp\/v2\/posts"}],"about":[{"href":"https:\/\/zumbalaturba.com.ar\/index.php?rest_route=\/wp\/v2\/types\/post"}],"author":[{"embeddable":true,"href":"https:\/\/zumbalaturba.com.ar\/index.php?rest_route=\/wp\/v2\/users\/14"}],"replies":[{"embeddable":true,"href":"https:\/\/zumbalaturba.com.ar\/index.php?rest_route=%2Fwp%2Fv2%2Fcomments&post=5521"}],"version-history":[{"count":0,"href":"https:\/\/zumbalaturba.com.ar\/index.php?rest_route=\/wp\/v2\/posts\/5521\/revisions"}],"wp:featuredmedia":[{"embeddable":true,"href":"https:\/\/zumbalaturba.com.ar\/index.php?rest_route=\/wp\/v2\/media\/5522"}],"wp:attachment":[{"href":"https:\/\/zumbalaturba.com.ar\/index.php?rest_route=%2Fwp%2Fv2%2Fmedia&parent=5521"}],"wp:term":[{"taxonomy":"category","embeddable":true,"href":"https:\/\/zumbalaturba.com.ar\/index.php?rest_route=%2Fwp%2Fv2%2Fcategories&post=5521"},{"taxonomy":"post_tag","embeddable":true,"href":"https:\/\/zumbalaturba.com.ar\/index.php?rest_route=%2Fwp%2Fv2%2Ftags&post=5521"}],"curies":[{"name":"wp","href":"https:\/\/api.w.org\/{rel}","templated":true}]}}