{"id":5607,"date":"2018-04-15T20:01:02","date_gmt":"2018-04-15T20:01:02","guid":{"rendered":"http:\/\/zumbalaturba.com.ar\/?p=5607"},"modified":"2018-04-15T20:01:02","modified_gmt":"2018-04-15T20:01:02","slug":"interaccion-jazz-y-otras-formas-libres-en-la-nota-azul","status":"publish","type":"post","link":"https:\/\/zumbalaturba.com.ar\/?p=5607","title":{"rendered":"Interacci\u00f3n: jazz y otras formas libres en La Nota Azul"},"content":{"rendered":"<p style=\"padding-left: 150px;\"><em><span style=\"font-size: 14pt;\">Aqu\u00ed se puede escuchar el programa n\u00famero 128 de <\/span><\/em><span style=\"font-size: 14pt;\"><strong>La Nota Azul<\/strong><\/span><em><span style=\"font-size: 14pt;\">, correspondiente al s\u00e1bado 14 de abril de 2018. Radio <\/span><\/em><span style=\"font-size: 14pt;\"><strong>Zumba La Turba<\/strong><\/span><em><span style=\"font-size: 14pt;\">, FM 99.5, C\u00f3rdoba, Argentina\u00a0<\/span><span style=\"font-size: 14pt;\">&gt; www.zumbalaturba.com.ar &lt;<\/span><\/em><\/p>\n<p><iframe id=\"audio_25369929\" style=\"border: 1px solid #EEE; box-sizing: border-box; width: 100%;\" src=\"https:\/\/ar.ivoox.com\/es\/player_ej_25369929_4_1.html?c1=ff6600\" width=\"300\" height=\"200\" frameborder=\"0\" scrolling=\"no\" allowfullscreen=\"allowfullscreen\"><\/iframe><\/p>\n<p><span style=\"font-size: 14pt;\">Comenzamos con un disco de <strong>Bill Evans<\/strong> del <img fetchpriority=\"high\" decoding=\"async\" class=\"alignright size-medium wp-image-1498\" src=\"http:\/\/lanotaazul.com.ar\/wp-content\/uploads\/2018\/04\/rm-445-bill-evans-interplay-riverside-cover-1920-ljc-300x300.jpg\" alt=\"\" width=\"300\" height=\"300\" \/>a\u00f1o 1962: <strong><em>Interplay<\/em><\/strong>, en formato de quinteto, con <strong>Percy Heath<\/strong> en el contrabajo, <strong>Philly Joe Jones<\/strong> en la bater\u00eda, <strong>Jim Hall<\/strong> en guitarra\u00a0<\/span><span style=\"font-size: 14pt;\">y <strong>Freddie Hubbard<\/strong> en trompeta.<\/span><\/p>\n<p><span style=\"font-size: 14pt;\">Luego escuchamos al <strong>Oscar Giunta Supertr\u00edo<\/strong>, que re\u00fane a <strong>Arturo Puertas<\/strong> en contrabajo y <strong>Hern\u00e1n Jacinto<\/strong> en piano, adem\u00e1s por supuesto de <strong>Oscar Giunta<\/strong> en la bater\u00eda. Comentamos el concierto en R\u00edo Cuarto, que fue parte de una peque\u00f1a gira por el centro del pa\u00eds, que incluy\u00f3 la Ciudad de C\u00f3rdoba y Ca\u00f1ada de G\u00f3mez, en la provincia de Santa Fe.<\/span><\/p>\n<p>&nbsp;<\/p>\n<figure id=\"attachment_1504\" aria-describedby=\"caption-attachment-1504\" style=\"width: 640px\" class=\"wp-caption aligncenter\"><img decoding=\"async\" class=\"wp-image-1504 size-large\" title=\"Oscar Giunta Supertr\u00edo en vivo en ciudad de R\u00edo Cuarto, C\u00f3rdoba.\" src=\"http:\/\/lanotaazul.com.ar\/wp-content\/uploads\/2018\/04\/Oscar-Giunta-1024x577.jpeg\" alt=\"\" width=\"640\" height=\"361\" \/><figcaption id=\"caption-attachment-1504\" class=\"wp-caption-text\">Oscar Giunta Supertr\u00edo en vivo en ciudad de R\u00edo Cuarto, C\u00f3rdoba.<\/figcaption><\/figure>\n<p><span style=\"font-size: 14pt;\">La m\u00fasica sigue con lo nuevo de <strong>Nicol\u00e1s Ojeda<\/strong> y lo que ser\u00e1 su segundo \u00e1lbum <em><strong>Mayo<\/strong><\/em>, pr\u00f3ximo a lanzarse a trav\u00e9s del sello <em>PAI Records<\/em>. Para ello est\u00e1 vigente la campa\u00f1a de financiamiento colectivo. Pueden sumarse y participar desde la p\u00e1gina de <a href=\"http:\/\/www.nicolasojeda.com.ar\/\" target=\"_blank\" rel=\"noopener noreferrer\"><strong>Nicol\u00e1s Ojeda<\/strong><\/a>.<\/span><\/p>\n<p><span style=\"font-size: 14pt;\">No pod\u00eda estar ausente un bloque dedicado a denunciar el golpe en Brasil. Para ello seleccionamos el disco <em><strong>Viva Hermeto<\/strong><\/em>, lanzado en 2014 por el tr\u00edo que re\u00fane a <strong>Andr\u00e9 Marques<\/strong> en piano, <strong>John Patitucci<\/strong> en contrabajo y <strong>Brian Blade<\/strong> en bater\u00eda.<\/span><\/p>\n<p><span style=\"font-size: 14pt;\">Luego retomamos lo que fue la visita de la pianista alemana <strong>Simone Wei\u00dfenfels<\/strong>, que estuvo en Buenos Aires tocando con <strong>Cecilia Quinteros<\/strong> y <strong>Pablo D\u00edaz<\/strong>, y pas\u00f3 tambi\u00e9n por C\u00f3rdoba para brindar tres conciertos en los que se reunieron m\u00fasicos como <strong>Fabricio Nigris<\/strong> (guitarra), <strong>M\u00e1ximo Endrek<\/strong> (contrabajo), <strong>Constanza Pellicci<\/strong> (voz), <strong>Sebasti\u00e1n Tesouro<\/strong> (viol\u00edn), <strong>Evangelina Arce<\/strong> (flauta traversa).<\/span><\/p>\n<p><img decoding=\"async\" class=\"aligncenter wp-image-1501\" src=\"http:\/\/lanotaazul.com.ar\/wp-content\/uploads\/2018\/04\/Simone-Weissenfels-1024x1024.jpeg\" alt=\"\" width=\"504\" height=\"504\" \/><\/p>\n<p><span style=\"font-size: 14pt;\">Aprovechamos el momento para presentar el \u00e1lbum <strong><em>YAS,<\/em><\/strong> del a\u00f1o 2016, que re\u00fane a <img loading=\"lazy\" decoding=\"async\" class=\"alignright size-medium wp-image-1509\" src=\"http:\/\/lanotaazul.com.ar\/wp-content\/uploads\/2018\/04\/Yas-300x300.jpg\" alt=\"\" width=\"300\" height=\"300\" \/><strong>Cecilia Quinteros<\/strong> en cello y <strong>Wenchi Lazo<\/strong> en guitarra el\u00e9ctrica y procesadores. Los t\u00edtulos de los temas del \u00e1lbum remiten a distintas corrientes en la historia del jazz, completamente transformadas para dar un nombre a la propuesta musical del d\u00fao. Escuchamos la m\u00fasica que abre el disco: <strong><em>Jot.<\/em><\/strong><\/span><\/p>\n<p><span style=\"font-size: 14pt;\">El cierre del programa es con <strong><em>Miula,<\/em><\/strong> tema de <strong>Guillermo Klein<\/strong> de su disco <strong><em>Filtros,<\/em><\/strong> con <strong>Los Guachos<\/strong>. Sirve para adelantar un notici\u00f3n: <strong>Guillermo Klein<\/strong> ser\u00e1 parte del <strong>C\u00f3rdoba Jazz Camp<\/strong> en esta edici\u00f3n del a\u00f1o 2018.<\/span><\/p>\n<p>&nbsp;<\/p>\n<p><span style=\"font-size: 14pt;\">Como pod\u00e9s ver y escuchar, hay mucho en estas dos intensas horas de radio, m\u00fasica, jazz\u00a0y otras formas libres&#8230;<\/span><\/p>\n<p>&nbsp;<\/p>\n<p><img loading=\"lazy\" decoding=\"async\" class=\"alignleft wp-image-1503\" src=\"http:\/\/lanotaazul.com.ar\/wp-content\/uploads\/2018\/04\/La-Nota-Azul-576x1024.jpeg\" alt=\"\" width=\"332\" height=\"590\" \/><\/p>\n<p style=\"text-align: center;\"><img loading=\"lazy\" decoding=\"async\" class=\"alignright size-full wp-image-1499\" src=\"http:\/\/lanotaazul.com.ar\/wp-content\/uploads\/2018\/04\/Filtros.jpg\" alt=\"\" width=\"225\" height=\"225\" \/><\/p>\n<p style=\"text-align: center;\"><span style=\"font-size: 14pt;\"><a href=\"http:\/\/lanotaazul.com.ar\/programas\/interaccion-jazz-y-otras-formas-libres-en-la-nota-azul\/\" target=\"_blank\" rel=\"noopener noreferrer\"><em><strong>ESCUCHALO TAMBI\u00c9N POR AC\u00c1<\/strong><\/em><\/a><\/span><\/p>\n<div class='share-to-whatsapp-wrapper'><div class='share-on-whsp'>Share on: <\/div><div class='clear '><\/div><\/div>","protected":false},"excerpt":{"rendered":"<p>Aqu\u00ed se puede escuchar el programa n\u00famero 128 de La Nota Azul, correspondiente al s\u00e1bado 14 de abril de 2018. Radio Zumba La Turba, FM 99.5, C\u00f3rdoba, Argentina\u00a0&gt; www.zumbalaturba.com.ar &lt; Comenzamos con un disco de Bill Evans del a\u00f1o 1962: Interplay, en formato de quinteto, con Percy Heath en el contrabajo, Philly Joe Jones en [&hellip;]<\/p>\n","protected":false},"author":14,"featured_media":5608,"comment_status":"open","ping_status":"open","sticky":false,"template":"","format":"standard","meta":{"footnotes":""},"categories":[261],"tags":[81,52,293,305,296,166],"class_list":["post-5607","post","type-post","status-publish","format-standard","has-post-thumbnail","hentry","category-la-nota-azul","tag-agenda-cultural","tag-cultura","tag-jazz","tag-jazz-federal-club","tag-la-nota-azul","tag-musica"],"_links":{"self":[{"href":"https:\/\/zumbalaturba.com.ar\/index.php?rest_route=\/wp\/v2\/posts\/5607","targetHints":{"allow":["GET"]}}],"collection":[{"href":"https:\/\/zumbalaturba.com.ar\/index.php?rest_route=\/wp\/v2\/posts"}],"about":[{"href":"https:\/\/zumbalaturba.com.ar\/index.php?rest_route=\/wp\/v2\/types\/post"}],"author":[{"embeddable":true,"href":"https:\/\/zumbalaturba.com.ar\/index.php?rest_route=\/wp\/v2\/users\/14"}],"replies":[{"embeddable":true,"href":"https:\/\/zumbalaturba.com.ar\/index.php?rest_route=%2Fwp%2Fv2%2Fcomments&post=5607"}],"version-history":[{"count":0,"href":"https:\/\/zumbalaturba.com.ar\/index.php?rest_route=\/wp\/v2\/posts\/5607\/revisions"}],"wp:featuredmedia":[{"embeddable":true,"href":"https:\/\/zumbalaturba.com.ar\/index.php?rest_route=\/wp\/v2\/media\/5608"}],"wp:attachment":[{"href":"https:\/\/zumbalaturba.com.ar\/index.php?rest_route=%2Fwp%2Fv2%2Fmedia&parent=5607"}],"wp:term":[{"taxonomy":"category","embeddable":true,"href":"https:\/\/zumbalaturba.com.ar\/index.php?rest_route=%2Fwp%2Fv2%2Fcategories&post=5607"},{"taxonomy":"post_tag","embeddable":true,"href":"https:\/\/zumbalaturba.com.ar\/index.php?rest_route=%2Fwp%2Fv2%2Ftags&post=5607"}],"curies":[{"name":"wp","href":"https:\/\/api.w.org\/{rel}","templated":true}]}}