{"id":568,"date":"2010-06-17T15:24:00","date_gmt":"2010-06-17T15:24:00","guid":{"rendered":"http:\/\/zumbalaturba.com.ar\/2010\/06\/17\/ladran-sancho\/"},"modified":"2010-06-17T15:24:00","modified_gmt":"2010-06-17T15:24:00","slug":"ladran-sancho","status":"publish","type":"post","link":"https:\/\/zumbalaturba.com.ar\/?p=568","title":{"rendered":"Ladran Sancho"},"content":{"rendered":"<table border=\"0\" cellpadding=\"1\" cellspacing=\"1\" style=\"height: 264px; width: 600px;\">\n<tbody>\n<tr>\n<td><b>Horario: <\/b>Viernes 19 a 20 hs<\/p>\n<p><b>G\u00e9nero:&nbsp; <\/b>Cultura.<\/p>\n<p><b>Descripci\u00f3n: <\/b>Programa cultural que hace hincapi\u00e9 en los eventos, personakes y lugares de C\u00f3rdoba. El objetivo es fomentar la cultura cordobesa y hacer visible sus producciones.<\/p>\n<p><b>Contacto:<\/b> <a href=\"mailto:ladransancho@redaccion351.com\">ladransancho@redaccion351.com<\/a> &#8211; <a href=\"https:\/\/www.facebook.com\/LadranSanchoRadioRedaccion351?fref=ts\">facebook<\/a><\/p>\n<p><b>Primera emisi\u00f3n: <\/b>septiembre de 2012<br \/><b>Escuchar <a href=\"http:\/\/www.zumbalaturba.com.ar\/search\/label\/ladran%20sancho\">todos los programas<\/a><\/b><\/td>\n<td>\n<h2 style=\"font-style: italic;\"><a href=\"https:\/\/fbcdn-sphotos-a-a.akamaihd.net\/hphotos-ak-ash3\/544336_353610874744616_2013346123_n.jpg\"><img decoding=\"async\" alt=\"\" src=\"https:\/\/fbcdn-sphotos-a-a.akamaihd.net\/hphotos-ak-ash3\/544336_353610874744616_2013346123_n.jpg\" style=\"float: right; margin: 4px; width: 270px;\" \/><\/a><\/h2>\n<\/td>\n<\/tr>\n<\/tbody>\n<\/table>\n<div class='share-to-whatsapp-wrapper'><div class='share-on-whsp'>Share on: <\/div><div class='clear '><\/div><\/div>","protected":false},"excerpt":{"rendered":"<p>Horario: Viernes 19 a 20 hs G\u00e9nero:&nbsp; Cultura. Descripci\u00f3n: Programa cultural que hace hincapi\u00e9 en los eventos, personakes y lugares de C\u00f3rdoba. El objetivo es fomentar la cultura cordobesa y hacer visible sus producciones. Contacto: ladransancho@redaccion351.com &#8211; facebook Primera emisi\u00f3n: septiembre de 2012Escuchar todos los programas Share on:<\/p>\n","protected":false},"author":2,"featured_media":0,"comment_status":"open","ping_status":"open","sticky":false,"template":"","format":"standard","meta":{"footnotes":""},"categories":[75],"tags":[52,250,166],"class_list":["post-568","post","type-post","status-publish","format-standard","hentry","category-ladran-sancho","tag-cultura","tag-ficha","tag-musica"],"_links":{"self":[{"href":"https:\/\/zumbalaturba.com.ar\/index.php?rest_route=\/wp\/v2\/posts\/568","targetHints":{"allow":["GET"]}}],"collection":[{"href":"https:\/\/zumbalaturba.com.ar\/index.php?rest_route=\/wp\/v2\/posts"}],"about":[{"href":"https:\/\/zumbalaturba.com.ar\/index.php?rest_route=\/wp\/v2\/types\/post"}],"author":[{"embeddable":true,"href":"https:\/\/zumbalaturba.com.ar\/index.php?rest_route=\/wp\/v2\/users\/2"}],"replies":[{"embeddable":true,"href":"https:\/\/zumbalaturba.com.ar\/index.php?rest_route=%2Fwp%2Fv2%2Fcomments&post=568"}],"version-history":[{"count":0,"href":"https:\/\/zumbalaturba.com.ar\/index.php?rest_route=\/wp\/v2\/posts\/568\/revisions"}],"wp:attachment":[{"href":"https:\/\/zumbalaturba.com.ar\/index.php?rest_route=%2Fwp%2Fv2%2Fmedia&parent=568"}],"wp:term":[{"taxonomy":"category","embeddable":true,"href":"https:\/\/zumbalaturba.com.ar\/index.php?rest_route=%2Fwp%2Fv2%2Fcategories&post=568"},{"taxonomy":"post_tag","embeddable":true,"href":"https:\/\/zumbalaturba.com.ar\/index.php?rest_route=%2Fwp%2Fv2%2Ftags&post=568"}],"curies":[{"name":"wp","href":"https:\/\/api.w.org\/{rel}","templated":true}]}}