{"id":5741,"date":"2018-04-21T17:17:56","date_gmt":"2018-04-21T17:17:56","guid":{"rendered":"http:\/\/zumbalaturba.com.ar\/?p=5741"},"modified":"2018-04-21T17:48:42","modified_gmt":"2018-04-21T17:48:42","slug":"panuelazo-por-el-aborto-legal-en-el-belgrano","status":"publish","type":"post","link":"https:\/\/zumbalaturba.com.ar\/?p=5741","title":{"rendered":"Pa\u00f1uelazo por el aborto legal en el Belgrano"},"content":{"rendered":"<p>El pasado viernes 20 de abril, en la <strong>Escuela Manuel Belgrano<\/strong>, dependiente de la Universidad Nacional de C\u00f3rdoba, se llev\u00f3 adelante un <strong>Pa\u00f1uelazo<\/strong> en el marco de las acciones en todo el pa\u00eds por el tratamiento y aprobaci\u00f3n del proyecto de la<strong> Campa\u00f1a por el Derecho al Aborto.<\/strong><\/p>\n<p><iframe style=\"border: none; overflow: hidden;\" src=\"https:\/\/www.facebook.com\/plugins\/video.php?href=https%3A%2F%2Fwww.facebook.com%2Fzumba.laturba%2Fvideos%2F1600738696706142%2F&amp;show_text=0&amp;width=560\" width=\"560\" height=\"308\" frameborder=\"0\" scrolling=\"no\" allowfullscreen=\"allowfullscreen\"><\/iframe><\/p>\n<p><b>Olivia Pizarro, integrante de la Comisi\u00f3n de G\u00e9nero de la Escuela, <\/b>comparte que la iniciativa del Pa\u00f1uelazo surgi\u00f3 a partir de una propuesta de varias escuelas. Al respecto, explica que \u201c<em>desde la Comisi\u00f3n de G\u00e9nero venimos pensando hacer intervenciones de este tipo o c\u00f3mo apoyar el marco de la campa\u00f1a nacional por el derecho al aborto, m\u00e1s en los colegios, donde se hace clave tambi\u00e9n el conjunto del reclamo que es educaci\u00f3n sexual y anticonceptivos adem\u00e1s de aborto legal. Y justo surgi\u00f3 el d\u00eda anterior que varios colegios iban a hacer un Pa\u00f1uelazo e \u00edbamos a llevar eso a cada aula, y a partir de so surgi\u00f3 la idea de hacerlo<\/em>\u201d. La estudiante cuenta que, m\u00e1s all\u00e1 de las actividades en la escuela, \u201c<em>hay muchos de los pibes y pibas del colegio que participan activamente de los Pa\u00f1uelazos generalmente y ya se genera una complicidad entre quienes tienen el pa\u00f1uelo verde atado en la mochila y ese tipo de cosas, entonces al otro d\u00eda fue algo gigante porque, aunque sab\u00e9s que existen, ver esa fuerza junta fue muy interesante\u201d<\/em>.<\/p>\n<p><iframe src=\"http:\/\/ar.ivoox.com\/es\/player_ej_25540044_2_1.html?data=k5qilpWUeJWhhpywj5WYaZS1kpiah5yncZOhhpywj5WRaZi3jpWah5yncabi1dfS2M7XuMKfwpC8zs7arcKfxcqYzsaPh9DhytjWh6iXaaOnz5DRx5CraaSnhqam0MrWs4zYxtGYr8bSuY6ZmKiatMbIrdCfu9raxMaPsMKftdrfxMaRaZi3jpk.&amp;\" width=\"100%\" height=\"200\" frameborder=\"0\" scrolling=\"no\" allowfullscreen=\"allowfullscreen\"><\/iframe><\/p>\n<p>Aunque en algunos medios circul\u00f3 que la acci\u00f3n fue en respuesta a la intervenci\u00f3n de un grupo religioso que entreg\u00f3 biblias en las puertas del colegio el d\u00eda jueves, la integrante de la Comisi\u00f3n de G\u00e9nero explic\u00f3 que, aunque \u201c<em>muchos de los pibes y padres rechazaron, los que se encontraron en la puerta con esas personas que estaban repartiendo, en realidad no surgi\u00f3 a partir de eso. Me encanta igual c\u00f3mo se puede relacionar y a los pibes cuando vieron la nota les puso contentos que lo hayan relacionado, porque en \u00faltima instancia es lo que la mayor\u00eda piensa (\u2026) que la iglesia no tiene que estar metida en la educaci\u00f3n, que no puede opinar sobre la decisi\u00f3n sobre el cuerpo de las mujeres. Sin embargo, fue algo pensado desde c\u00f3mo apoyar la campa\u00f1a<\/em>\u201d.<\/p>\n<p>Olivia comparte los or\u00edgenes de la Comisi\u00f3n de G\u00e9nero, que hoy re\u00fane de manera org\u00e1nica a cerca de 200 estudiantes pero que, explica, \u201c<em>surgi\u00f3 hace unos 5 a\u00f1os, por idea de dos compa\u00f1eras de Pan y Rosas que nos invitaron a tres m\u00e1s, nos empezamos a juntar y a charlar. Era un movimiento muy nuevo, todav\u00eda no hab\u00eda pasado el primer #NiUnaMenos ni siquiera, charl\u00e1bamos un poco de qu\u00e9 pens\u00e1bamos que era, si exist\u00eda el machismo. Eran muy iniciales las discusiones que ten\u00edamos, cosas que ahora ya pod\u00e9s partir de otro lado pero que en ese momento costaba m\u00e1s pensarlo. Despu\u00e9s, al poco tiempo, fue el primer NUM lo cual hizo darle a esa Comisi\u00f3n un rol de poder llevar esa discusi\u00f3n a todos los cursos, en poder hacer intervenciones, y ya despu\u00e9s con los a\u00f1os se fue conformando en un espacio de organizaci\u00f3n en s\u00ed mismo que marcha todos los 8 de marzo con sus propias banderas, que marcha todos los #NiUnaMenos, que va a los Pa\u00f1uelazos\u201d.<\/em><\/p>\n<p>El espacio de la Comisi\u00f3n de G\u00e9nero tiene reuniones abiertas y regulares y convoca a diversas actividades en las que participan muchxs m\u00e1s estudiantes. En relaci\u00f3n al tratamiento del proyecto de legalizaci\u00f3n del aborto, convocar\u00e1n a una reuni\u00f3n el pr\u00f3ximo lunes 23 de abril para ver c\u00f3mo contin\u00faan realizando acciones en apoyo.<\/p>\n<div class='share-to-whatsapp-wrapper'><div class='share-on-whsp'>Share on: <\/div><div class='clear '><\/div><\/div>","protected":false},"excerpt":{"rendered":"<p>El pasado viernes 20 de abril, en la Escuela Manuel Belgrano, dependiente de la Universidad Nacional de C\u00f3rdoba, se llev\u00f3 adelante un Pa\u00f1uelazo en el marco de las acciones en todo el pa\u00eds por el tratamiento y aprobaci\u00f3n del proyecto de la Campa\u00f1a por el Derecho al Aborto. Olivia Pizarro, integrante de la Comisi\u00f3n de [&hellip;]<\/p>\n","protected":false},"author":6,"featured_media":5742,"comment_status":"open","ping_status":"open","sticky":false,"template":"","format":"standard","meta":{"footnotes":""},"categories":[18,5],"tags":[985,393,400,973,607],"class_list":["post-5741","post","type-post","status-publish","format-standard","has-post-thumbnail","hentry","category-elm","category-transfeminismos","tag-campana","tag-educacion-sexual","tag-feminismo","tag-legalizacion-aborto","tag-manuel-belgrano"],"_links":{"self":[{"href":"https:\/\/zumbalaturba.com.ar\/index.php?rest_route=\/wp\/v2\/posts\/5741","targetHints":{"allow":["GET"]}}],"collection":[{"href":"https:\/\/zumbalaturba.com.ar\/index.php?rest_route=\/wp\/v2\/posts"}],"about":[{"href":"https:\/\/zumbalaturba.com.ar\/index.php?rest_route=\/wp\/v2\/types\/post"}],"author":[{"embeddable":true,"href":"https:\/\/zumbalaturba.com.ar\/index.php?rest_route=\/wp\/v2\/users\/6"}],"replies":[{"embeddable":true,"href":"https:\/\/zumbalaturba.com.ar\/index.php?rest_route=%2Fwp%2Fv2%2Fcomments&post=5741"}],"version-history":[{"count":0,"href":"https:\/\/zumbalaturba.com.ar\/index.php?rest_route=\/wp\/v2\/posts\/5741\/revisions"}],"wp:featuredmedia":[{"embeddable":true,"href":"https:\/\/zumbalaturba.com.ar\/index.php?rest_route=\/wp\/v2\/media\/5742"}],"wp:attachment":[{"href":"https:\/\/zumbalaturba.com.ar\/index.php?rest_route=%2Fwp%2Fv2%2Fmedia&parent=5741"}],"wp:term":[{"taxonomy":"category","embeddable":true,"href":"https:\/\/zumbalaturba.com.ar\/index.php?rest_route=%2Fwp%2Fv2%2Fcategories&post=5741"},{"taxonomy":"post_tag","embeddable":true,"href":"https:\/\/zumbalaturba.com.ar\/index.php?rest_route=%2Fwp%2Fv2%2Ftags&post=5741"}],"curies":[{"name":"wp","href":"https:\/\/api.w.org\/{rel}","templated":true}]}}