{"id":5747,"date":"2018-04-22T04:32:53","date_gmt":"2018-04-22T04:32:53","guid":{"rendered":"http:\/\/zumbalaturba.com.ar\/?p=5747"},"modified":"2018-04-22T04:32:53","modified_gmt":"2018-04-22T04:32:53","slug":"el-jazz-y-la-guerra","status":"publish","type":"post","link":"https:\/\/zumbalaturba.com.ar\/?p=5747","title":{"rendered":"El jazz y la guerra"},"content":{"rendered":"<p style=\"padding-left: 150px;\"><span style=\"font-size: 14pt;\"><em>El jazz y la guerra. Uno, la expresi\u00f3n art\u00edstica de una lucha contra la opresi\u00f3n y una b\u00fasqueda de la libertad. Otra, la opresi\u00f3n misma, ba\u00f1ada en sangre. Sin embargo, como dos extremos de un mismo hilo, el jazz y la guerra son ambos parte de una historia mutua, que por momentos se tensa, por momentos se sostiene, y siempre, se transforma. En la d\u00e9cada del 40, las penurias de la guerra destruyeron las big bands y dieron lugar a los grupos peque\u00f1os que iban a ser el terreno del nuevo estilo moderno, el bebop. La guerra tambi\u00e9n introdujo el jazz en Europa: los ej\u00e9rcitos viajaban con sus bandas formadas por m\u00fasicos negros para tocar las marchas y la m\u00fasica de jazz. Tambi\u00e9n, d\u00e9cadas m\u00e1s tarde, durante la guerra fr\u00eda, el jazz fue el embajador cultural, un instrumento de propaganda y dominaci\u00f3n pol\u00edtica utilizado por el Departamento de Estado norteamericano&#8230; El jazz y la guerra son los protagonistas de una historia que no se termina de escribir. Pero hoy podemos hacer que el jazz nuble los fogonazos y suene m\u00e1s fuerte que cualquier estallido. Porque si la m\u00fasica suena fuerte, y si esa m\u00fasica es jazz, las bombas van a volver, sigilosas, a explotar sin excusas en las manos de quienes las han lanzado.<\/em><\/span><\/p>\n<p><iframe id=\"audio_25544448\" style=\"border: 1px solid #EEE; box-sizing: border-box; width: 100%;\" src=\"https:\/\/ar.ivoox.com\/es\/player_ej_25544448_4_1.html?c1=ff6600\" width=\"300\" height=\"200\" frameborder=\"0\" scrolling=\"no\" allowfullscreen=\"allowfullscreen\"><\/iframe><\/p>\n<p><span style=\"font-size: 14pt;\">As\u00ed comenzaba este programa n\u00famero 129 de <strong>La Nota Azul<\/strong>, correspondiente al s\u00e1bado 21 de abril de 2018. Por el aire de radio <strong>Zumba La Turba<\/strong>, en la FM 99.5 de C\u00f3rdoba, Argentina.<\/span><\/p>\n<p><span style=\"font-size: 14pt;\">La noticia anunciada de antemano del<img fetchpriority=\"high\" decoding=\"async\" class=\"alignright wp-image-1518\" src=\"http:\/\/lanotaazul.com.ar\/wp-content\/uploads\/2018\/04\/Lester-Young-2.jpg\" alt=\"\" width=\"309\" height=\"382\" \/> bombardeo\u00a0imperialista contra Siria brinda la t\u00f3pica inicial del programa. El comienzo tiene que ver con la guerra y con esa historia paralela entre la guerra y el jazz. Abrimos, as\u00ed, el programa con la m\u00fasica de <strong>Lester Young<\/strong>, tom\u00e1ndolo quiz\u00e1s como una referencia antib\u00e9lica en el mundo del jazz. <strong>Lester Young<\/strong> estuvo en el ej\u00e9rcito a finales de la Segunda Guerra Mundial. La Marina lo persigui\u00f3 durante meses. \u00c9l pidi\u00f3 la exenci\u00f3n, pero la rechazaron. El 30 de septiembre de 1944 el FBI lo atrap\u00f3 y lo mandaron a hacer el servicio militar. No fue al frente en Europa: a los negros los consideraban malos combatientes, no los mandaban a la guerra. La pas\u00f3 mal en el ej\u00e9rcito: tuvo un accidente, estuvo hospitalizado, lo agarraron con alcohol y marihuana. Le cost\u00f3 malos tratos, humillaciones y un a\u00f1o de encierro. Pero en la orquesta de la base militar <strong>Lester Young<\/strong> conoci\u00f3 a Gil Evans, uno de los arquitectos de lo que ser\u00eda el <em>cool jazz<\/em>. Una vez m\u00e1s, la guerra incidiendo de alguna forma en los caminos del jazz.<\/span><\/p>\n<p><span style=\"font-size: 14pt;\"><img decoding=\"async\" class=\"alignleft wp-image-1517\" src=\"http:\/\/lanotaazul.com.ar\/wp-content\/uploads\/2018\/04\/Juli\u00e1n-Solarz.png\" alt=\"\" width=\"310\" height=\"278\" \/>Luego es el turno de la m\u00fasica de <strong>Juli\u00e1n Solarz<\/strong>, pianista, percusionista, baterista, compositor y arreglador, nacido en Buenos Aires en 1977. <strong>Juli\u00e1n Solarz<\/strong> acaba de lanzar con el quinteto que dirige el \u00e1lbum titulado <em><strong>La palabra no dicha<\/strong><\/em>, en el que conjuga la riqueza arm\u00f3nica e improvisatoria del jazz con ritmos folkl\u00f3ricos, el tango y la m\u00fasica contempor\u00e1nea. Charlamos con <strong>Juli\u00e1n Solarz<\/strong> acerca de la idea del disco, su trabajo como compositor y su formaci\u00f3n como pianista y percusionista.<\/span><\/p>\n<p>&nbsp;<\/p>\n<p><span style=\"font-size: 14pt;\">Despu\u00e9s llega el momento de la <strong>Globe Unity Orchestra<\/strong>, legendaria agrupaci\u00f3n de <em>free jazz<\/em> formada en 1966 por <strong>Alexander von Schlippenbach<\/strong> para el <em>Festival de Jazz de Berl\u00edn<\/em>. Escuchamos <strong><em>Globe Unity 67 &amp; 70<\/em><\/strong>, de los a\u00f1os 1967 y 1970 respectivamente.<\/span><\/p>\n<p><img decoding=\"async\" class=\"aligncenter wp-image-1528\" src=\"http:\/\/lanotaazul.com.ar\/wp-content\/uploads\/2018\/04\/Globe-2-1024x577.jpg\" alt=\"\" width=\"474\" height=\"267\" \/><\/p>\n<p>&nbsp;<\/p>\n<p>&nbsp;<\/p>\n<p><span style=\"font-size: 14pt;\">Adelantamos algo de lo que ser\u00e1 el <img loading=\"lazy\" decoding=\"async\" class=\" wp-image-1525 alignright\" src=\"http:\/\/lanotaazul.com.ar\/wp-content\/uploads\/2018\/04\/Lucio-Balduini.jpg\" alt=\"\" width=\"284\" height=\"190\" \/><em><strong>Tercer Especial de Jazz de Lecole<\/strong><\/em>, que durar\u00e1 desde el mi\u00e9rcoles 25 de abril hasta el domingo 6 de mayo all\u00ed en la sede de Ayacucho 333. Escuchamos al guitarrista <strong>Lucio Balduini<\/strong>, desde su \u00e1lbum <em><strong>El bosque brillante<\/strong><\/em>.<\/span><\/p>\n<p><span style=\"font-size: 14pt;\">El cierre llega con <strong>Anthony Braxton<\/strong> recreando la m\u00fasica de <strong>Charlie Parker<\/strong>, desde la reciente edici\u00f3n realizada por la <em>Tri-Centric Foundation and New Braxton House Records<\/em> que re\u00fane las grabaciones completas del <strong>Anthony Braxton: Sextet (Parker)<\/strong> del a\u00f1o 1993.<\/span><\/p>\n<p><span style=\"font-size: 14pt;\">Todo eso y mucho m\u00e1s en dos intensas horas de radio, m\u00fasica, jazz, y otras formas libres&#8230;<\/span><\/p>\n<p>&nbsp;<\/p>\n<p style=\"text-align: center;\"><span style=\"font-size: 14pt;\"><a href=\"http:\/\/lanotaazul.com.ar\/programas\/el-jazz-y-la-guerra\/\" target=\"_blank\" rel=\"noopener noreferrer\"><em><strong>ESCUCHALO TAMBI\u00c9N POR AC\u00c1<\/strong><\/em><\/a><\/span><\/p>\n<div class='share-to-whatsapp-wrapper'><div class='share-on-whsp'>Share on: <\/div><div class='clear '><\/div><\/div>","protected":false},"excerpt":{"rendered":"<p>El jazz y la guerra. Uno, la expresi\u00f3n art\u00edstica de una lucha contra la opresi\u00f3n y una b\u00fasqueda de la libertad. Otra, la opresi\u00f3n misma, ba\u00f1ada en sangre. Sin embargo, como dos extremos de un mismo hilo, el jazz y la guerra son ambos parte de una historia mutua, que por momentos se tensa, por [&hellip;]<\/p>\n","protected":false},"author":14,"featured_media":5749,"comment_status":"open","ping_status":"open","sticky":false,"template":"","format":"standard","meta":{"footnotes":""},"categories":[261],"tags":[81,52,293,305,296,166],"class_list":["post-5747","post","type-post","status-publish","format-standard","has-post-thumbnail","hentry","category-la-nota-azul","tag-agenda-cultural","tag-cultura","tag-jazz","tag-jazz-federal-club","tag-la-nota-azul","tag-musica"],"_links":{"self":[{"href":"https:\/\/zumbalaturba.com.ar\/index.php?rest_route=\/wp\/v2\/posts\/5747","targetHints":{"allow":["GET"]}}],"collection":[{"href":"https:\/\/zumbalaturba.com.ar\/index.php?rest_route=\/wp\/v2\/posts"}],"about":[{"href":"https:\/\/zumbalaturba.com.ar\/index.php?rest_route=\/wp\/v2\/types\/post"}],"author":[{"embeddable":true,"href":"https:\/\/zumbalaturba.com.ar\/index.php?rest_route=\/wp\/v2\/users\/14"}],"replies":[{"embeddable":true,"href":"https:\/\/zumbalaturba.com.ar\/index.php?rest_route=%2Fwp%2Fv2%2Fcomments&post=5747"}],"version-history":[{"count":0,"href":"https:\/\/zumbalaturba.com.ar\/index.php?rest_route=\/wp\/v2\/posts\/5747\/revisions"}],"wp:featuredmedia":[{"embeddable":true,"href":"https:\/\/zumbalaturba.com.ar\/index.php?rest_route=\/wp\/v2\/media\/5749"}],"wp:attachment":[{"href":"https:\/\/zumbalaturba.com.ar\/index.php?rest_route=%2Fwp%2Fv2%2Fmedia&parent=5747"}],"wp:term":[{"taxonomy":"category","embeddable":true,"href":"https:\/\/zumbalaturba.com.ar\/index.php?rest_route=%2Fwp%2Fv2%2Fcategories&post=5747"},{"taxonomy":"post_tag","embeddable":true,"href":"https:\/\/zumbalaturba.com.ar\/index.php?rest_route=%2Fwp%2Fv2%2Ftags&post=5747"}],"curies":[{"name":"wp","href":"https:\/\/api.w.org\/{rel}","templated":true}]}}