{"id":5849,"date":"2018-04-30T15:54:52","date_gmt":"2018-04-30T15:54:52","guid":{"rendered":"http:\/\/zumbalaturba.com.ar\/?p=5849"},"modified":"2018-04-30T15:54:52","modified_gmt":"2018-04-30T15:54:52","slug":"la-nota-azul-especial-desde-lecole","status":"publish","type":"post","link":"https:\/\/zumbalaturba.com.ar\/?p=5849","title":{"rendered":"La Nota Azul especial desde L&#8217;ecole"},"content":{"rendered":"<p style=\"padding-left: 150px;\"><span style=\"font-size: 14pt;\"><em>Los caminos de una m\u00fasica pueden ser sinuosos y sorprendentes. Desde el baile ritual desesperado que re\u00fane en la plaza a los esclavos v\u00edctimas de la opresi\u00f3n y el desarraigo, desde el grito desentonado de un surco a otro en los campos de algod\u00f3n, desde esas canciones que serv\u00edan para aliviar el peso del trabajo, desde esa m\u00fasica que reun\u00eda y mezclaba varias culturas y varios idiomas, lo que iba a ser el jazz ser\u00eda siempre una forma de expresi\u00f3n de un reclamo, la manifestaci\u00f3n de una disconformidad y la lucha por una transformaci\u00f3n.\u00a0<\/em><\/span><span style=\"font-size: 14pt;\"><em>El 30 de abril es el D\u00eda Internacional del Jazz. \u00bfQu\u00e9 es lo que lleva a una m\u00fasica rebelde a convertirse en una fecha institucionalizada? \u00bfQu\u00e9 es lo que permite llamar al jazz una declaraci\u00f3n de tolerancia y alivio de tensiones? \u00bfQu\u00e9 es lo que hace que esta m\u00fasica que persigue la libertad sea usada como el equ\u00edvoco mensaje de paz de un pa\u00eds en guerra?<\/em><\/span><\/p>\n<p><iframe id=\"audio_25692443\" style=\"border: 1px solid #EEE; box-sizing: border-box; width: 100%;\" src=\"https:\/\/ar.ivoox.com\/es\/player_ej_25692443_4_1.html?c1=ff6600\" width=\"300\" height=\"200\" frameborder=\"0\" scrolling=\"no\" allowfullscreen=\"allowfullscreen\"><\/iframe><\/p>\n<p><span style=\"font-size: 14pt;\">As\u00ed comenzaba esta transmisi\u00f3n especial de <strong>La Nota Azul<\/strong>, en vivo desde <a href=\"https:\/\/www.facebook.com\/lecole.bonappetit\/\" target=\"_blank\" rel=\"noopener noreferrer\"><em><strong>L&#8217;ecole Bon\u00a0Appetit<\/strong><\/em><\/a>, en Ayacucho 333, como parte del\u00a0<a href=\"https:\/\/www.facebook.com\/events\/563444350691617\/\" target=\"_blank\" rel=\"noopener noreferrer\"><strong>Tercer Especial de Jazz de L&#8217;ecole<\/strong><\/a>. Emisi\u00f3n n\u00famero 130 del programa, correspondiente al s\u00e1bado 28 de abril de 2018. Por el aire de radio <strong>Zumba La Turba<\/strong>, en la FM 99.5 de C\u00f3rdoba, Argentina &gt; www.zumbalaturba.com.ar &lt;\u00a0<\/span><\/p>\n<p style=\"text-align: center;\"><span style=\"font-size: 14pt;\"><em>Conoc\u00e9 ac\u00e1 la programaci\u00f3n completa del ciclo:<\/em><\/span><\/p>\n<p><a href=\"http:\/\/lanotaazul.com.ar\/agenda\/tercer-especial-de-jazz-de-lecole\/\" target=\"_blank\" rel=\"noopener noreferrer\"><img fetchpriority=\"high\" decoding=\"async\" class=\"aligncenter wp-image-1532\" src=\"http:\/\/lanotaazul.com.ar\/wp-content\/uploads\/2016\/12\/Especial-de-Jazz-Lecole.jpg\" alt=\"\" width=\"412\" height=\"582\" \/><\/a><\/p>\n<p>&nbsp;<\/p>\n<p><span style=\"font-size: 14pt;\">Este ciclo especial de jazz de L&#8217;ecole, que\u00a0est\u00e1 <img decoding=\"async\" class=\"alignright wp-image-1556\" src=\"http:\/\/lanotaazul.com.ar\/wp-content\/uploads\/2018\/04\/Herbie-Hancock-Maiden-Voyege-300x300.jpg\" alt=\"\" width=\"210\" height=\"210\" \/>desarrollando ya su tercera edici\u00f3n, es una\u00a0manera de celebrar el <strong>D\u00eda Internacional del Jazz<\/strong>, cuya fecha es el 30 de abril, por iniciativa de Herbie Hancock como <em>Embajador de Buena Voluntad de la UNESCO<\/em>. Por ello abrimos el programa con el \u00e1lbum <em><strong>Maiden Voyage<\/strong><\/em> de <strong>Herbie Hancock<\/strong>, lanzado por <em>Blue Note<\/em> en el a\u00f1o 1965.<\/span><\/p>\n<p><span style=\"font-size: 14pt;\">Charlamos con <strong>Guillermo Monde<\/strong>, organizador del ciclo de jazz en L&#8217;ecole, que comenta la iniciativa, la variedad de la propuesta y todo lo que se vive durante dos semanas en esta casa que se llena de jazz. El ciclo incluye tambi\u00e9n una muestra de fotos de <strong>Marcos Allende<\/strong>, intervenidas por <strong>Lautaro Alincastro<\/strong>.<\/span><\/p>\n<p><span style=\"font-size: 14pt;\">Adem\u00e1s de L&#8217;ecole, tambi\u00e9n es sede del ciclo <strong><em>Casa Urbana Hotel<\/em><\/strong>, en donde, entre otros artistas, se present\u00f3 <strong>Lucio Balduini<\/strong> con un set solo de guitarra. Escuchamos de su disco <strong><em>El Bosque Brillante<\/em><\/strong>, editado en el a\u00f1o 2017 por el <em>Club del Disco<\/em>, el tema que abre el \u00e1lbum: <strong><em>En busca de la tierra sin mal<\/em><\/strong>.<\/span><\/p>\n<p><span style=\"font-size: 14pt;\">Luego conversamos con <strong>Santiago Bartolom\u00e9<\/strong> y el <strong>&#8220;Chino&#8221; Jos\u00e9 Pacha<\/strong>s, miembros de <strong>La Sombra de Tupac<\/strong>, que acaban de lanzar disco con la m\u00fasica realizada de manera improvisada el a\u00f1o pasado en una presentaci\u00f3n en el ciclo <em>Coffeconcert<\/em> de barrio Cofico, C\u00f3rdoba. La propuesta de <strong>La Sombra de Tupac<\/strong>, que se completa con la guitarra y los efectos de <strong>Manolo Lagos<\/strong>, es ecl\u00e9ctica y volcada hacia la improvisaci\u00f3n con una fuerte apuesta a la interacci\u00f3n de la m\u00fasica con distintas manifestaciones art\u00edsticas, como el cine, el dibujo o la pintura.<\/span><\/p>\n<figure id=\"attachment_1551\" aria-describedby=\"caption-attachment-1551\" style=\"width: 607px\" class=\"wp-caption aligncenter\"><img decoding=\"async\" class=\" wp-image-1551\" src=\"http:\/\/lanotaazul.com.ar\/wp-content\/uploads\/2018\/04\/LNA-desde-Lecole-Pachas-bartolom\u00e9-1-1024x576.jpeg\" alt=\"\" width=\"607\" height=\"341\" \/><figcaption id=\"caption-attachment-1551\" class=\"wp-caption-text\">Jos\u00e9 Pachas y Santiago Bartolom\u00e9 de La Sombra de Tupac en La Nota Azul desde L&#8217;ecole<\/figcaption><\/figure>\n<p><span style=\"font-size: 14pt;\">Despu\u00e9s es el turno de <strong>Pablo Reartes<\/strong> que con su tr\u00edo estar\u00e1 cerrando el ciclo de jazz en Lecole. El <strong>Pablo Reartes Tr\u00edo<\/strong> que re\u00fane adem\u00e1s a <strong>Manuel Cervi\u00f1o<\/strong> en bater\u00eda, <strong>Javier P\u00e9rez<\/strong> en bajo y contrabajo y suma como invitado a <strong>Sergio Audisio<\/strong> en flauta, edit\u00f3 el a\u00f1o pasado el \u00e1lbum <strong><em>En Propias Manos<\/em><\/strong>, que recibi\u00f3 el premio a la edici\u00f3n digital de la Municipalidad de C\u00f3rdoba. El cierre del ciclo de jazz en L&#8217;ecole ser\u00e1 el domingo 6 de mayo y adem\u00e1s del <strong>Pablo Reartes Tr\u00edo<\/strong>, se presentar\u00e1 el <strong>Jvli\u00e1n Mozzicafreddo Quartet<\/strong>.<\/span><\/p>\n<p><span style=\"font-size: 14pt;\">Cerrando esta emisi\u00f3n especial, suena el \u00e1lbum a d\u00fao de <strong>Ir\u00e8ne Schweizer<\/strong> y <strong>Han Bennink<\/strong> grabado en vivo el 5 y 6 de enero de 1995 en el <em>Jazzclub Moods<\/em> de Z\u00fcrich. Piano y bater\u00eda volcados hacia el free jazz, pero que tambi\u00e9n recrean\u00a0standards, y con algo de eso terminamos el programa. Suenan <strong><em>Hackensack<\/em><\/strong> de Monk y <strong><em>Just a Gigolo<\/em><\/strong>.<\/span><\/p>\n<div id='gallery-1' class='gallery galleryid-5849 gallery-columns-2 gallery-size-medium'><figure class='gallery-item'>\n\t\t\t<div class='gallery-icon landscape'>\n\t\t\t\t<img loading=\"lazy\" decoding=\"async\" width=\"300\" height=\"300\" src=\"https:\/\/zumbalaturba.com.ar\/wp-content\/uploads\/2018\/04\/Pablo-Reartes-Tr\u00edo-En-propias-Manos-300x300.jpg\" class=\"attachment-medium size-medium\" alt=\"\" srcset=\"https:\/\/zumbalaturba.com.ar\/wp-content\/uploads\/2018\/04\/Pablo-Reartes-Tr\u00edo-En-propias-Manos-300x300.jpg 300w, https:\/\/zumbalaturba.com.ar\/wp-content\/uploads\/2018\/04\/Pablo-Reartes-Tr\u00edo-En-propias-Manos-768x768.jpg 768w, https:\/\/zumbalaturba.com.ar\/wp-content\/uploads\/2018\/04\/Pablo-Reartes-Tr\u00edo-En-propias-Manos-1024x1024.jpg 1024w, https:\/\/zumbalaturba.com.ar\/wp-content\/uploads\/2018\/04\/Pablo-Reartes-Tr\u00edo-En-propias-Manos.jpg 1200w\" sizes=\"(max-width: 300px) 100vw, 300px\" \/>\n\t\t\t<\/div><\/figure><figure class='gallery-item'>\n\t\t\t<div class='gallery-icon landscape'>\n\t\t\t\t<img loading=\"lazy\" decoding=\"async\" width=\"300\" height=\"300\" src=\"https:\/\/zumbalaturba.com.ar\/wp-content\/uploads\/2018\/04\/Irene-Scchwetzer-Han-bennink-300x300.jpg\" class=\"attachment-medium size-medium\" alt=\"\" srcset=\"https:\/\/zumbalaturba.com.ar\/wp-content\/uploads\/2018\/04\/Irene-Scchwetzer-Han-bennink-300x300.jpg 300w, https:\/\/zumbalaturba.com.ar\/wp-content\/uploads\/2018\/04\/Irene-Scchwetzer-Han-bennink-768x768.jpg 768w, https:\/\/zumbalaturba.com.ar\/wp-content\/uploads\/2018\/04\/Irene-Scchwetzer-Han-bennink-1024x1024.jpg 1024w, https:\/\/zumbalaturba.com.ar\/wp-content\/uploads\/2018\/04\/Irene-Scchwetzer-Han-bennink.jpg 1200w\" sizes=\"(max-width: 300px) 100vw, 300px\" \/>\n\t\t\t<\/div><\/figure>\n\t\t<\/div>\n\n<p><span style=\"font-size: 14pt;\">Todo eso y mucho m\u00e1s en dos intensas horas de radio, m\u00fasica, jazz y otras formas libres&#8230;<\/span><\/p>\n<p>&nbsp;<\/p>\n<p style=\"text-align: center;\"><span style=\"font-size: 18pt;\"><a href=\"http:\/\/lanotaazul.com.ar\/programas\/la-nota-azul-especial-desde-lecole\/\" target=\"_blank\" rel=\"noopener noreferrer\"><em><strong>ESCUCHALO TAMBI\u00c9N POR AC\u00c1<\/strong><\/em><\/a><\/span><\/p>\n<figure id=\"attachment_1547\" aria-describedby=\"caption-attachment-1547\" style=\"width: 640px\" class=\"wp-caption aligncenter\"><img loading=\"lazy\" decoding=\"async\" class=\"wp-image-1547 size-large\" src=\"http:\/\/lanotaazul.com.ar\/wp-content\/uploads\/2018\/04\/LNA-desde-Lecole-10-1024x576.jpeg\" alt=\"\" width=\"640\" height=\"360\" \/><figcaption id=\"caption-attachment-1547\" class=\"wp-caption-text\">La Nota Azul desde L&#8217;ecole Bon Appetit<\/figcaption><\/figure>\n<p>&nbsp;<\/p>\n<div class='share-to-whatsapp-wrapper'><div class='share-on-whsp'>Share on: <\/div><div class='clear '><\/div><\/div>","protected":false},"excerpt":{"rendered":"<p>Los caminos de una m\u00fasica pueden ser sinuosos y sorprendentes. Desde el baile ritual desesperado que re\u00fane en la plaza a los esclavos v\u00edctimas de la opresi\u00f3n y el desarraigo, desde el grito desentonado de un surco a otro en los campos de algod\u00f3n, desde esas canciones que serv\u00edan para aliviar el peso del trabajo, [&hellip;]<\/p>\n","protected":false},"author":14,"featured_media":5837,"comment_status":"open","ping_status":"open","sticky":false,"template":"","format":"standard","meta":{"footnotes":""},"categories":[261],"tags":[81,52,293,305,296,166],"class_list":["post-5849","post","type-post","status-publish","format-standard","has-post-thumbnail","hentry","category-la-nota-azul","tag-agenda-cultural","tag-cultura","tag-jazz","tag-jazz-federal-club","tag-la-nota-azul","tag-musica"],"_links":{"self":[{"href":"https:\/\/zumbalaturba.com.ar\/index.php?rest_route=\/wp\/v2\/posts\/5849","targetHints":{"allow":["GET"]}}],"collection":[{"href":"https:\/\/zumbalaturba.com.ar\/index.php?rest_route=\/wp\/v2\/posts"}],"about":[{"href":"https:\/\/zumbalaturba.com.ar\/index.php?rest_route=\/wp\/v2\/types\/post"}],"author":[{"embeddable":true,"href":"https:\/\/zumbalaturba.com.ar\/index.php?rest_route=\/wp\/v2\/users\/14"}],"replies":[{"embeddable":true,"href":"https:\/\/zumbalaturba.com.ar\/index.php?rest_route=%2Fwp%2Fv2%2Fcomments&post=5849"}],"version-history":[{"count":0,"href":"https:\/\/zumbalaturba.com.ar\/index.php?rest_route=\/wp\/v2\/posts\/5849\/revisions"}],"wp:featuredmedia":[{"embeddable":true,"href":"https:\/\/zumbalaturba.com.ar\/index.php?rest_route=\/wp\/v2\/media\/5837"}],"wp:attachment":[{"href":"https:\/\/zumbalaturba.com.ar\/index.php?rest_route=%2Fwp%2Fv2%2Fmedia&parent=5849"}],"wp:term":[{"taxonomy":"category","embeddable":true,"href":"https:\/\/zumbalaturba.com.ar\/index.php?rest_route=%2Fwp%2Fv2%2Fcategories&post=5849"},{"taxonomy":"post_tag","embeddable":true,"href":"https:\/\/zumbalaturba.com.ar\/index.php?rest_route=%2Fwp%2Fv2%2Ftags&post=5849"}],"curies":[{"name":"wp","href":"https:\/\/api.w.org\/{rel}","templated":true}]}}