{"id":5910,"date":"2018-05-06T04:56:22","date_gmt":"2018-05-06T04:56:22","guid":{"rendered":"http:\/\/zumbalaturba.com.ar\/?p=5910"},"modified":"2018-05-06T04:56:22","modified_gmt":"2018-05-06T04:56:22","slug":"el-jazz-un-lenguaje-al-que-se-llega-por-amor","status":"publish","type":"post","link":"https:\/\/zumbalaturba.com.ar\/?p=5910","title":{"rendered":"El jazz: un lenguaje al que se llega por amor"},"content":{"rendered":"<p style=\"padding-left: 150px;\"><span style=\"font-size: 14pt;\"><em>En este programa n\u00famero 131 de <\/em><strong>La Nota Azul<\/strong><em>, correspondiente al s\u00e1bado 5 de mayo de 2018, recibimos la visita de <\/em><strong>Germ\u00e1n Siman<\/strong><em>, <\/em><strong>Julio Gonz\u00e1lez Goytia<\/strong><em> y <\/em><strong>Rodrigo \u00c1lvarez Vidal<\/strong><em>, que presentan su proyecto de tr\u00edo y adelantan\u00a0c\u00f3mo ser\u00e1 el material que est\u00e1n a punto de grabar para un \u00e1lbum. Adem\u00e1s anticipan lo que vendr\u00e1 en el <\/em><strong>C\u00f3rdoba Jazz Camp<\/strong><em> este a\u00f1o. Tambi\u00e9n entrevistamos a <\/em><strong>Sebasti\u00e1n Mazzalupo<\/strong><em> y presentamos su reci\u00e9n lanzado disco <\/em><strong>Soles<\/strong><em>. Un poco m\u00e1s de dos horas bien cargadas de m\u00fasica, jazz y radio. Por supuesto, por el aire de <\/em><strong>Zumba La Turba<\/strong><em>, en la FM 99.5 de C\u00f3rdoba, Argentina.<\/em><\/span><\/p>\n<p><iframe id=\"audio_25808169\" style=\"border: 1px solid #EEE; box-sizing: border-box; width: 100%;\" src=\"https:\/\/ar.ivoox.com\/es\/player_ej_25808169_4_1.html?c1=ff6600\" width=\"300\" height=\"200\" frameborder=\"0\" scrolling=\"no\" allowfullscreen=\"allowfullscreen\"><\/iframe><\/p>\n<p><span style=\"font-size: 14pt;\"><img fetchpriority=\"high\" decoding=\"async\" class=\"alignleft wp-image-1573 \" src=\"http:\/\/lanotaazul.com.ar\/wp-content\/uploads\/2018\/05\/Max-Roach-Anthony-Braxton-Birth-and-Rebirth-300x300.jpg\" alt=\"\" width=\"290\" height=\"290\" \/>Abrimos con la m\u00fasica de <strong>Max Roach<\/strong> y <strong>Anthony Braxton<\/strong><img decoding=\"async\" class=\"alignright wp-image-1579\" src=\"http:\/\/lanotaazul.com.ar\/wp-content\/uploads\/2018\/05\/Talking-Jazz.jpg\" alt=\"\" width=\"205\" height=\"295\" \/> a d\u00fao desde su disco <em><strong>Birth\u00a0and Rebirth<\/strong><\/em> lanzado por el sello <em>Black Saint<\/em> en el a\u00f1o 1978. Comentamos adem\u00e1s una entrevista a <strong>Max Roach<\/strong> en la que se refiere a la bater\u00eda como un instrumento surgido de la cultura norteamericana. La entrevista forma parte del libro <strong><em>Talking Jazz<\/em><\/strong>, una historia oral, de <strong>Ben Sidran<\/strong> y ha sido editado a finales del a\u00f1o pasado por <em>Letra Sudaca<\/em> <em>Ediciones<\/em> y el grupo\u00a0<em>Improvisaci\u00f3n Colectiva en Mar del Plata<\/em>.<\/span><\/p>\n<p><span style=\"font-size: 14pt;\">Luego presentamos la m\u00fasica de <strong>Sebasti\u00e1n Mazzalupo<\/strong> que acaba de lanzar nuevo disco con su <strong>Mazza Cuarteto<\/strong> que re\u00fane a <strong>Miguel Marengo<\/strong> en piano, <strong>Juan Manuel Bay\u00f3n<\/strong> en contrabajo y <strong>Carto Brand\u00e1n<\/strong> en bater\u00eda, adem\u00e1s del propio Mazzalupo en los saxos. El disco se titula <strong><em>Soles<\/em><\/strong> y fue editado por el sello<em> Kuai Music<\/em> en formato exclusivamente digital. Charlamos con <strong>Sebasti\u00e1n Mazzalupo<\/strong> que nos comparti\u00f3 sus ideas acerca de la m\u00fasica del \u00e1lbum, el trabajo con su grupo y su tarea creativa como compositor.<\/span><\/p>\n<p><img decoding=\"async\" class=\"aligncenter wp-image-1577\" src=\"http:\/\/lanotaazul.com.ar\/wp-content\/uploads\/2018\/05\/Sebasti\u00e1n-Mazzalupo-soles.jpg\" alt=\"\" width=\"566\" height=\"319\" \/><\/p>\n<p><span style=\"font-size: 14pt;\">Recibimos, adem\u00e1s, la visita de <strong>Germ\u00e1n Siman<\/strong>, <strong>Julio Gonz\u00e1lez Goytia<\/strong> y <strong>Rodrigo \u00c1lvarez Vidal<\/strong>, que estaban a punto de ir a tocar a <em>Lecole<\/em> como parte de la grilla de este <a href=\"http:\/\/lanotaazul.com.ar\/agenda\/tercer-especial-de-jazz-de-lecole\/\" target=\"_blank\" rel=\"noopener noreferrer\"><em>Tercer Especial de Jazz<\/em><\/a> organizado por Guillermo Monde. El proyecto del tr\u00edo, seg\u00fan contaron, apunta a recreaciones de la m\u00fasica popular argentina, en particular del tango, a pesar de no ser ninguna un m\u00fasico espec\u00edficamente de tango. De all\u00ed justamente el atractivo de la propuesta.<\/span><\/p>\n<p><span style=\"font-size: 14pt;\"><strong>Germ\u00e1n Siman<\/strong>, baterista y director de <em>La Escuelita<\/em>, es organizador del <strong>C\u00f3rdoba Jazz Camp<\/strong>, una experiencia \u00fanica en Latinoam\u00e9rica, que se sostiene y crece cada a\u00f1o en nuestra provincia. Esta edici\u00f3n 2018 se realizar\u00e1 en la ciudad de C\u00f3rdoba. <strong>Julio Gonz\u00e1lez Goytia<\/strong>, guitarrista de Tucum\u00e1n, y <strong>Rodrigo \u00c1lvarez Vidal<\/strong>, contrabajista de Chile, forman parte del cuerpo estable de docentes del <em>Jazz Camp<\/em>. Todo lo que pasa en esta conversaci\u00f3n puede extenderse, ramificarse y producir sin final.<\/span><\/p>\n<p><span style=\"font-size: 14pt;\">Escuchamos el d\u00fao de guitarras integrado por <strong>Juampy Ju\u00e1rez<\/strong> y <strong>Osvaldo Brizuela<\/strong>. Y la m\u00fasica de <strong>Eduardo Elia<\/strong> desde su disco <strong><em>Figuras de un solo trazo<\/em><\/strong>.<\/span><\/p>\n<p><span style=\"font-size: 14pt;\"><img loading=\"lazy\" decoding=\"async\" class=\"alignleft wp-image-1571\" src=\"http:\/\/lanotaazul.com.ar\/wp-content\/uploads\/2018\/05\/MAC1125-MONKestra-2-CD-art.jpg\" alt=\"\" width=\"261\" height=\"262\" \/>Al final, cerramos con <strong>John Beasley<\/strong> y su <strong>MONK\u2019estra<\/strong> recreando <strong><em>Work<\/em><\/strong> de Thelonious Monk. Porque <strong>John Beasley<\/strong> fue parte de las celebraciones oficiales del <em>D\u00eda Internacional del Jazz<\/em> este a\u00f1o en San Petersburgo, y porque <strong><em>Work<\/em><\/strong> es una manera que tenemos de conmemorar con la m\u00fasica el <em>D\u00eda Internacional de los Trabajadores<\/em> del 1 de mayo.<\/span><\/p>\n<p><span style=\"font-size: 14pt;\">No te pierdas este episodio lleno de m\u00fasica, jazz y radio.<\/span><\/p>\n<p>&nbsp;<\/p>\n<p style=\"text-align: center;\"><span style=\"font-size: 18pt;\"><a href=\"http:\/\/lanotaazul.com.ar\/programas\/el-jazz-un-lenguaje-al-que-se-llega-por-amor\/\" target=\"_blank\" rel=\"noopener noreferrer\"><strong><em>ESCUCHALO TAMBI\u00c9N POR AC\u00c1<\/em><\/strong><\/a><\/span><\/p>\n<p>&nbsp;<\/p>\n<div class='share-to-whatsapp-wrapper'><div class='share-on-whsp'>Share on: <\/div><div class='clear '><\/div><\/div>","protected":false},"excerpt":{"rendered":"<p>En este programa n\u00famero 131 de La Nota Azul, correspondiente al s\u00e1bado 5 de mayo de 2018, recibimos la visita de Germ\u00e1n Siman, Julio Gonz\u00e1lez Goytia y Rodrigo \u00c1lvarez Vidal, que presentan su proyecto de tr\u00edo y adelantan\u00a0c\u00f3mo ser\u00e1 el material que est\u00e1n a punto de grabar para un \u00e1lbum. Adem\u00e1s anticipan lo que vendr\u00e1 [&hellip;]<\/p>\n","protected":false},"author":14,"featured_media":5911,"comment_status":"open","ping_status":"open","sticky":false,"template":"","format":"standard","meta":{"footnotes":""},"categories":[261],"tags":[81,52,293,305,296,166],"class_list":["post-5910","post","type-post","status-publish","format-standard","has-post-thumbnail","hentry","category-la-nota-azul","tag-agenda-cultural","tag-cultura","tag-jazz","tag-jazz-federal-club","tag-la-nota-azul","tag-musica"],"_links":{"self":[{"href":"https:\/\/zumbalaturba.com.ar\/index.php?rest_route=\/wp\/v2\/posts\/5910","targetHints":{"allow":["GET"]}}],"collection":[{"href":"https:\/\/zumbalaturba.com.ar\/index.php?rest_route=\/wp\/v2\/posts"}],"about":[{"href":"https:\/\/zumbalaturba.com.ar\/index.php?rest_route=\/wp\/v2\/types\/post"}],"author":[{"embeddable":true,"href":"https:\/\/zumbalaturba.com.ar\/index.php?rest_route=\/wp\/v2\/users\/14"}],"replies":[{"embeddable":true,"href":"https:\/\/zumbalaturba.com.ar\/index.php?rest_route=%2Fwp%2Fv2%2Fcomments&post=5910"}],"version-history":[{"count":0,"href":"https:\/\/zumbalaturba.com.ar\/index.php?rest_route=\/wp\/v2\/posts\/5910\/revisions"}],"wp:featuredmedia":[{"embeddable":true,"href":"https:\/\/zumbalaturba.com.ar\/index.php?rest_route=\/wp\/v2\/media\/5911"}],"wp:attachment":[{"href":"https:\/\/zumbalaturba.com.ar\/index.php?rest_route=%2Fwp%2Fv2%2Fmedia&parent=5910"}],"wp:term":[{"taxonomy":"category","embeddable":true,"href":"https:\/\/zumbalaturba.com.ar\/index.php?rest_route=%2Fwp%2Fv2%2Fcategories&post=5910"},{"taxonomy":"post_tag","embeddable":true,"href":"https:\/\/zumbalaturba.com.ar\/index.php?rest_route=%2Fwp%2Fv2%2Ftags&post=5910"}],"curies":[{"name":"wp","href":"https:\/\/api.w.org\/{rel}","templated":true}]}}