{"id":5928,"date":"2018-05-13T08:35:29","date_gmt":"2018-05-13T08:35:29","guid":{"rendered":"http:\/\/zumbalaturba.com.ar\/?p=5928"},"modified":"2018-05-13T08:37:42","modified_gmt":"2018-05-13T08:37:42","slug":"jazz-para-salir-de-la-jungla","status":"publish","type":"post","link":"https:\/\/zumbalaturba.com.ar\/?p=5928","title":{"rendered":"Jazz para salir de la jungla"},"content":{"rendered":"<p style=\"padding-left: 150px;\"><span style=\"font-size: 14pt;\"><em>Unos sacan sus d\u00f3lares afuera; otros se inundan. Unos especulan y aprovechan; otros, se derrumban. En la jungla el bicho m\u00e1s grande sobrevive y los otros m\u00e1s peque\u00f1os se pierden enredados en sus lazos enga\u00f1osos. El que decide atraer a los tigres y alimentarlos con la carne de los d\u00e9biles, est\u00e1 mostrando la gravedad de su fracaso. <\/em><\/span><br \/>\n<span style=\"font-size: 14pt;\"><em>Pero lo m\u00e1s importante siempre pasa por abajo. El jazz, quiz\u00e1s el mayor legado de la cultura americana, es una creaci\u00f3n de los peque\u00f1os. Es obra de los que fueron puestos como carnada, como se\u00f1uelos para atraer a asesinos. Otra vez, de esta jungla, como de todo laberinto, se sale con el jazz.<\/em><\/span><\/p>\n<p><iframe id=\"audio_25941237\" style=\"border: 1px solid #EEE; box-sizing: border-box; width: 100%;\" src=\"https:\/\/ar.ivoox.com\/es\/player_ej_25941237_4_1.html?c1=ff6600\" width=\"300\" height=\"200\" frameborder=\"0\" scrolling=\"no\" allowfullscreen=\"allowfullscreen\"><\/iframe><\/p>\n<p><span style=\"font-size: 14pt;\">As\u00ed comenzamos este programa n\u00famero 132 de <strong>La Nota Azul<\/strong>, correspondiente al s\u00e1bado 12 de mayo de 2018. Por el aire de radio <strong>Zumba La Turba<\/strong>, en la FM 99.5,\u00a0C\u00f3rdoba, Argentina.<\/span><\/p>\n<p><span style=\"font-size: 14pt;\">Iniciamos con esta referencia a algunos\u00a0<\/span><span style=\"font-size: 14pt;\"><img fetchpriority=\"high\" decoding=\"async\" class=\"alignright wp-image-1592 \" src=\"http:\/\/lanotaazul.com.ar\/wp-content\/uploads\/2018\/05\/Money-Jungle-1024x1024.jpg\" alt=\"\" width=\"368\" height=\"368\" \/>acontecimientos\u00a0de la semana: la fuga de capitales, la devaluaci\u00f3n, el pacto con el FMI&#8230; Y dentro de toda esa jungla, una reivindicaci\u00f3n del jazz: \u201c<em>El jazz es m\u00fasica hecha por y para gente que elige\u00a0sentirse bien a pesar de las condiciones<\/em>\u201d, sentencia tomada de la entrevista a Johnny Griffin del libro <em>Talking Jazz<\/em> de Ben Sidran. Pero adem\u00e1s de esta cualidad saludable, el jazz es una obra de los peque\u00f1os que lleg\u00f3 a conquistar a los a los grandes y logr\u00f3 dominarlos. Por eso, el jazz puede transformar es esta jungla y, como si de un laberinto abierto se tratara, permite incluso salir de ella.<\/span><\/p>\n<p><span style=\"font-size: 14pt;\">De esta manera, abrimos musicalmente con el disco <strong><em>Money Jungle<\/em><\/strong>, \u00e1lbum grabado en 1962 por <strong>Duke Ellington<\/strong> con <strong>Charles Mingus<\/strong> y <strong>Max Roach<\/strong>.<\/span><\/p>\n<p>&nbsp;<\/p>\n<p><span style=\"font-size: 14pt;\">Luego escuchamos el d\u00fao formado por el pianista <strong>Kenny Drew<\/strong> y el contrabajista dan\u00e9s <strong>Niels-Henning \u00d8rsted Pedersen<\/strong>.\u00a0La selecci\u00f3n es una manera de retribuir un regalo:\u00a0el disco lleva el t\u00edtulo de\u00a0<strong><em>D\u00fao<\/em><\/strong>, lanzado en el a\u00f1o 1973 por el sello <em>Steeple Chase<\/em>, y lo escuchamos directamente con la fritura del LP. El \u00e1lbum est\u00e1 integrado por composiciones de ambos m\u00fasicos y tambi\u00e9n incluye temas tradicionales y una canci\u00f3n folkl\u00f3rica danesa.<\/span><\/p>\n<p><span style=\"font-size: 14pt;\">Despu\u00e9s es el turno del pianista norteamericano <strong>Vijat Iyer<\/strong> y el excelente \u00e1lbum <strong><em>Far From Over<\/em><\/strong>, lanzado con su sexteto el pasado a\u00f1o 2017 en el sello ECM. El <strong>Vijay Iyer Sextet<\/strong> re\u00fane a\u00a0<strong>Graham Haynes<\/strong> en corneta, flugelhorn y electr\u00f3nica, <strong>Mark Shim<\/strong> en saxo tenor, <strong>Steve Lehman<\/strong> en saxo alto, <strong>Stephan Crump<\/strong> en contrabajo y <strong>Tyshawn Sorey<\/strong> en bater\u00eda, adem\u00e1s del propio Iyer en el piano. <strong><em>Far From Over<\/em><\/strong> est\u00e1 en la misma l\u00ednea que planteamos al inicio del programa. En las notas del \u00e1lbum, una peque\u00f1a leyenda refiere a la m\u00fasica y su capacidad transformadora. Las luchas\u00a0por la igualdad, la justicia y los derechos humanos b\u00e1sicos est\u00e1n lejos de haber terminado (<em>far from over<\/em>), y con eso, <strong>Vijay Iyer<\/strong> afirma que en ese panorama espera que la m\u00fasica pueda ofrecer algo \u00fatil y perdurar.<\/span><\/p>\n<div id='gallery-1' class='gallery galleryid-5928 gallery-columns-2 gallery-size-medium'><figure class='gallery-item'>\n\t\t\t<div class='gallery-icon portrait'>\n\t\t\t\t<img decoding=\"async\" width=\"300\" height=\"300\" src=\"https:\/\/zumbalaturba.com.ar\/wp-content\/uploads\/2018\/05\/Kenny-Drew-Niels-Henning-Orsted-Pedersen-DUO-300x300.jpg\" class=\"attachment-medium size-medium\" alt=\"\" srcset=\"https:\/\/zumbalaturba.com.ar\/wp-content\/uploads\/2018\/05\/Kenny-Drew-Niels-Henning-Orsted-Pedersen-DUO-300x300.jpg 300w, https:\/\/zumbalaturba.com.ar\/wp-content\/uploads\/2018\/05\/Kenny-Drew-Niels-Henning-Orsted-Pedersen-DUO-768x769.jpg 768w, https:\/\/zumbalaturba.com.ar\/wp-content\/uploads\/2018\/05\/Kenny-Drew-Niels-Henning-Orsted-Pedersen-DUO-1024x1024.jpg 1024w, https:\/\/zumbalaturba.com.ar\/wp-content\/uploads\/2018\/05\/Kenny-Drew-Niels-Henning-Orsted-Pedersen-DUO.jpg 1499w\" sizes=\"(max-width: 300px) 100vw, 300px\" \/>\n\t\t\t<\/div><\/figure><figure class='gallery-item'>\n\t\t\t<div class='gallery-icon landscape'>\n\t\t\t\t<img decoding=\"async\" width=\"300\" height=\"266\" src=\"https:\/\/zumbalaturba.com.ar\/wp-content\/uploads\/2018\/05\/Vijay-Iyer-Far-from-over-300x266.jpg\" class=\"attachment-medium size-medium\" alt=\"\" srcset=\"https:\/\/zumbalaturba.com.ar\/wp-content\/uploads\/2018\/05\/Vijay-Iyer-Far-from-over-300x266.jpg 300w, https:\/\/zumbalaturba.com.ar\/wp-content\/uploads\/2018\/05\/Vijay-Iyer-Far-from-over-768x682.jpg 768w, https:\/\/zumbalaturba.com.ar\/wp-content\/uploads\/2018\/05\/Vijay-Iyer-Far-from-over-1024x909.jpg 1024w, https:\/\/zumbalaturba.com.ar\/wp-content\/uploads\/2018\/05\/Vijay-Iyer-Far-from-over.jpg 1200w\" sizes=\"(max-width: 300px) 100vw, 300px\" \/>\n\t\t\t<\/div><\/figure>\n\t\t<\/div>\n\n<p><span style=\"font-size: 14pt;\">A continuaci\u00f3n, reaparece en el aire el disco a d\u00fao de <strong>Ir\u00e8ne Schweizer<\/strong> y <strong>Han Bennink<\/strong>, grabado en vivo el 5 y 6 de enero de 1995 en <em>Jazzclub Moods<\/em>, en Z\u00fcrich. En el programa hab\u00edan sonado los standards que incluye el \u00e1lbum. En esta oportunidad escuchamos composiciones propias de ambos, la pianista <strong>Ir\u00e8ne Schweizer<\/strong> y el baterista <strong>Han Bennink<\/strong>.<\/span><\/p>\n<p><span style=\"font-size: 14pt;\">Lo que sigue es <strong><em>Clameurs,<\/em><\/strong> disco del a\u00f1o 2007 del trompetista y ling\u00fcista franc\u00e9s <strong>Jacques Coursil<\/strong>, con una peque\u00f1a rese\u00f1a y reivindicaci\u00f3n de su figura.<\/span><\/p>\n<div id='gallery-2' class='gallery galleryid-5928 gallery-columns-2 gallery-size-medium'><figure class='gallery-item'>\n\t\t\t<div class='gallery-icon landscape'>\n\t\t\t\t<a href='https:\/\/zumbalaturba.com.ar\/?attachment_id=5929'><img loading=\"lazy\" decoding=\"async\" width=\"300\" height=\"300\" src=\"https:\/\/zumbalaturba.com.ar\/wp-content\/uploads\/2018\/05\/Irene-Scchwetzer-Han-bennink-300x300.jpg\" class=\"attachment-medium size-medium\" alt=\"\" srcset=\"https:\/\/zumbalaturba.com.ar\/wp-content\/uploads\/2018\/05\/Irene-Scchwetzer-Han-bennink-300x300.jpg 300w, https:\/\/zumbalaturba.com.ar\/wp-content\/uploads\/2018\/05\/Irene-Scchwetzer-Han-bennink-768x768.jpg 768w, https:\/\/zumbalaturba.com.ar\/wp-content\/uploads\/2018\/05\/Irene-Scchwetzer-Han-bennink-1024x1024.jpg 1024w, https:\/\/zumbalaturba.com.ar\/wp-content\/uploads\/2018\/05\/Irene-Scchwetzer-Han-bennink.jpg 1200w\" sizes=\"(max-width: 300px) 100vw, 300px\" \/><\/a>\n\t\t\t<\/div><\/figure><figure class='gallery-item'>\n\t\t\t<div class='gallery-icon landscape'>\n\t\t\t\t<a href='https:\/\/zumbalaturba.com.ar\/?attachment_id=5934'><img loading=\"lazy\" decoding=\"async\" width=\"300\" height=\"296\" src=\"https:\/\/zumbalaturba.com.ar\/wp-content\/uploads\/2018\/05\/Jacques-Coursil-300x296.jpg\" class=\"attachment-medium size-medium\" alt=\"\" srcset=\"https:\/\/zumbalaturba.com.ar\/wp-content\/uploads\/2018\/05\/Jacques-Coursil-300x296.jpg 300w, https:\/\/zumbalaturba.com.ar\/wp-content\/uploads\/2018\/05\/Jacques-Coursil.jpg 500w\" sizes=\"(max-width: 300px) 100vw, 300px\" \/><\/a>\n\t\t\t<\/div><\/figure>\n\t\t<\/div>\n\n<p><span style=\"font-size: 14pt;\"><img loading=\"lazy\" decoding=\"async\" class=\"alignleft wp-image-1589\" src=\"http:\/\/lanotaazul.com.ar\/wp-content\/uploads\/2018\/05\/juancanosaquinteto-standards.jpg\" alt=\"\" width=\"241\" height=\"241\" \/>Y para cerrar, un peque\u00f1o homenaje con dedicatoria. Escuchamos al trombonista <strong>Juan Canosa<\/strong>, que ser\u00e1 parte del <strong>C\u00f3rdoba Jazz Camp<\/strong> nuevamente este a\u00f1o. Desde su disco <strong><em>Standards Vol 1<\/em><\/strong>, suena <strong><em>El romperedes<\/em><\/strong>.<\/span><\/p>\n<p>&nbsp;<\/p>\n<p><span style=\"font-size: 14pt;\">Todo eso en algo m\u00e1s de dos horas de radio, m\u00fasica y jazz para salir de la jungla.<\/span><\/p>\n<p>&nbsp;<\/p>\n<p style=\"text-align: center;\"><span style=\"font-size: 18pt;\"><a href=\"http:\/\/lanotaazul.com.ar\/programas\/jazz-para-salir-de-la-jungla\/\" target=\"_blank\" rel=\"noopener noreferrer\"><strong><em>ESCUCHALO TAMBI\u00c9N POR AC\u00c1<\/em><\/strong><\/a><\/span><\/p>\n<div class='share-to-whatsapp-wrapper'><div class='share-on-whsp'>Share on: <\/div><div class='clear '><\/div><\/div>","protected":false},"excerpt":{"rendered":"<p>Unos sacan sus d\u00f3lares afuera; otros se inundan. Unos especulan y aprovechan; otros, se derrumban. En la jungla el bicho m\u00e1s grande sobrevive y los otros m\u00e1s peque\u00f1os se pierden enredados en sus lazos enga\u00f1osos. El que decide atraer a los tigres y alimentarlos con la carne de los d\u00e9biles, est\u00e1 mostrando la gravedad de [&hellip;]<\/p>\n","protected":false},"author":14,"featured_media":5932,"comment_status":"open","ping_status":"open","sticky":false,"template":"","format":"standard","meta":{"footnotes":""},"categories":[261],"tags":[81,52,293,305,296,166],"class_list":["post-5928","post","type-post","status-publish","format-standard","has-post-thumbnail","hentry","category-la-nota-azul","tag-agenda-cultural","tag-cultura","tag-jazz","tag-jazz-federal-club","tag-la-nota-azul","tag-musica"],"_links":{"self":[{"href":"https:\/\/zumbalaturba.com.ar\/index.php?rest_route=\/wp\/v2\/posts\/5928","targetHints":{"allow":["GET"]}}],"collection":[{"href":"https:\/\/zumbalaturba.com.ar\/index.php?rest_route=\/wp\/v2\/posts"}],"about":[{"href":"https:\/\/zumbalaturba.com.ar\/index.php?rest_route=\/wp\/v2\/types\/post"}],"author":[{"embeddable":true,"href":"https:\/\/zumbalaturba.com.ar\/index.php?rest_route=\/wp\/v2\/users\/14"}],"replies":[{"embeddable":true,"href":"https:\/\/zumbalaturba.com.ar\/index.php?rest_route=%2Fwp%2Fv2%2Fcomments&post=5928"}],"version-history":[{"count":0,"href":"https:\/\/zumbalaturba.com.ar\/index.php?rest_route=\/wp\/v2\/posts\/5928\/revisions"}],"wp:featuredmedia":[{"embeddable":true,"href":"https:\/\/zumbalaturba.com.ar\/index.php?rest_route=\/wp\/v2\/media\/5932"}],"wp:attachment":[{"href":"https:\/\/zumbalaturba.com.ar\/index.php?rest_route=%2Fwp%2Fv2%2Fmedia&parent=5928"}],"wp:term":[{"taxonomy":"category","embeddable":true,"href":"https:\/\/zumbalaturba.com.ar\/index.php?rest_route=%2Fwp%2Fv2%2Fcategories&post=5928"},{"taxonomy":"post_tag","embeddable":true,"href":"https:\/\/zumbalaturba.com.ar\/index.php?rest_route=%2Fwp%2Fv2%2Ftags&post=5928"}],"curies":[{"name":"wp","href":"https:\/\/api.w.org\/{rel}","templated":true}]}}