{"id":5964,"date":"2018-05-26T23:04:04","date_gmt":"2018-05-26T23:04:04","guid":{"rendered":"http:\/\/zumbalaturba.com.ar\/?p=5964"},"modified":"2018-05-26T23:04:04","modified_gmt":"2018-05-26T23:04:04","slug":"musica-para-incendiar-el-mundo","status":"publish","type":"post","link":"https:\/\/zumbalaturba.com.ar\/?p=5964","title":{"rendered":"M\u00fasica para incendiar el mundo"},"content":{"rendered":"<p style=\"padding-left: 150px;\"><span style=\"font-size: 14pt;\"><em>Cuando parece que los monstruos se devoran a los peque\u00f1os, cuando todo aparenta avanzar y aplastar lo que encuentre a su paso, vuelve a sonar la m\u00fasica para ser la voz a los callados, vuelve a sonar la m\u00fasica para demostrar que con el jazz el mundo puede ser al menos un poco menos injusto. Es 1965, es <strong>Archie Shepp<\/strong>. Y es una m\u00fasica que todav\u00eda sirve para incendiar el mundo.<\/em><\/span><\/p>\n<p><iframe id=\"audio_26193594\" style=\"border: 1px solid #EEE; box-sizing: border-box; width: 100%;\" src=\"https:\/\/ar.ivoox.com\/es\/player_ej_26193594_4_1.html?c1=ff6600\" width=\"300\" height=\"200\" frameborder=\"0\" scrolling=\"no\" allowfullscreen=\"allowfullscreen\"><\/iframe><\/p>\n<p><span style=\"font-size: 14pt;\">As\u00ed comenzamos esta emisi\u00f3n n\u00famero 133 de <strong>La Nota Azul<\/strong>, el programa de jazz de radio <strong>Zumba La Turba<\/strong>, en la FM 99.5 de C\u00f3rdoba, Argentina, correspondiente al s\u00e1bado 12 de mayo de 2018.<\/span><\/p>\n<p><span style=\"font-size: 14pt;\">Iniciamos con la m\u00fasica de <strong>Archie Shepp<\/strong> desde su disco <em><strong>Fire Music<\/strong><\/em>, <img fetchpriority=\"high\" decoding=\"async\" class=\"alignright wp-image-1623\" src=\"http:\/\/lanotaazul.com.ar\/wp-content\/uploads\/2018\/05\/archie-shepp-fire-music-cover-1800-1024x1024.jpg\" alt=\"\" width=\"316\" height=\"316\" \/>lanzado por el sello <em>Impulse!<\/em> en el a\u00f1o 1965.\u00a0El disco est\u00e1 grabado el 16 de febrero de 1965, pero incluye tambi\u00e9n una m\u00fasica grabada en una sesi\u00f3n posterior, el 9 de marzo. En el medio, el 21 de febrero de ese a\u00f1o, ocurri\u00f3 el asesinato de Malcolm X. De all\u00ed uno de los temas que suenan: <strong><em>Malcolm, Malcolm, Semper Malcolm<\/em><\/strong>, en formato de tr\u00edo con <strong>Archie Shepp<\/strong> en el saxo tenor, <strong>David Izenzon<\/strong> en contrabajo y <strong>JC Moses<\/strong> en bater\u00eda. En el resto del \u00e1lbum se puede o\u00edr a <strong>Ted Curson<\/strong> en trompeta, <strong>Joseph Orange<\/strong> en tromb\u00f3n, <strong>Marion Brown<\/strong> en saxo alto, <strong>Reggie Johnson<\/strong> en contrabajo y <strong>Joe Chambers<\/strong> en bater\u00eda. Escuchamos <em><strong>Los Olvidados<\/strong><\/em> de Archie Shepp y <strong><em>Prelude To a Kiss<\/em><\/strong>, del repertorio de Ellington.<\/span><\/p>\n<p><span style=\"font-size: 14pt;\">Adem\u00e1s, presentamos el nuevo lanzamiento del <strong>John Hollenbeck Large Ensemble<\/strong>, titulado <strong><em>All Can Work<\/em><\/strong> y editado este a\u00f1o 2018 por <em>New Amsterdam Records<\/em>. Junto con <strong>The Claudia Quintet<\/strong>, el <strong>John Hollenbeck Large Ensemble<\/strong> es uno de los proyectos liderados por el babterista John Hollenbceck. <strong><em>All Can Work<\/em> <\/strong>se presenta como un homenaje a grandes artistas que han inspirado a Hollenbeck a lo largo de los a\u00f1os: Bob Brookmeyer, Kenny Wheeler, Billy Strayhorn, William Shakespeare y fundamentalmente Laurie Frink, que form\u00f3 parte del Large Ensemble y dej\u00f3 su marca en la ense\u00f1anza de la trompeta.<\/span><\/p>\n<div id='gallery-1' class='gallery galleryid-5964 gallery-columns-2 gallery-size-medium'><figure class='gallery-item'>\n\t\t\t<div class='gallery-icon landscape'>\n\t\t\t\t<img decoding=\"async\" width=\"300\" height=\"300\" src=\"https:\/\/zumbalaturba.com.ar\/wp-content\/uploads\/2018\/05\/John-Hollenbeck-300x300.jpg\" class=\"attachment-medium size-medium\" alt=\"\" srcset=\"https:\/\/zumbalaturba.com.ar\/wp-content\/uploads\/2018\/05\/John-Hollenbeck-300x300.jpg 300w, https:\/\/zumbalaturba.com.ar\/wp-content\/uploads\/2018\/05\/John-Hollenbeck-768x768.jpg 768w, https:\/\/zumbalaturba.com.ar\/wp-content\/uploads\/2018\/05\/John-Hollenbeck-1024x1024.jpg 1024w, https:\/\/zumbalaturba.com.ar\/wp-content\/uploads\/2018\/05\/John-Hollenbeck.jpg 1200w\" sizes=\"(max-width: 300px) 100vw, 300px\" \/>\n\t\t\t<\/div><\/figure><figure class='gallery-item'>\n\t\t\t<div class='gallery-icon landscape'>\n\t\t\t\t<img decoding=\"async\" width=\"300\" height=\"300\" src=\"https:\/\/zumbalaturba.com.ar\/wp-content\/uploads\/2018\/05\/Tapa-Lentes-baja-300x300.jpg\" class=\"attachment-medium size-medium\" alt=\"\" srcset=\"https:\/\/zumbalaturba.com.ar\/wp-content\/uploads\/2018\/05\/Tapa-Lentes-baja-300x300.jpg 300w, https:\/\/zumbalaturba.com.ar\/wp-content\/uploads\/2018\/05\/Tapa-Lentes-baja.jpg 333w\" sizes=\"(max-width: 300px) 100vw, 300px\" \/>\n\t\t\t<\/div><\/figure>\n\t\t<\/div>\n\n<p><span style=\"font-size: 14pt;\">Luego recorremos tres sellos que editan jazz en Argentina con algunos de sus \u00faltimos lanzamientos. En primer lugar, nos detenemos en el nuevo disco de <strong>Juan Cruz de Urquiza<\/strong>, editado por el <strong>Club del Disco<\/strong> este a\u00f1o 2018. Integrado por seis composiciones originales de Juan Cruz de Urquiza, el \u00e1lbum <strong><em>Lentes<\/em><\/strong> fue grabado en vivo el 25 de octubre del a\u00f1o pasado en el ciclo de compositores del CCK, por un septeto que re\u00fane en la base r\u00edtmica a <strong>Juan Filipelli<\/strong> en guitarra (no hay piano), <strong>Sebasti\u00e1n de Urquiza<\/strong> en contrabajo y <strong>Sergio Verdinelli<\/strong> en bater\u00eda, y suma en los vientos, aparte de la trompeta de <strong>Juan Cruz de Urquiza<\/strong>, a <strong>Lucas Goicoechea<\/strong> en saxo alto, <strong>Pablo Moser<\/strong> en saxo tenor y <strong>Franco Esp\u00edndola<\/strong> en tromb\u00f3n.<\/span><\/p>\n<p><span style=\"font-size: 14pt;\">El segundo sello al que nos referimos es <strong>Kuai Music<\/strong> y traemos el disco del <strong>Camila Nebbia Sexteto<\/strong>, que lleva el largo t\u00edtulo de a veces, la luz de lo que existe resplandece solamente a la distancia. El \u00e1lbum fue lanzado el a\u00f1o pasado, tuvo una recepci\u00f3n entusiasta y ubica a la saxofonista y a su proyecto grupal de lleno en el terreno del free jazz.<\/span><\/p>\n<p><span style=\"font-size: 14pt;\">En tercer t\u00e9rminos nos detenemos nada menos que en <strong>Blue Art Records<\/strong>, sello gestionado por Horacio Vargas desde Rosario. Fundado en 2001, especializado en jazz y m\u00fasica contempor\u00e1nea, recientemente la Municipalidad de Rosario otorg\u00f3 al sello el premio Distinci\u00f3n a la trayectoria. Escuchamos el exquisito \u00e1lbum <strong><em>Dispositivo<\/em><\/strong>, editado en 2017 por el <strong>Maxi Kirszner Tr\u00edo<\/strong>, que re\u00fane a <strong>Maximiliano Kirszner<\/strong> en contrabajo y composici\u00f3n, <strong>Nataniel Edelman<\/strong> en el piano y <strong>Ferm\u00edn Merlo<\/strong> en bater\u00eda.<\/span><\/p>\n<div id='gallery-2' class='gallery galleryid-5964 gallery-columns-3 gallery-size-medium'><figure class='gallery-item'>\n\t\t\t<div class='gallery-icon landscape'>\n\t\t\t\t<a href='https:\/\/zumbalaturba.com.ar\/?attachment_id=5967'><img loading=\"lazy\" decoding=\"async\" width=\"300\" height=\"300\" src=\"https:\/\/zumbalaturba.com.ar\/wp-content\/uploads\/2018\/05\/Camila-Nebbia-Sexteto-Tapa-300x300.jpg\" class=\"attachment-medium size-medium\" alt=\"\" srcset=\"https:\/\/zumbalaturba.com.ar\/wp-content\/uploads\/2018\/05\/Camila-Nebbia-Sexteto-Tapa-300x300.jpg 300w, https:\/\/zumbalaturba.com.ar\/wp-content\/uploads\/2018\/05\/Camila-Nebbia-Sexteto-Tapa-768x768.jpg 768w, https:\/\/zumbalaturba.com.ar\/wp-content\/uploads\/2018\/05\/Camila-Nebbia-Sexteto-Tapa-1024x1024.jpg 1024w, https:\/\/zumbalaturba.com.ar\/wp-content\/uploads\/2018\/05\/Camila-Nebbia-Sexteto-Tapa.jpg 1200w\" sizes=\"(max-width: 300px) 100vw, 300px\" \/><\/a>\n\t\t\t<\/div><\/figure><figure class='gallery-item'>\n\t\t\t<div class='gallery-icon landscape'>\n\t\t\t\t<a href='https:\/\/zumbalaturba.com.ar\/?attachment_id=5968'><img loading=\"lazy\" decoding=\"async\" width=\"300\" height=\"264\" src=\"https:\/\/zumbalaturba.com.ar\/wp-content\/uploads\/2018\/05\/DISPOSITIVO-FRONT-300x264.jpg\" class=\"attachment-medium size-medium\" alt=\"\" srcset=\"https:\/\/zumbalaturba.com.ar\/wp-content\/uploads\/2018\/05\/DISPOSITIVO-FRONT-300x264.jpg 300w, https:\/\/zumbalaturba.com.ar\/wp-content\/uploads\/2018\/05\/DISPOSITIVO-FRONT-768x676.jpg 768w, https:\/\/zumbalaturba.com.ar\/wp-content\/uploads\/2018\/05\/DISPOSITIVO-FRONT-1024x901.jpg 1024w, https:\/\/zumbalaturba.com.ar\/wp-content\/uploads\/2018\/05\/DISPOSITIVO-FRONT.jpg 1280w\" sizes=\"(max-width: 300px) 100vw, 300px\" \/><\/a>\n\t\t\t<\/div><\/figure><figure class='gallery-item'>\n\t\t\t<div class='gallery-icon landscape'>\n\t\t\t\t<a href='https:\/\/zumbalaturba.com.ar\/?attachment_id=5971'><img loading=\"lazy\" decoding=\"async\" width=\"300\" height=\"300\" src=\"https:\/\/zumbalaturba.com.ar\/wp-content\/uploads\/2018\/05\/underground-mafia-300x300.jpg\" class=\"attachment-medium size-medium\" alt=\"\" srcset=\"https:\/\/zumbalaturba.com.ar\/wp-content\/uploads\/2018\/05\/underground-mafia-300x300.jpg 300w, https:\/\/zumbalaturba.com.ar\/wp-content\/uploads\/2018\/05\/underground-mafia-768x768.jpg 768w, https:\/\/zumbalaturba.com.ar\/wp-content\/uploads\/2018\/05\/underground-mafia-1024x1024.jpg 1024w, https:\/\/zumbalaturba.com.ar\/wp-content\/uploads\/2018\/05\/underground-mafia.jpg 1200w\" sizes=\"(max-width: 300px) 100vw, 300px\" \/><\/a>\n\t\t\t<\/div><\/figure>\n\t\t<\/div>\n\n<p><span style=\"font-size: 14pt;\">Cerramos con la m\u00fasica de <strong>Underground Mafia<\/strong>, desde el <strong><em>Vol. V<\/em><\/strong> en formato de cuarteto, proyecto que lideraba desde el tromb\u00f3n <strong>Francisco Salgado<\/strong>. A modo de despedida y con la m\u00fasica siempre sonando.<\/span><\/p>\n<p><span style=\"font-size: 14pt;\">Todo eso y mucho m\u00e1s en dos horas de jazz, m\u00fasica y radio.<\/span><\/p>\n<p>&nbsp;<\/p>\n<p style=\"text-align: center;\"><span style=\"font-size: 18pt;\"><a href=\"http:\/\/lanotaazul.com.ar\/programas\/musica-para-incendiar-el-mundo\/\" target=\"_blank\" rel=\"noopener noreferrer\"><strong><em>ESCUCHALO TAMBI\u00c9N POR AC\u00c1<\/em><\/strong><\/a><\/span><\/p>\n<div class='share-to-whatsapp-wrapper'><div class='share-on-whsp'>Share on: <\/div><div class='clear '><\/div><\/div>","protected":false},"excerpt":{"rendered":"<p>Cuando parece que los monstruos se devoran a los peque\u00f1os, cuando todo aparenta avanzar y aplastar lo que encuentre a su paso, vuelve a sonar la m\u00fasica para ser la voz a los callados, vuelve a sonar la m\u00fasica para demostrar que con el jazz el mundo puede ser al menos un poco menos injusto. [&hellip;]<\/p>\n","protected":false},"author":14,"featured_media":5965,"comment_status":"open","ping_status":"open","sticky":false,"template":"","format":"standard","meta":{"footnotes":""},"categories":[261],"tags":[81,52,293,305,296,166],"class_list":["post-5964","post","type-post","status-publish","format-standard","has-post-thumbnail","hentry","category-la-nota-azul","tag-agenda-cultural","tag-cultura","tag-jazz","tag-jazz-federal-club","tag-la-nota-azul","tag-musica"],"_links":{"self":[{"href":"https:\/\/zumbalaturba.com.ar\/index.php?rest_route=\/wp\/v2\/posts\/5964","targetHints":{"allow":["GET"]}}],"collection":[{"href":"https:\/\/zumbalaturba.com.ar\/index.php?rest_route=\/wp\/v2\/posts"}],"about":[{"href":"https:\/\/zumbalaturba.com.ar\/index.php?rest_route=\/wp\/v2\/types\/post"}],"author":[{"embeddable":true,"href":"https:\/\/zumbalaturba.com.ar\/index.php?rest_route=\/wp\/v2\/users\/14"}],"replies":[{"embeddable":true,"href":"https:\/\/zumbalaturba.com.ar\/index.php?rest_route=%2Fwp%2Fv2%2Fcomments&post=5964"}],"version-history":[{"count":0,"href":"https:\/\/zumbalaturba.com.ar\/index.php?rest_route=\/wp\/v2\/posts\/5964\/revisions"}],"wp:featuredmedia":[{"embeddable":true,"href":"https:\/\/zumbalaturba.com.ar\/index.php?rest_route=\/wp\/v2\/media\/5965"}],"wp:attachment":[{"href":"https:\/\/zumbalaturba.com.ar\/index.php?rest_route=%2Fwp%2Fv2%2Fmedia&parent=5964"}],"wp:term":[{"taxonomy":"category","embeddable":true,"href":"https:\/\/zumbalaturba.com.ar\/index.php?rest_route=%2Fwp%2Fv2%2Fcategories&post=5964"},{"taxonomy":"post_tag","embeddable":true,"href":"https:\/\/zumbalaturba.com.ar\/index.php?rest_route=%2Fwp%2Fv2%2Ftags&post=5964"}],"curies":[{"name":"wp","href":"https:\/\/api.w.org\/{rel}","templated":true}]}}