{"id":5991,"date":"2018-06-03T22:26:34","date_gmt":"2018-06-03T22:26:34","guid":{"rendered":"http:\/\/zumbalaturba.com.ar\/?p=5991"},"modified":"2018-06-03T22:26:34","modified_gmt":"2018-06-03T22:26:34","slug":"tradicion-vanguardia-y-creatividad-para-una-musica-sin-rotulos","status":"publish","type":"post","link":"https:\/\/zumbalaturba.com.ar\/?p=5991","title":{"rendered":"Tradici\u00f3n, vanguardia y creatividad para una m\u00fasica sin r\u00f3tulos"},"content":{"rendered":"<p style=\"padding-left: 150px;\"><span style=\"font-size: 14pt;\"><em>La oposici\u00f3n entre tradici\u00f3n y vanguardia parece imponerse como una fuerza presente a lo largo de los distintos momentos de la historia de esta m\u00fasica. El jazz se mueve entre el peso de un pasado casi legendario y la mirada hacia un futuro siempre necesariamente m\u00e1s lejano y provocador. Pero cuando la creatividad se impone, tradici\u00f3n y vanguardia dejan de ser los l\u00edmites estrechos de una forma para transformarse en los componentes poderosos de la creaci\u00f3n. Y de esta manera, es el arte el que predomina.<\/em><\/span><\/p>\n<p><iframe id=\"audio_26329523\" style=\"border: 1px solid #EEE; box-sizing: border-box; width: 100%;\" src=\"https:\/\/ar.ivoox.com\/es\/player_ej_26329523_4_1.html?c1=ff6600\" width=\"300\" height=\"200\" frameborder=\"0\" scrolling=\"no\" allowfullscreen=\"allowfullscreen\"><\/iframe><\/p>\n<p><span style=\"font-size: 14pt;\">De esta manera comenzamos el programa n\u00famero 134 de <strong>La Nota Azul<\/strong>, correspondiente al s\u00e1bado 02 de junio de 2018. Por radio <strong>Zumba La Turba<\/strong>, FM 99.5 de C\u00f3rdoba, Argentina.<\/span><\/p>\n<p><span style=\"font-size: 14pt;\">Iniciamos\u00a0con el \u00e1lbum <em><strong>Scandal<\/strong><\/em>, lanzado este <img fetchpriority=\"high\" decoding=\"async\" class=\"alignright wp-image-1632\" src=\"http:\/\/lanotaazul.com.ar\/wp-content\/uploads\/2018\/06\/Lovano-Douglas-Scandal-1024x1024.jpg\" alt=\"\" width=\"301\" height=\"301\" \/>a\u00f1o 2018 por <strong>Joe Lovano &amp; Dave\u00a0Douglas Sound Prints<\/strong>, una agrupaci\u00f3n que se inscribe en la reivindicaci\u00f3n de la m\u00fasica de Wayne Shorter. Con <strong>Joe Lovano<\/strong> en saxo tenor, <strong>Dave Douglas<\/strong> en trompeta, <strong>Joey Baron<\/strong> en Bater\u00eda, <strong>Linda May Han Oh<\/strong> en Contrabajo y <strong>Lawerence Fields<\/strong> en piano.<\/span><\/p>\n<p><span style=\"font-size: 14pt;\">Recibimos la visita de <strong>Pablo Basez<\/strong> que est\u00e1 presentando su nuevo \u00e1lbum <em><strong>C\u00f3ncavo y Convexo<\/strong><\/em>, a cargo de su agrupaci\u00f3n <strong>Pablo Basez y la C\u00eda. El\u00e9ctrica<\/strong>, que re\u00fane a <strong>Noel Morroni<\/strong> en Fender Rhodes y paino, <strong>Mart\u00edn L\u00f3pez Grande<\/strong> en bater\u00eda, <strong>Gonzalo Rodr\u00edguez Vicente<\/strong> en saxo tenor, <strong>Rodrigo Agudelo<\/strong> en guitarra el\u00e9ctrica como invitado y <strong>Pablo Basez<\/strong> en el bajo el\u00e9ctrico. Con esta formaci\u00f3n el \u00e1lbum expone una m\u00fasica en\u00e9rgica que se libera de los r\u00f3tulos y fluye dando cuenta de una gran solidez grupal.<\/span><\/p>\n<p><img decoding=\"async\" class=\"aligncenter wp-image-1636\" src=\"http:\/\/lanotaazul.com.ar\/wp-content\/uploads\/2018\/06\/Pablo-Basez-Concavo-y-Convexo-auto-2017-1.jpg\" alt=\"\" width=\"699\" height=\"389\" \/><\/p>\n<p><span style=\"font-size: 14pt;\">Charlamos <strong>Pablo Basez<\/strong> sobre la orientaci\u00f3n musical del \u00e1lbum, la labor compositiva y su extenso trabajo como m\u00fasico y educador.<\/span><\/p>\n<p><img decoding=\"async\" class=\"aligncenter wp-image-1641\" src=\"http:\/\/lanotaazul.com.ar\/wp-content\/uploads\/2018\/06\/WhatsApp-Image-2018-06-02-at-7.53.33-PM-1024x576.jpeg\" alt=\"\" width=\"578\" height=\"325\" \/><\/p>\n<p>&nbsp;<\/p>\n<p>&nbsp;<\/p>\n<p><span style=\"font-size: 14pt;\"><img loading=\"lazy\" decoding=\"async\" class=\" wp-image-1633 alignleft\" src=\"http:\/\/lanotaazul.com.ar\/wp-content\/uploads\/2018\/06\/MAC1125-MONKestra-2-CD-art-300x300.jpg\" alt=\"\" width=\"273\" height=\"273\" \/>Adem\u00e1s, todav\u00eda qued\u00f3 tiempo para cerrar con el excelente disco <em><strong>John Beasley presents MONK\u2019estra, Vol. 2<\/strong><\/em>, una recreaci\u00f3n de la m\u00fasica de Thelonious Monk con los excelentes arreglos y la direcci\u00f3n del pianista <strong>John Beasley<\/strong>.<\/span><\/p>\n<p>&nbsp;<\/p>\n<p>&nbsp;<\/p>\n<p><span style=\"font-size: 14pt;\">Todo eso y mucho m\u00e1s en dos horas de jazz, m\u00fasica y radio.<\/span><\/p>\n<p>&nbsp;<\/p>\n<p style=\"text-align: center;\"><span style=\"font-size: 18pt;\"><a href=\"http:\/\/lanotaazul.com.ar\/programas\/tradicion-vanguardia-y-creatividad-para-una-musica-sin-rotulos\/\" target=\"_blank\" rel=\"noopener noreferrer\"><em><strong>ESCUCHALO TAMBI\u00c9N POR AC\u00c1<\/strong><\/em><\/a><\/span><\/p>\n<p style=\"text-align: center;\"><img loading=\"lazy\" decoding=\"async\" class=\" wp-image-1638 aligncenter\" src=\"http:\/\/lanotaazul.com.ar\/wp-content\/uploads\/2018\/06\/WP_20180602_20_40_35_Pro-1024x577.jpg\" alt=\"\" width=\"587\" height=\"331\" \/><\/p>\n<div class='share-to-whatsapp-wrapper'><div class='share-on-whsp'>Share on: <\/div><div class='clear '><\/div><\/div>","protected":false},"excerpt":{"rendered":"<p>La oposici\u00f3n entre tradici\u00f3n y vanguardia parece imponerse como una fuerza presente a lo largo de los distintos momentos de la historia de esta m\u00fasica. El jazz se mueve entre el peso de un pasado casi legendario y la mirada hacia un futuro siempre necesariamente m\u00e1s lejano y provocador. Pero cuando la creatividad se impone, [&hellip;]<\/p>\n","protected":false},"author":14,"featured_media":5992,"comment_status":"open","ping_status":"open","sticky":false,"template":"","format":"standard","meta":{"footnotes":""},"categories":[261],"tags":[81,52,293,305,296,166],"class_list":["post-5991","post","type-post","status-publish","format-standard","has-post-thumbnail","hentry","category-la-nota-azul","tag-agenda-cultural","tag-cultura","tag-jazz","tag-jazz-federal-club","tag-la-nota-azul","tag-musica"],"_links":{"self":[{"href":"https:\/\/zumbalaturba.com.ar\/index.php?rest_route=\/wp\/v2\/posts\/5991","targetHints":{"allow":["GET"]}}],"collection":[{"href":"https:\/\/zumbalaturba.com.ar\/index.php?rest_route=\/wp\/v2\/posts"}],"about":[{"href":"https:\/\/zumbalaturba.com.ar\/index.php?rest_route=\/wp\/v2\/types\/post"}],"author":[{"embeddable":true,"href":"https:\/\/zumbalaturba.com.ar\/index.php?rest_route=\/wp\/v2\/users\/14"}],"replies":[{"embeddable":true,"href":"https:\/\/zumbalaturba.com.ar\/index.php?rest_route=%2Fwp%2Fv2%2Fcomments&post=5991"}],"version-history":[{"count":0,"href":"https:\/\/zumbalaturba.com.ar\/index.php?rest_route=\/wp\/v2\/posts\/5991\/revisions"}],"wp:featuredmedia":[{"embeddable":true,"href":"https:\/\/zumbalaturba.com.ar\/index.php?rest_route=\/wp\/v2\/media\/5992"}],"wp:attachment":[{"href":"https:\/\/zumbalaturba.com.ar\/index.php?rest_route=%2Fwp%2Fv2%2Fmedia&parent=5991"}],"wp:term":[{"taxonomy":"category","embeddable":true,"href":"https:\/\/zumbalaturba.com.ar\/index.php?rest_route=%2Fwp%2Fv2%2Fcategories&post=5991"},{"taxonomy":"post_tag","embeddable":true,"href":"https:\/\/zumbalaturba.com.ar\/index.php?rest_route=%2Fwp%2Fv2%2Ftags&post=5991"}],"curies":[{"name":"wp","href":"https:\/\/api.w.org\/{rel}","templated":true}]}}