{"id":5994,"date":"2018-06-04T06:13:50","date_gmt":"2018-06-04T06:13:50","guid":{"rendered":"http:\/\/zumbalaturba.com.ar\/?p=5994"},"modified":"2018-06-04T14:02:57","modified_gmt":"2018-06-04T14:02:57","slug":"programa-especial-ni-una-menos-rumbo-al-4j","status":"publish","type":"post","link":"https:\/\/zumbalaturba.com.ar\/?p=5994","title":{"rendered":"Programa Especial Ni Una Menos rumbo al #4J"},"content":{"rendered":"<p><span class=\"_5yl5\"><img fetchpriority=\"high\" decoding=\"async\" class=\"size-medium wp-image-5996 alignleft\" src=\"https:\/\/zumbalaturba.com.ar\/wp-content\/uploads\/2018\/06\/34458483_1812121525522417_7115235284333101056_o-300x225.jpg\" alt=\"34458483_1812121525522417_7115235284333101056_o\" width=\"300\" height=\"225\" srcset=\"https:\/\/zumbalaturba.com.ar\/wp-content\/uploads\/2018\/06\/34458483_1812121525522417_7115235284333101056_o-300x225.jpg 300w, https:\/\/zumbalaturba.com.ar\/wp-content\/uploads\/2018\/06\/34458483_1812121525522417_7115235284333101056_o-90x68.jpg 90w, https:\/\/zumbalaturba.com.ar\/wp-content\/uploads\/2018\/06\/34458483_1812121525522417_7115235284333101056_o-768x576.jpg 768w, https:\/\/zumbalaturba.com.ar\/wp-content\/uploads\/2018\/06\/34458483_1812121525522417_7115235284333101056_o-1024x768.jpg 1024w, https:\/\/zumbalaturba.com.ar\/wp-content\/uploads\/2018\/06\/34458483_1812121525522417_7115235284333101056_o.jpg 2048w\" sizes=\"(max-width: 300px) 100vw, 300px\" \/> Este #3J, a 3 a\u00f1os del primer <strong>#NiUnaMenos,<\/strong> desde la <strong>Asamblea Ni Una Menos C\u00f3rdoba<\/strong> ocupamos el espacio radial con un programa especial que se realiz\u00f3 en los estudios de Zumba la Turba y se difundi\u00f3 por Radio Curva 106.1 Mhz, Radio Agustin Tosco, Radio Roja, Red Nacional de Medios Alternativos y Radio Comunitaria La Quinta Pata. En \u00e9l, trajimos las voces de compa\u00f1eras de distintos espacios y latitudes para hablar de algunas las reivindicaciones centrales que nos estar\u00e1n encontrando en las calles este 4 de junio.<br \/>\n<\/span><\/p>\n<p><iframe src=\"http:\/\/ar.ivoox.com\/es\/player_ej_26329775_2_1.html?data=k5uglJ6be5ahhpywj5WWaZS1lJWSlaaYd46ZmKialJKJe6ShkZKSmaiRdI6ZmKiastfTq9PVzsaYp9jUqcTdwtGYsM6Puc_VjLLS0NTXb9PpzsfcjcbQb4amlJm3j4qbh47GwsnW0ZC-uc7WwpDZw5C4udPWwpKSmaiReA..&amp;\" width=\"100%\" height=\"200\" frameborder=\"0\" scrolling=\"no\" allowfullscreen=\"allowfullscreen\"><\/iframe><\/p>\n<p><span class=\"_5yl5\"><strong><img decoding=\"async\" class=\" wp-image-5997 alignright\" src=\"https:\/\/zumbalaturba.com.ar\/wp-content\/uploads\/2018\/06\/34345963_1812167758851127_4161217809629577216_o-300x225.jpg\" alt=\"34345963_1812167758851127_4161217809629577216_o\" width=\"212\" height=\"159\" srcset=\"https:\/\/zumbalaturba.com.ar\/wp-content\/uploads\/2018\/06\/34345963_1812167758851127_4161217809629577216_o-300x225.jpg 300w, https:\/\/zumbalaturba.com.ar\/wp-content\/uploads\/2018\/06\/34345963_1812167758851127_4161217809629577216_o-90x68.jpg 90w, https:\/\/zumbalaturba.com.ar\/wp-content\/uploads\/2018\/06\/34345963_1812167758851127_4161217809629577216_o-768x576.jpg 768w, https:\/\/zumbalaturba.com.ar\/wp-content\/uploads\/2018\/06\/34345963_1812167758851127_4161217809629577216_o-1024x768.jpg 1024w, https:\/\/zumbalaturba.com.ar\/wp-content\/uploads\/2018\/06\/34345963_1812167758851127_4161217809629577216_o.jpg 2048w\" sizes=\"(max-width: 212px) 100vw, 212px\" \/>\u201cNi Una Menos por Abortos Clandestinos\u201d<\/strong> fue la consigna que quisimos abordar junto a las compa\u00f1eras <strong>Andrea y Bel\u00e9n, integrantes de la Red de Profesionales por el Derecho a Decidir,<\/strong> con quienes hablamos del actual debate en el congreso nacional, sobre las implicancias de la lucha por el derecho al aborto en el ejercicio profesional y las particularidades de C\u00f3rdoba en esta lucha.<br \/>\n<\/span><\/p>\n<p><span class=\"_5yl5\"><img decoding=\"async\" class=\" wp-image-5999 alignleft\" src=\"https:\/\/zumbalaturba.com.ar\/wp-content\/uploads\/2018\/06\/34501196_1812109892190247_7827032023796547584_o-225x300.jpg\" alt=\"34501196_1812109892190247_7827032023796547584_o\" width=\"135\" height=\"180\" srcset=\"https:\/\/zumbalaturba.com.ar\/wp-content\/uploads\/2018\/06\/34501196_1812109892190247_7827032023796547584_o-225x300.jpg 225w, https:\/\/zumbalaturba.com.ar\/wp-content\/uploads\/2018\/06\/34501196_1812109892190247_7827032023796547584_o-768x1024.jpg 768w, https:\/\/zumbalaturba.com.ar\/wp-content\/uploads\/2018\/06\/34501196_1812109892190247_7827032023796547584_o.jpg 1536w\" sizes=\"(max-width: 135px) 100vw, 135px\" \/>Todav\u00eda conmocionadas e indignadas por la represi\u00f3n policial y estatal en el barrio Parque Esperanza de la localidad de Juarez Celman, nos comunicamos con <strong>Rebeca de J\u00f3venes al Frente,<\/strong> quien describi\u00f3 la situaci\u00f3n actual de lxs vecinxs y la manera en que viene expres\u00e1ndose la solidaridad popular, la desidia del estado y las pr\u00f3ximas acciones del plan de lucha. Compa\u00f1eras del barrio estar\u00e1n marchando ma\u00f1ana y compartir\u00e1n el escenario, porque no hay #NiUnaMenos sin derecho a la vivienda y sin vida digna.<br \/>\n<\/span><\/p>\n<p><span class=\"_5yl5\">Nos trasladamos hasta Guatemala para saludar a <strong>Lorena Cabnal y otras compa\u00f1eras de la Tzkat-Red De Sanadoras Ancestrales Feminismo Comunitario,<\/strong> quienes desde all\u00e1 se sumaban a \u201c<em>acuerpar todas las denuncias, las resistencias, las rebeld\u00edas, indignaciones y emancipaciones en demanda de justicia por la vida en ni una menos<\/em>\u201d.<br \/>\n<\/span><\/p>\n<p><span class=\"_5yl5\">Este #3J en Ciudad de Buenos Aires tambi\u00e9n nos encontraba a las feministas en las calles en el Di\u00e1logo y <strong>Encuentro de las Feministas del Abya Yala.<\/strong> Para conocer esta convocatoria hablamos con <strong>Farelis de Ni Una Migrante Menos<\/strong>.<br \/>\n<\/span><\/p>\n<p><span class=\"_5yl5\"><img loading=\"lazy\" decoding=\"async\" class=\"size-medium wp-image-5998 alignright\" src=\"https:\/\/zumbalaturba.com.ar\/wp-content\/uploads\/2018\/06\/34305396_1812184132182823_997695236136239104_o-300x225.jpg\" alt=\"34305396_1812184132182823_997695236136239104_o\" width=\"300\" height=\"225\" srcset=\"https:\/\/zumbalaturba.com.ar\/wp-content\/uploads\/2018\/06\/34305396_1812184132182823_997695236136239104_o-300x225.jpg 300w, https:\/\/zumbalaturba.com.ar\/wp-content\/uploads\/2018\/06\/34305396_1812184132182823_997695236136239104_o-90x68.jpg 90w, https:\/\/zumbalaturba.com.ar\/wp-content\/uploads\/2018\/06\/34305396_1812184132182823_997695236136239104_o-768x576.jpg 768w, https:\/\/zumbalaturba.com.ar\/wp-content\/uploads\/2018\/06\/34305396_1812184132182823_997695236136239104_o-1024x768.jpg 1024w, https:\/\/zumbalaturba.com.ar\/wp-content\/uploads\/2018\/06\/34305396_1812184132182823_997695236136239104_o.jpg 2048w\" sizes=\"(max-width: 300px) 100vw, 300px\" \/>Acercaron su calor incendiario y piquetero las compa\u00f1eras <strong>Debo y Lara de la FOB C\u00f3rdoba,<\/strong> para traernos la llama encendida de nuestra feminista trava piquetera y libertaria <strong>Maite Amaya y c\u00f3mo ser\u00e1n las Jornadas Incendiarias<\/strong> <img decoding=\"async\" class=\"_1ift _2560 img\" src=\"https:\/\/static.xx.fbcdn.net\/images\/emoji.php\/v9\/z50\/1\/16\/1f525.png\" alt=\"?\" \/> que se realizar\u00e1n los d\u00edas 13, 14 y 15 de junio.<br \/>\n<\/span><\/p>\n<p><span class=\"_5yl5\">Para finalizar y Porque vivas, libres y desendeudadas nos queremos, <strong>Candelaria Botto de Econom\u00eda Feminista<\/strong> nos ayud\u00f3 a reflexionar sobre por qu\u00e9 es tan contundente en el pa\u00eds el rechazo al FMI. <strong>Presupuesto para mujeres, lesbianas, travestis y trans, NO para el FMI.<\/strong><br \/>\n<\/span><\/p>\n<p><strong><span class=\"_5yl5\">As\u00ed termin\u00e1bamos, a pura pasi\u00f3n y amor feministas, el programa especial de la Asamblea Ni Una Menos, feminismo radial #Haciael4J<\/span><\/strong><\/p>\n<div class='share-to-whatsapp-wrapper'><div class='share-on-whsp'>Share on: <\/div><div class='clear '><\/div><\/div>","protected":false},"excerpt":{"rendered":"<p>Este #3J, a 3 a\u00f1os del primer #NiUnaMenos, desde la Asamblea Ni Una Menos C\u00f3rdoba ocupamos el espacio radial con un programa especial que se realiz\u00f3 en los estudios de Zumba la Turba y se difundi\u00f3 por Radio Curva 106.1 Mhz, Radio Agustin Tosco, Radio Roja, Red Nacional de Medios Alternativos y Radio Comunitaria La [&hellip;]<\/p>\n","protected":false},"author":6,"featured_media":6001,"comment_status":"open","ping_status":"open","sticky":false,"template":"","format":"standard","meta":{"footnotes":""},"categories":[18,5],"tags":[25,399,7,1016,621],"class_list":["post-5994","post","type-post","status-publish","format-standard","has-post-thumbnail","hentry","category-elm","category-transfeminismos","tag-niunamenos","tag-femicidio","tag-feminismos","tag-maite","tag-ninas-de-guatemala"],"_links":{"self":[{"href":"https:\/\/zumbalaturba.com.ar\/index.php?rest_route=\/wp\/v2\/posts\/5994","targetHints":{"allow":["GET"]}}],"collection":[{"href":"https:\/\/zumbalaturba.com.ar\/index.php?rest_route=\/wp\/v2\/posts"}],"about":[{"href":"https:\/\/zumbalaturba.com.ar\/index.php?rest_route=\/wp\/v2\/types\/post"}],"author":[{"embeddable":true,"href":"https:\/\/zumbalaturba.com.ar\/index.php?rest_route=\/wp\/v2\/users\/6"}],"replies":[{"embeddable":true,"href":"https:\/\/zumbalaturba.com.ar\/index.php?rest_route=%2Fwp%2Fv2%2Fcomments&post=5994"}],"version-history":[{"count":0,"href":"https:\/\/zumbalaturba.com.ar\/index.php?rest_route=\/wp\/v2\/posts\/5994\/revisions"}],"wp:featuredmedia":[{"embeddable":true,"href":"https:\/\/zumbalaturba.com.ar\/index.php?rest_route=\/wp\/v2\/media\/6001"}],"wp:attachment":[{"href":"https:\/\/zumbalaturba.com.ar\/index.php?rest_route=%2Fwp%2Fv2%2Fmedia&parent=5994"}],"wp:term":[{"taxonomy":"category","embeddable":true,"href":"https:\/\/zumbalaturba.com.ar\/index.php?rest_route=%2Fwp%2Fv2%2Fcategories&post=5994"},{"taxonomy":"post_tag","embeddable":true,"href":"https:\/\/zumbalaturba.com.ar\/index.php?rest_route=%2Fwp%2Fv2%2Ftags&post=5994"}],"curies":[{"name":"wp","href":"https:\/\/api.w.org\/{rel}","templated":true}]}}