{"id":60,"date":"2016-03-25T12:59:00","date_gmt":"2016-03-25T15:59:00","guid":{"rendered":"http:\/\/zumbalaturba.com.ar\/2016\/03\/25\/ayotzinapa-horas-eternas-un-documento-desde-la-voz-de-las-victimas-entrevista-a-paula-monaco-felipe\/"},"modified":"2023-10-21T17:21:41","modified_gmt":"2023-10-21T20:21:41","slug":"ayotzinapa-horas-eternas-un-documento-desde-la-voz-de-las-victimas-entrevista-a-paula-monaco-felipe","status":"publish","type":"post","link":"https:\/\/zumbalaturba.com.ar\/?p=60","title":{"rendered":"&#8220;Ayotzinapa. Horas eternas&#8221;: un documento desde la voz de las v\u00edctimas. Entrevista a Paula M\u00f3naco Felipe"},"content":{"rendered":"<div style=\"clear: both; text-align: center;\"><a href=\"https:\/\/4.bp.blogspot.com\/-GzCzZEmTi-I\/VvU06EqE02I\/AAAAAAAACxE\/lDZnK2SBmksfu0wmj6SUM4quFwex0JCmw\/s1600\/ayotzi%2Btapa.jpg\" style=\"clear: left; float: left; margin-bottom: 1em; margin-right: 1em;\"><img fetchpriority=\"high\" decoding=\"async\" border=\"0\" height=\"252\" src=\"https:\/\/4.bp.blogspot.com\/-GzCzZEmTi-I\/VvU06EqE02I\/AAAAAAAACxE\/lDZnK2SBmksfu0wmj6SUM4quFwex0JCmw\/s320\/ayotzi%2Btapa.jpg\" width=\"320\" \/><\/a><\/div>\n<div style=\"line-height: normal; mso-margin-bottom-alt: auto; mso-margin-top-alt: auto;\"><span style=\"font-family: &quot;times new roman&quot; , &quot;serif&quot;; font-size: 12.0pt;\"><b>Paula M\u00f3naco         Felipe<\/b> es cordobesa y vive en M\u00e9xico desde hace doce a\u00f1os, donde         ejerce la         profesi\u00f3n de periodista. En estos d\u00edas se encuentra en C\u00f3rdoba         realizando         diversas presentaciones de su primer libro <b><i style=\"mso-bidi-font-style: normal;\">Ayotzinapa.           Horas <\/i><i>eternas<\/i><\/b>, sobre la desaparici\u00f3n de los 43         estudiantes normalistas         mexicanos<span style=\"mso-spacerun: yes;\">&nbsp; <\/span>ocurrida         durante los d\u00edas 26 y         27 de septiembre de 2014 en el estado de Guerrero.<\/span><\/div>\n<div style=\"line-height: normal; mso-margin-bottom-alt: auto; mso-margin-top-alt: auto;\"><\/div>\n<div style=\"line-height: normal; mso-margin-bottom-alt: auto; mso-margin-top-alt: auto;\"><span style=\"font-family: &quot;times new roman&quot; , &quot;serif&quot;; font-size: 12.0pt;\">Su actividad         la llev\u00f3 a involucrarse primero profesionalmente y luego de         manera personal y         comprometida, con las familias que buscan a los 43 estudiantes         normalistas         desaparecidos en Ayotzinapa. <span style=\"mso-spacerun: yes;\">&nbsp;<\/span>Es         que su         historia la retrotrae a la propia. Paula es adem\u00e1s hija de         desaparecidos         durante la \u00faltima dictadura. En estos d\u00edas, cuando recordamos         los 40 a\u00f1os del         golpe de estado, afirma sin dudar que el c\u00edrculo con la         desaparici\u00f3n de los         normalistas no tiene que ver s\u00f3lo con su historia personal, sino         tambi\u00e9n con la         dolorosa seguridad de que \u201clas mismas cosas siguen ocurriendo\u201d.<\/span><\/div>\n<div style=\"line-height: normal; mso-margin-bottom-alt: auto; mso-margin-top-alt: auto;\"><\/div>\n<div style=\"line-height: normal; mso-margin-bottom-alt: auto; mso-margin-top-alt: auto;\"><span style=\"font-family: &quot;times new roman&quot; , &quot;serif&quot;; font-size: 12.0pt;\">Luego de         presentar su trabajo en la Escuela Superior de Comercio Manuel         Belgrano y         brindar una profunda descripci\u00f3n del narcoestado mexicano y del         contexto en el         que se da la desaparici\u00f3n de los estudiantes, convers\u00f3 con Radio         Zumba la         Turba, acerca de su aproximaci\u00f3n al caso, el rol de lxs         comunicadorxs y de la         solidaridad internacional ante las violaciones de los derechos         humanos.<\/span><\/div>\n<div style=\"line-height: normal; mso-margin-bottom-alt: auto; mso-margin-top-alt: auto;\"><\/div>\n<div style=\"line-height: normal; mso-margin-bottom-alt: auto; mso-margin-top-alt: auto;\"><\/div>\n<p><iframe allowfullscreen=\"\" frameborder=\"0\" height=\"200\" scrolling=\"no\" src=\"http:\/\/ar.ivoox.com\/es\/player_ej_10895485_2_1.html?data=kpWlm5qYfJahhpywj5aZaZS1lp2ah5yncZOhhpywj5WRaZi3jpWah5yncabi1dfS2M7XuMKfwpC9w9rQpYzB0NPOxdSPisbgytXSh5ilb4amk8nSxMrRs9Sf1dfO1sbWb8XZjNjSj4qbh47GwsnW0ZC%2Buc7WwpDZw5C4udPWwpKSmaiReA%3D%3D&amp;\" width=\"100%\"><\/iframe> <\/p>\n<div style=\"line-height: normal; mso-margin-bottom-alt: auto; mso-margin-top-alt: auto;\"><\/div>\n<div style=\"line-height: normal; mso-margin-bottom-alt: auto; mso-margin-top-alt: auto;\"><b style=\"mso-bidi-font-weight: normal;\"><span style=\"font-family: &quot;times new roman&quot; , &quot;serif&quot;; font-size: 12.0pt;\">\u201cA           Ayotzinapa me acerca mi propia           historia y mi humanidad\u201d<\/span><\/b><\/div>\n<div style=\"line-height: normal; mso-margin-bottom-alt: auto; mso-margin-top-alt: auto;\"><\/div>\n<div style=\"clear: both; text-align: center;\"><a href=\"https:\/\/4.bp.blogspot.com\/-9mFQGKKBDjs\/VvU1K_q4W-I\/AAAAAAAACxI\/9HSbYN6m-Hsy1vpvahDb-zb3bltxJtzdQ\/s1600\/paula%2Bmonaco.jpeg\" style=\"clear: right; float: right; margin-bottom: 1em; margin-left: 1em;\"><img decoding=\"async\" border=\"0\" src=\"https:\/\/4.bp.blogspot.com\/-9mFQGKKBDjs\/VvU1K_q4W-I\/AAAAAAAACxI\/9HSbYN6m-Hsy1vpvahDb-zb3bltxJtzdQ\/s1600\/paula%2Bmonaco.jpeg\" \/><\/a><\/div>\n<div style=\"line-height: normal; mso-margin-bottom-alt: auto; mso-margin-top-alt: auto;\"><span style=\"font-family: &quot;times new roman&quot; , &quot;serif&quot;; font-size: 12.0pt;\">Paula viaj\u00f3         en septiembre de 2014 a Guerrero como periodista corresponsal de         <span style=\"mso-spacerun: yes;\">&nbsp;<\/span>\u201cEl Tel\u00e9grafo\u201d de         Ecuador. Sin embargo,         recuerda, \u201cuna vez que llego al lugar, me topo enseguida con una         situaci\u00f3n que         me golpea, que me sacude muy fuerte por mi propia historia, de         que tengo a mis dos         padres desaparecidos ac\u00e1 durante la \u00faltima dictadura         c\u00edvico-eclesi\u00e1stico-militar y por el hecho mismo de estar viendo         lo que pasa         ah\u00ed, que es la impotencia absoluta de familias y de estudiantes         ante una         situaci\u00f3n de una violencia desmedida, la indiferencia de las         autoridades, la         indolencia de mucha gente hacia el tema\u201d.<\/span><\/div>\n<div style=\"line-height: normal; mso-margin-bottom-alt: auto; mso-margin-top-alt: auto;\"><\/div>\n<div style=\"line-height: normal; mso-margin-bottom-alt: auto; mso-margin-top-alt: auto;\"><span style=\"font-family: &quot;times new roman&quot; , &quot;serif&quot;; font-size: 12.0pt;\">\u201c\u00bfQu\u00e9 me acerca?         -se pregunta-, me acerca mi propia historia, y me acerca tambi\u00e9n         el que no         puedo ser indiferente a un tema as\u00ed, yo creo que eso nos puede         acercar a         muchos, que no hace falta ser periodista, que tiene que ver con         una cuesti\u00f3n de         postura ante la vida, la humanidad como un componente de nuestra         sociedad,         tratar de ser cada vez m\u00e1s humanos y cada vez menos         indiferentes\u201d.<\/span><\/div>\n<div style=\"line-height: normal; mso-margin-bottom-alt: auto; mso-margin-top-alt: auto;\"><\/div>\n<div style=\"line-height: normal; mso-margin-bottom-alt: auto; mso-margin-top-alt: auto;\"><span style=\"font-family: &quot;times new roman&quot; , &quot;serif&quot;; font-size: 12.0pt;\">La escritora         mexicana Elena Poniatowska, en el pr\u00f3logo del libro, describe el         momento en que         Paula levanta en sus brazos a la beb\u00e9 de uno de los         desaparecidos. Ese hecho, se\u00f1ala         Paula, la \u201ctoca en lo afectivo, en lo personal, (\u2026)<span style=\"mso-spacerun: yes;\">&nbsp; <\/span>es una historia que creo         que es muy fuerte         porque resume de alguna forma eso, de c\u00f3mo me acerca a m\u00ed el         tema y de c\u00f3mo,         dolorosamente, las mismas cosas siguen ocurriendo. Como lo         cuenta Elena en el         pr\u00f3logo, yo en un momento me encuentro cargando en brazos a una         beb\u00e9 que no s\u00e9         qui\u00e9n es, una beb\u00e9 muy simp\u00e1tica, muy linda (\u2026) se llama Melani,         es la hija de         Israel Caballero S\u00e1nchez, uno de los desparecidos. Y me doy         cuenta que ella         tiene, al momento de la desaparici\u00f3n de su pap\u00e1, casi la misma         edad que ten\u00eda         yo al momento de que desaparecen a los m\u00edos en Argentina.         Entonces eso de         alguna forma cierra un c\u00edrculo, pero tambi\u00e9n abre todo otro         mundo que es un         compromiso, una responsabilidad que yo, como sobreviviente,         siento que tengo,         que es denunciar estas cosas cuando ocurren, tratar de         registrar, de documentar         las cosas que son importantes dejar registro\u201d.<\/span><\/div>\n<div style=\"line-height: normal; mso-margin-bottom-alt: auto; mso-margin-top-alt: auto;\"><\/div>\n<div style=\"line-height: normal; mso-margin-bottom-alt: auto; mso-margin-top-alt: auto;\"><b style=\"mso-bidi-font-weight: normal;\"><span style=\"font-family: &quot;times new roman&quot; , &quot;serif&quot;; font-size: 12.0pt;\">\u201cM\u00e1s que           hablar de objetividad, los           comunicadores debemos hablar de honestidad y responsabilidad\u201d<\/span><\/b><span style=\"font-family: &quot;times new roman&quot; , &quot;serif&quot;; font-size: 12.0pt;\"><\/span><\/div>\n<div style=\"line-height: normal; mso-margin-bottom-alt: auto; mso-margin-top-alt: auto;\"><\/div>\n<div style=\"line-height: normal; mso-margin-bottom-alt: auto; mso-margin-top-alt: auto;\"><span style=\"font-family: &quot;times new roman&quot; , &quot;serif&quot;; font-size: 12.0pt;\">M\u00f3naco describe         de qu\u00e9 manera el involucrarse con Ayotzinapa implic\u00f3 para ella         una profunda reflexi\u00f3n         \u00e9tica: \u201cyo recuerdo que cuando estudi\u00e9 comunicaci\u00f3n social (\u2026)         hab\u00eda un debate         muy fuerte que atravesaba toda la carrera y que sigue existiendo         en los medios,         en las escuelas de comunicaci\u00f3n, sobre la objetividad. Yo creo         que ese debate         ya es in\u00fatil, trasnochado y est\u00e1 fuera de realidad, que m\u00e1s bien         lo que         necesitamos son debates, en situaciones como las que vivimos en         M\u00e9xico, sobre         el dolor, el abordaje del dolor, c\u00f3mo se para el periodista ante         la v\u00edctima que         est\u00e1 entrevistando, cu\u00e1les son las formas de enfrentar esa         situaci\u00f3n, de         investigar, de preguntar, pero sin perder la humanidad y de         tratar de ponerse         en el lugar del otro. D\u00f3nde est\u00e1 el l\u00edmite de qu\u00e9 informar, qu\u00e9         no (\u2026) Yo, por         medio de este libro, me replante\u00e9 mucho. Nunca fui una defensora         de la supuesta         objetividad, pero en este libro pens\u00e9 mucho sobre ese tema. Hago         expl\u00edcito en         el libro que es un trabajo sumamente subjetivo porque mi         historia condiciona la         que yo relato, pero creo que hay otra cosa que es m\u00e1s valiosa         que hay que         trabajar, y que es la honestidad y la responsabilidad del         comunicador. Yo trato         de hacerlo, al menos haci\u00e9ndome las preguntas. No s\u00e9 si lo logro         resolver en el         texto, en mi trabajo profesional, pero creo que m\u00e1s que         preguntarnos c\u00f3mo ser         objetivos, tenemos que preguntarnos c\u00f3mo ser honestos y         responsables con lo que         hacemos como comunicadores\u201d.<\/span><\/div>\n<div style=\"line-height: normal; mso-margin-bottom-alt: auto; mso-margin-top-alt: auto;\"><\/div>\n<div style=\"line-height: normal; mso-margin-bottom-alt: auto; mso-margin-top-alt: auto;\"><b style=\"mso-bidi-font-weight: normal;\"><span style=\"font-family: &quot;times new roman&quot; , &quot;serif&quot;; font-size: 12.0pt;\">Un           documento desde la voz de las           v\u00edctimas<\/span><\/b><\/div>\n<div style=\"line-height: normal; mso-margin-bottom-alt: auto; mso-margin-top-alt: auto;\"><\/div>\n<div style=\"line-height: normal; mso-margin-bottom-alt: auto; mso-margin-top-alt: auto;\"><span style=\"font-family: &quot;times new roman&quot; , &quot;serif&quot;; font-size: 12.0pt;\">Paula, al         presentarlo, describe de qu\u00e9 manera surge la idea y la necesidad         del libro, que es solo un momento en el acompa\u00f1amiento a lxs familiares. El         objetivo, explica,         es \u201cgenerar un producto que permita difundir el caso, pero         tambi\u00e9n generar un producto         que sea un documento del caso. Un producto que aporte a la         documentaci\u00f3n de         temas que, generalmente, est\u00e1n muy filtrados por las versiones         oficiales que,         normalmente, silencian o evaden partes, sobre todo las voces de         las v\u00edctimas. Siempre         hay algo simplificado, muchas veces maniqueo, de manipulaci\u00f3n de         la         informaci\u00f3n. Entonces creo que a todos los dem\u00e1s, a los que         componemos la         sociedad y no somos el gobierno o los representantes del estado,         nos toca trabajar         en casos de violaciones graves a los derechos humanos la         documentaci\u00f3n de lo         otro. Entonces \u2013reafirma, por si queda alguna duda-, este libro         busca ser un         producto que documente qu\u00e9 pas\u00f3 en Iguala el 26 y 27 de         septiembre de 2014 y         qu\u00e9 pas\u00f3 todo el primer a\u00f1o que sigui\u00f3 contado desde la         experiencia y las voces         y el pensar de las v\u00edctimas y sobrevivientes, un aporte al         contrarrelato         oficial\u201d.<\/span><\/div>\n<div style=\"line-height: normal; mso-margin-bottom-alt: auto; mso-margin-top-alt: auto;\"><\/div>\n<div style=\"line-height: normal; mso-margin-bottom-alt: auto; mso-margin-top-alt: auto;\"><b style=\"mso-bidi-font-weight: normal;\"><span style=\"font-family: &quot;times new roman&quot; , &quot;serif&quot;; font-size: 12.0pt;\">La causa<\/span><\/b><\/div>\n<div style=\"line-height: normal; mso-margin-bottom-alt: auto; mso-margin-top-alt: auto;\"><span style=\"font-family: &quot;times new roman&quot; , &quot;serif&quot;; font-size: 12.0pt;\">Paula tiene         un profundo conocimiento de la causa judicial y de los         vericuetos que se han         ido tomando desde la \u201cjusticia\u201d para sostener la versi\u00f3n         oficial, la llamada \u201cverdad         hist\u00f3rica\u201d, desmentida una y otra vez por lxs expertxs de la         CIDH y el Equipo Argentino         de Antropolog\u00eda Forense. Actualmente, dice \u201cel caso tiene m\u00e1s de         cien detenidos,         pero no hay ning\u00fan condenado. La mayor\u00eda est\u00e1n imputados por el         delito de         secuestro y por delincuencia organizada, que es una especie de         comod\u00edn que         tienen las leyes mexicanas desde hace algunos a\u00f1os. No hay         imputaciones por         desaparici\u00f3n forzada, y eso tambi\u00e9n es una alarma porque los         delitos como         delincuencia organizada y secuestro tienen una fecha de         caducidad, son         prescriptibles. Pero m\u00e1s all\u00e1 de eso, y de que no haya nadie         condenado, lo m\u00e1s         importante es que pese a tener m\u00e1s de 100 personas detenidas,         los 43         estudiantes contin\u00faan desaparecidos y no se ha enjuiciado ni         condenado a los         responsables de los asesinatos y de las heridas de gravedad de         otros muchachos.         Entonces creo que pr\u00e1cticamente podr\u00edamos decir que         judicialmente y en materia         de investigaci\u00f3n, la causa est\u00e1 en cero\u201d.<\/span><\/div>\n<div style=\"line-height: normal; mso-margin-bottom-alt: auto; mso-margin-top-alt: auto;\"><span style=\"font-family: &quot;times new roman&quot; , &quot;serif&quot;; font-size: 12.0pt;\">La inacci\u00f3n         del estado es todav\u00eda m\u00e1s palpable en relaci\u00f3n a la b\u00fasqueda de         los j\u00f3venes, \u201cel         estado mexicano asegura que ha realizado b\u00fasquedas y que sigue         haci\u00e9ndolo, que         no las ha suspendido. Los padres y familiares y compa\u00f1eros de         los normalistas desparecidos         refutan eso y dicen que no hay b\u00fasquedas y cuestionan que los         m\u00e9todos         utilizados no han sido suficientemente efectivos. Yo creo que el         solo hecho de         que los muchachos contin\u00faen desaparecidos y sin pistas de ellos         nos da una idea         de que al menos la b\u00fasqueda ha sido insuficiente, las formas         elegidas no han         sido las correctas y sabemos que en la desaparici\u00f3n, como en         muchos otros         delitos, cada minuto que pasa es un minuto que se pierden         oportunidades que no         pueden volver a repetirse. Entonces el paso del tiempo es un         factor que ac\u00e1 no         solo abona el olvido, sino que complica&nbsp; cada vez m\u00e1s la         posibilidad de         encontrarlos con vida\u201d.<\/span><\/div>\n<div style=\"line-height: normal; mso-margin-bottom-alt: auto; mso-margin-top-alt: auto;\"><span style=\"font-family: &quot;times new roman&quot; , &quot;serif&quot;; font-size: 12.0pt;\">\u201cLa         hip\u00f3tesis oficial <span style=\"mso-spacerun: yes;\">&nbsp;<\/span>que el         estado mexicano         sostiene desde el 7 de noviembre de 2014 \u2013contin\u00faa-, indica que         los j\u00f3venes         fueron detenidos por polic\u00edas en un primer momento, pero que         enseguida fueron         entregados al narcotr\u00e1fico y seg\u00fan dice el estado mexicano, el         narcotr\u00e1fico los         asesin\u00f3, los inciner\u00f3 y desapareci\u00f3 sus restos por completo en         un r\u00edo. O sea,         que no ser\u00eda nada m\u00e1s recuperable que un grupo de bolsas de         pl\u00e1stico que el         propio estado incaut\u00f3. Con el paso del tiempo, peritajes         independientes de         expertos de la talla del Equipo Argentino de Antropolog\u00eda         Forense han         demostrado que en ese lugar no existi\u00f3 un fuego de la dimensi\u00f3n         que dice el         estado que hubiera permitido la incineraci\u00f3n de los cuerpos y         que tampoco los         restos encontrados pertenecen a los j\u00f3venes. Es decir, la         versi\u00f3n oficial no         tiene un sustento real o cient\u00edfico hasta ahora\u201d. <\/span><\/div>\n<div style=\"line-height: normal; mso-margin-bottom-alt: auto; mso-margin-top-alt: auto;\"><\/div>\n<div style=\"line-height: normal; mso-margin-bottom-alt: auto; mso-margin-top-alt: auto;\"><b style=\"mso-bidi-font-weight: normal;\"><span style=\"font-family: &quot;times new roman&quot; , &quot;serif&quot;; font-size: 12.0pt;\">La mirada           del mundo<\/span><\/b><span style=\"font-family: &quot;times new roman&quot; , &quot;serif&quot;; font-size: 12.0pt;\"><\/span><\/div>\n<div style=\"line-height: normal; mso-margin-bottom-alt: auto; mso-margin-top-alt: auto;\"><\/div>\n<div style=\"line-height: normal; mso-margin-bottom-alt: auto; mso-margin-top-alt: auto;\"><span style=\"font-family: &quot;times new roman&quot; , &quot;serif&quot;; font-size: 12.0pt;\">Paula deja en         claro que lo ocurrido en Ayotzinapa no fue una excepci\u00f3n. Las         ejecuciones y desapariciones se         repiten a lo largo y ancho del estado de Guerrero y de otros         departamentos del         pa\u00eds. Si el caso de Ayotzinapa no hubiera sido captado por la         prensa         internacional, afirma, hubiera pasado casi en silencio, como         muchos otros. \u201cTres         meses antes, en la ciudad de San Pedro Lim\u00f3n en una bodega         Tlatlaya fueron         ejecutados 22 j\u00f3venes, seg\u00fan se est\u00e1 comprobando fueron         ejecutados por         integrantes de la secretar\u00eda de marina armada. Unos meses         despu\u00e9s, en         Michoac\u00e1n, en otro estado, polic\u00edas ejecutaron a civiles que         integraban fuerzas         ciudadanas de seguridad. Como esos, vamos sumando a cuentagotas         algunos, en         grupos otros, casos de violencia a niveles indescriptibles y que         muchas veces involucran         al propio estado y no trascienden m\u00e1s all\u00e1 de M\u00e9xico. A veces,         no trascienden         siquiera en la prensa nacional. El que Ayotzinapa haya estado en         los medios         internacionales le da una visibilidad que permite tambi\u00e9n         visibilizar otros         problemas que existen, como la desaparici\u00f3n forzada, que en         M\u00e9xico implica         tanto desaparecidos desde los a\u00f1os 70 por razones pol\u00edticas         (cerca de mil         personas) y que no se ha condenado a nadie por esos casos, como         decenas de miles         de personas desaparecidas desde el 2007 a esta parte en el marco         de la llamada         guerra contra el narco. Entonces <span style=\"mso-spacerun: yes;\">&nbsp;<\/span>Ayotzinapa sigue         sin resolverse pero tiene un balance positivo en un punto que es         visibilizar         y mostrar al mundo una situaci\u00f3n en M\u00e9xico que los expertos         consideran al nivel         de crisis humanitaria\u201d.<\/span><\/div>\n<div style=\"line-height: normal; mso-margin-bottom-alt: auto; mso-margin-top-alt: auto;\"><\/div>\n<div style=\"line-height: normal; mso-margin-bottom-alt: auto; mso-margin-top-alt: auto;\"><b style=\"mso-bidi-font-weight: normal;\"><span style=\"font-family: &quot;times new roman&quot; , &quot;serif&quot;; font-size: 12.0pt;\">\u201cPara los           familiares es importante           ver que hay personas para quienes sus hijos importan\u201d<\/span><\/b><\/div>\n<div style=\"line-height: normal; mso-margin-bottom-alt: auto; mso-margin-top-alt: auto;\"><\/div>\n<div style=\"line-height: normal; mso-margin-bottom-alt: auto; mso-margin-top-alt: auto;\"><span style=\"font-family: &quot;times new roman&quot; , &quot;serif&quot;; font-size: 12.0pt;\">Adem\u00e1s de         visibilizar la situaci\u00f3n en Guerrero y en M\u00e9xico, afirma M\u00f3naco,         \u201cel         acompa\u00f1amiento internacional ha sido muy importante tambi\u00e9n         porque da un respaldo         a los familiares, los mantiene de pie, les levanta el \u00e1nimo.         Recuerdo por         ejemplo, el primero de noviembre de 2014 los familiares ven\u00edan         de que los         recibiera el presidente [Enrique Pe\u00f1a Nieto], casi un mes         despu\u00e9s de que         ocurrieron los hechos. Ellos se sent\u00edan primero muy ilusionados         por llegar a la         m\u00e1xima esfera posible del pa\u00eds, pero salieron de la reuni\u00f3n         desilusionados y         muy tristes por no ver ning\u00fan cambio. Y llegamos nosotros, yo         como integrante         de HIJOS, a visitarlos, a tener una charla con ellos, y llevamos         impresas y les         proyectamos fotograf\u00edas y videos de otras partes del mundo donde         estaban         haciendo cosas (\u2026) y ese momento fue incre\u00edble, porque muchos de         ellos no         sab\u00edan d\u00f3nde queda Londres, pero ve\u00edan a gente en un lugar muy         diferente a su         realidad, gente f\u00edsicamente muy diferente, cargando la foto de         su hijo. Y ve\u00edan         a personas en la nieve, cargando la foto de su hijo. A otros         cantando en un         concierto&#8230; y eso los revivi\u00f3 de alguna forma. Eso ha sido         tambi\u00e9n el         alimento, como la gente les manifiesta solidaridad en M\u00e9xico, el         salir a otros         pa\u00edses y ver no s\u00f3lo que los acompa\u00f1an a ellos, sino que hay         personas para quienes         sus hijos importan. Entonces creo que el acompa\u00f1amiento         internacional es muy importante         y que ojal\u00e1 se pueda seguir de alguna forma junto a ellos. De la         forma que se         pueda, cada quien como pueda\u201d.<br \/>        <\/span><br \/><b>Pr\u00f3xima presentaci\u00f3n<\/b><\/div>\n<div style=\"line-height: normal; mso-margin-bottom-alt: auto; mso-margin-top-alt: auto;\"><b><br \/>      <\/b>El pr\u00f3ximo martes 29 de marzo a las 18 hs., Paula M\u00f3naco&nbsp; Felipe estar\u00e1 presentando su trabajo en el Auditorio Hugo Chavez       de la Ciudad Universitaria junto al integrante de H.I.J.O.S.       C\u00f3rdoba Emiliano Salguero, el Ab. Claudio Orosz y la periodista       Ana Mariani.<b><br \/>      <\/b><\/div>\n<div class='share-to-whatsapp-wrapper'><div class='share-on-whsp'>Share on: <\/div><div class='clear '><\/div><\/div>","protected":false},"excerpt":{"rendered":"<p>Paula M\u00f3naco Felipe es cordobesa y vive en M\u00e9xico desde hace doce a\u00f1os, donde ejerce la profesi\u00f3n de periodista. En estos d\u00edas se encuentra en C\u00f3rdoba realizando diversas presentaciones de su primer libro Ayotzinapa. Horas eternas, sobre la desaparici\u00f3n de los 43 estudiantes normalistas mexicanos&nbsp; ocurrida durante los d\u00edas 26 y 27 de septiembre de [&hellip;]<\/p>\n","protected":false},"author":2,"featured_media":0,"comment_status":"open","ping_status":"open","sticky":false,"template":"","format":"standard","meta":{"footnotes":""},"categories":[1241,1191,1240],"tags":[],"class_list":["post-60","post","type-post","status-publish","format-standard","hentry","category-ddhh","category-luchas-por-el-territorio","category-transfronterizo"],"_links":{"self":[{"href":"https:\/\/zumbalaturba.com.ar\/index.php?rest_route=\/wp\/v2\/posts\/60","targetHints":{"allow":["GET"]}}],"collection":[{"href":"https:\/\/zumbalaturba.com.ar\/index.php?rest_route=\/wp\/v2\/posts"}],"about":[{"href":"https:\/\/zumbalaturba.com.ar\/index.php?rest_route=\/wp\/v2\/types\/post"}],"author":[{"embeddable":true,"href":"https:\/\/zumbalaturba.com.ar\/index.php?rest_route=\/wp\/v2\/users\/2"}],"replies":[{"embeddable":true,"href":"https:\/\/zumbalaturba.com.ar\/index.php?rest_route=%2Fwp%2Fv2%2Fcomments&post=60"}],"version-history":[{"count":0,"href":"https:\/\/zumbalaturba.com.ar\/index.php?rest_route=\/wp\/v2\/posts\/60\/revisions"}],"wp:attachment":[{"href":"https:\/\/zumbalaturba.com.ar\/index.php?rest_route=%2Fwp%2Fv2%2Fmedia&parent=60"}],"wp:term":[{"taxonomy":"category","embeddable":true,"href":"https:\/\/zumbalaturba.com.ar\/index.php?rest_route=%2Fwp%2Fv2%2Fcategories&post=60"},{"taxonomy":"post_tag","embeddable":true,"href":"https:\/\/zumbalaturba.com.ar\/index.php?rest_route=%2Fwp%2Fv2%2Ftags&post=60"}],"curies":[{"name":"wp","href":"https:\/\/api.w.org\/{rel}","templated":true}]}}