{"id":6021,"date":"2018-06-10T16:19:21","date_gmt":"2018-06-10T16:19:21","guid":{"rendered":"http:\/\/zumbalaturba.com.ar\/?p=6021"},"modified":"2018-06-10T16:19:21","modified_gmt":"2018-06-10T16:19:21","slug":"de-monk-a-monk-y-una-musica-para-conversar-con-los-dioses-entrevistas-con-daniel-tinte-y-con-muriel-marco-en-la-nota-azul","status":"publish","type":"post","link":"https:\/\/zumbalaturba.com.ar\/?p=6021","title":{"rendered":"De Monk a Monk y una m\u00fasica para conversar con los dioses. Entrevistas con Daniel Tinte y con Muriel Marco en La Nota Azul"},"content":{"rendered":"<p style=\"padding-left: 150px;\"><span style=\"font-size: 14pt;\"><em>As\u00ed como las ondas que se expanden luego de que la piedra golpea la superficie del agua, as\u00ed es esta m\u00fasica que crece hasta cubrirlo todo y te\u00f1ir de Monk cada sonido&#8230; As\u00ed, con <\/em><strong>Steve Lacy<\/strong><em> interpretando la m\u00fasica de Thelonious Monk, comenzaba este programa n\u00famero 135 de <\/em><strong>La Nota Azul<\/strong><em>, correspondiente al s\u00e1bado 09 de junio de 2018. Por radio <\/em><strong>Zumba La Turba<\/strong><em>, en la FM 99.5 de C\u00f3rdoba, Argentina.<\/em><\/span><\/p>\n<p><iframe id=\"audio_26453960\" style=\"border: 1px solid #EEE; box-sizing: border-box; width: 100%;\" src=\"https:\/\/ar.ivoox.com\/es\/player_ej_26453960_4_1.html?c1=ff6600\" width=\"300\" height=\"200\" frameborder=\"0\" scrolling=\"no\" allowfullscreen=\"allowfullscreen\"><\/iframe><\/p>\n<p>&nbsp;<\/p>\n<p><span style=\"font-size: 14pt;\">El\u00a0inicio fue con\u00a0el disco <em><strong>Reflections<\/strong><\/em>, <img fetchpriority=\"high\" decoding=\"async\" class=\"alignright wp-image-1654\" src=\"http:\/\/lanotaazul.com.ar\/wp-content\/uploads\/2018\/06\/Steve-Lacy-Reflections-1024x1020.jpg\" alt=\"\" width=\"244\" height=\"243\" \/>del a\u00f1o 1959, <em><strong>Steve Lacy Plays Thelonious Monk<\/strong><\/em>. Con <strong>Steve Lacy<\/strong> en saxo soprano, <strong>Mal Waldron<\/strong> en piano, <strong>Buell Neidlinger<\/strong> en contrabajo y <strong>Elvin Jones<\/strong> en bater\u00eda.<\/span><\/p>\n<p><span style=\"font-size: 14pt;\">Luego presentamos el nuevo \u00e1lbum de <strong>Daniel Tinte<\/strong>, destacado pianista salte\u00f1o, referente de lo que \u00e9l ha denominado <em>Jazz Calchaqu\u00ed<\/em>. El \u00e1lbum <em><strong>Conversando con los dioses<\/strong><\/em> representa el n\u00famero 51 de su muy productiva carrera.<img decoding=\"async\" class=\"alignleft wp-image-1647\" src=\"http:\/\/lanotaazul.com.ar\/wp-content\/uploads\/2018\/06\/Daniel-Tinte-Conversando-con-los-dioses.jpg\" alt=\"\" width=\"280\" height=\"280\" \/> Cinco composiciones para piano que re\u00fanen largas improvisaciones en ritmos ternarios y binarios ligados al folclore andino y cuyano y una confluencia de todo eso en un \u00faltimo track titulado <em><strong>Sinfon\u00eda para 4 pianos<\/strong><\/em>.<\/span><\/p>\n<p><span style=\"font-size: 14pt;\">&gt;&gt; <a href=\"https:\/\/play.google.com\/store\/music\/album?id=Bes7ypulpg5s7rqradz2p375juu&amp;tid=song-Tbaq4pjtuya5p5dllqxdipauwjq\" target=\"_blank\" rel=\"noopener noreferrer\"><strong><em>AQU\u00cd EL \u00c1LBUM<\/em><\/strong><\/a>\u00a0&lt;&lt;<\/span><\/p>\n<p><span style=\"font-size: 14pt;\">Nos comunicamos con Salta y charlamos con <strong>Daniel Tinte<\/strong> acerca del concepto del \u00e1lbum y la infinidad de sus proyectos de rescate de los grandes referentes del jazz de Salta. Mucha informaci\u00f3n, mucha m\u00fasica y muchos discos que ya est\u00e1n en la gatera y se prometen para dentro de muy poco.<\/span><\/p>\n<p>&nbsp;<\/p>\n<p><span style=\"font-size: 14pt;\">Luego dialogamos con <strong>Muriel Marco<\/strong>, <img decoding=\"async\" class=\"alignright wp-image-1652 \" src=\"http:\/\/lanotaazul.com.ar\/wp-content\/uploads\/2018\/06\/Muriel-Marco-CD-Cover-300x300.jpg\" alt=\"\" width=\"296\" height=\"296\" \/>compositora, tecladista y cantante, nacida en Argentina, pero que estudi\u00f3 y desarroll\u00f3 parte de su carrera en Sud\u00e1frica. <strong>Muriel Marco<\/strong> lidera el <strong>ND Project<\/strong>, con el que ha editado el EP <strong><em>Muri,<\/em><\/strong> que ya present\u00f3 en Sud\u00e1frica y, de vuelta en Argentina, est\u00e1 presentando en C\u00f3rdoba. La propuesta del <strong>Muriel Marco ND Project<\/strong> conjuga el jazz con ritmos africanos, latinos, m\u00fasica argentina y un amplio\u00a0espectro de sonidos que nutren su creatividad como compositora, arregladora e int\u00e9rprete.<\/span><\/p>\n<p><span style=\"font-size: 14pt;\">El pr\u00f3ximo jueves 14 de junio <strong>Muriel Marco ND Project<\/strong> se presentar\u00e1 en <em>L&#8217;ecole Bon Appetit<\/em>, Ayacucho 333 de la ciudad de C\u00f3rdoba, con <strong>Muriel Marco<\/strong> en teclado y voces, <strong>Juli\u00e1n Reynoso<\/strong> en bajo, <strong>Dami\u00e1n Barrera<\/strong> en bater\u00eda y <strong>Guillermo Rebosolan<\/strong> en saxos.<\/span><\/p>\n<p style=\"text-align: center;\"><span style=\"font-size: 14pt;\"><strong><em>&gt;&gt;\u00a0<a href=\"https:\/\/www.facebook.com\/events\/193003411521794\/\" target=\"_blank\" rel=\"noopener noreferrer\">AQU\u00cd LOS DATOS DEL EVENTO<\/a>\u00a0&lt;&lt;<\/em><\/strong><\/span><\/p>\n<p>&nbsp;<\/p>\n<p><span style=\"font-size: 14pt;\">Siguiendo con la agenda del <img loading=\"lazy\" decoding=\"async\" class=\"wp-image-1646 alignright\" src=\"http:\/\/lanotaazul.com.ar\/wp-content\/uploads\/2018\/06\/BlueArt.jpg\" alt=\"\" width=\"391\" height=\"360\" \/>jazz federal,\u00a0el pr\u00f3ximo s\u00e1bado 16 de junio ser\u00e1 una noche <strong>BlueArt<\/strong> en Rosario, con un concierto triple: <strong>Maxi Kirszner Tr\u00edo<\/strong>, <strong>Luciano Ruggieri Grupo<\/strong>, y la presentaci\u00f3n del tr\u00edo <strong>Su\u00e1rez\/Socolsky\/Su\u00e1rez<\/strong> (<strong>Pablo Socolsky<\/strong> en piano, <strong>Ferm\u00edn Su\u00e1rez<\/strong> en contrabajo y <strong>Mariano Su\u00e1rez<\/strong> en trompeta y flugelhorn). Escuchamos del tr\u00edo <strong>Su\u00e1rez\/Socolsky\/Su\u00e1rez<\/strong> una versi\u00f3n del tema <strong><em>Portugal II<\/em><\/strong>, diferente a la que est\u00e1 en el \u00e1lbum <strong><em>Portugal<\/em><\/strong>, grabada en vivo en el Centro Cultural Parque de Espa\u00f1a de Rosario el pasado a\u00f1o 2017.<\/span><\/p>\n<p>&nbsp;<\/p>\n<p><span style=\"font-size: 14pt;\"><img loading=\"lazy\" decoding=\"async\" class=\"wp-image-1649 alignleft\" src=\"http:\/\/lanotaazul.com.ar\/wp-content\/uploads\/2018\/06\/Don-Byas.jpg\" alt=\"\" width=\"290\" height=\"290\" \/>Como cierre una joyita discogr\u00e1fica que muestra a <strong>Don Byas<\/strong> y sus presentaciones en el <em><strong>Minton&#8217;s<\/strong><\/em> del Harlem neoyorquino en el a\u00f1o 1941. <em><strong>Midnight At Minton&#8217;s<\/strong><\/em> registra grabaciones en las que se puede escuchar al saxo tenor de <strong>Don Byas<\/strong> con <strong>Kenny Clarke<\/strong> en la bater\u00eda (aunque en algunos temas no es seguro), <strong>Joe Guy<\/strong> en la trompeta, la voz de <strong>Helen Humes<\/strong> en un par de tomas y nada menos que el piano de <strong>Thelonious Monk<\/strong>.<\/span><\/p>\n<p>&nbsp;<\/p>\n<p><span style=\"font-size: 14pt;\">Todo eso y mucho m\u00e1s en dos horas de radio, m\u00fasica, jazz y otras formas libres.<\/span><\/p>\n<p>&nbsp;<\/p>\n<p style=\"text-align: center;\"><span style=\"font-size: 18pt;\"><a href=\"http:\/\/lanotaazul.com.ar\/programas\/de-monk-a-monk-y-una-musica-para-conversar-con-los-dioses\/\" target=\"_blank\" rel=\"noopener noreferrer\"><em><strong>ESCUCHALO TAMBI\u00c9N POR AC\u00c1<\/strong><\/em><\/a><\/span><\/p>\n<div class='share-to-whatsapp-wrapper'><div class='share-on-whsp'>Share on: <\/div><div class='clear '><\/div><\/div>","protected":false},"excerpt":{"rendered":"<p>As\u00ed como las ondas que se expanden luego de que la piedra golpea la superficie del agua, as\u00ed es esta m\u00fasica que crece hasta cubrirlo todo y te\u00f1ir de Monk cada sonido&#8230; As\u00ed, con Steve Lacy interpretando la m\u00fasica de Thelonious Monk, comenzaba este programa n\u00famero 135 de La Nota Azul, correspondiente al s\u00e1bado 09 [&hellip;]<\/p>\n","protected":false},"author":14,"featured_media":6022,"comment_status":"open","ping_status":"open","sticky":false,"template":"","format":"standard","meta":{"footnotes":""},"categories":[261],"tags":[81,52,293,305,296,166],"class_list":["post-6021","post","type-post","status-publish","format-standard","has-post-thumbnail","hentry","category-la-nota-azul","tag-agenda-cultural","tag-cultura","tag-jazz","tag-jazz-federal-club","tag-la-nota-azul","tag-musica"],"_links":{"self":[{"href":"https:\/\/zumbalaturba.com.ar\/index.php?rest_route=\/wp\/v2\/posts\/6021","targetHints":{"allow":["GET"]}}],"collection":[{"href":"https:\/\/zumbalaturba.com.ar\/index.php?rest_route=\/wp\/v2\/posts"}],"about":[{"href":"https:\/\/zumbalaturba.com.ar\/index.php?rest_route=\/wp\/v2\/types\/post"}],"author":[{"embeddable":true,"href":"https:\/\/zumbalaturba.com.ar\/index.php?rest_route=\/wp\/v2\/users\/14"}],"replies":[{"embeddable":true,"href":"https:\/\/zumbalaturba.com.ar\/index.php?rest_route=%2Fwp%2Fv2%2Fcomments&post=6021"}],"version-history":[{"count":0,"href":"https:\/\/zumbalaturba.com.ar\/index.php?rest_route=\/wp\/v2\/posts\/6021\/revisions"}],"wp:featuredmedia":[{"embeddable":true,"href":"https:\/\/zumbalaturba.com.ar\/index.php?rest_route=\/wp\/v2\/media\/6022"}],"wp:attachment":[{"href":"https:\/\/zumbalaturba.com.ar\/index.php?rest_route=%2Fwp%2Fv2%2Fmedia&parent=6021"}],"wp:term":[{"taxonomy":"category","embeddable":true,"href":"https:\/\/zumbalaturba.com.ar\/index.php?rest_route=%2Fwp%2Fv2%2Fcategories&post=6021"},{"taxonomy":"post_tag","embeddable":true,"href":"https:\/\/zumbalaturba.com.ar\/index.php?rest_route=%2Fwp%2Fv2%2Ftags&post=6021"}],"curies":[{"name":"wp","href":"https:\/\/api.w.org\/{rel}","templated":true}]}}