{"id":6056,"date":"2018-06-17T18:29:45","date_gmt":"2018-06-17T18:29:45","guid":{"rendered":"http:\/\/zumbalaturba.com.ar\/?p=6056"},"modified":"2018-06-17T18:29:45","modified_gmt":"2018-06-17T18:29:45","slug":"cobertura-especial-desde-rosario-y-la-noche-blue-art-records-el-jazz-y-la-emocion-de-la-lucha-por-la-libertad","status":"publish","type":"post","link":"https:\/\/zumbalaturba.com.ar\/?p=6056","title":{"rendered":"Cobertura especial desde Rosario y la noche Blue Art Records. El jazz y la emoci\u00f3n de la lucha por la libertad."},"content":{"rendered":"<p style=\"padding-left: 150px;\"><span style=\"font-size: 14pt;\"><em>No hay nada que produzca mayor emoci\u00f3n que la lucha apasionada por la libertad. En 1961, Estados Unidos estaba regado de luchas. Aqu\u00ed, ahora, vivimos algo similar a lo que <\/em><strong>Donald Byrd<\/strong><em> vivi\u00f3 para poder componer <strong>Free Forms<\/strong>. Mucho color, gritos, solidaridad, convicci\u00f3n y la victoria que llega. Porque todo devenir implica la muerte de lo anterior.<\/em><\/span><\/p>\n<p><iframe id=\"audio_26578820\" style=\"border: 1px solid #EEE; box-sizing: border-box; width: 100%;\" src=\"https:\/\/ar.ivoox.com\/es\/player_ej_26578820_4_1.html?c1=ff6600\" width=\"300\" height=\"200\" frameborder=\"0\" scrolling=\"no\" allowfullscreen=\"allowfullscreen\"><\/iframe><\/p>\n<p><span style=\"font-size: 14pt;\">De esta manera comenz\u00e1bamos este programa n\u00famero 136 de <strong>La Nota Azul<\/strong>, correspondiente al s\u00e1bado 16 de junio de 2018, desde el aire de radio <strong>Zumba La Turba<\/strong>, en la FM 99.5 de C\u00f3rdoba, Argentina.<\/span><\/p>\n<p><span style=\"font-size: 14pt;\">Abrimos\u00a0con el \u00e1lbum <em><strong>Free Forms<\/strong><\/em> de<img fetchpriority=\"high\" decoding=\"async\" class=\"alignright wp-image-1670\" src=\"http:\/\/lanotaazul.com.ar\/wp-content\/uploads\/2018\/06\/4118-byrd-freeform-frontcover-1600-1020x1024.jpg\" alt=\"\" width=\"342\" height=\"344\" \/> <strong>Donald Byrd<\/strong>, lanzado por <em>Blue Note<\/em> en el a\u00f1o\u00a01961. Con la m\u00fasica, una manera nuestra de reivindicar la lucha del movimiento de mujeres que esta semana vivi\u00f3 una enorme victoria con la media sanci\u00f3n de la ley del aborto. La lucha de las mujeres ense\u00f1a c\u00f3mo se puede ganar y sobre todo ense\u00f1a que hasta el derecho m\u00e1s b\u00e1sico y fundamental, el de la libertad, demanda siempre una lucha.<\/span><\/p>\n<p><span style=\"font-size: 14pt;\">En <strong><em>Free Forms<\/em><\/strong>, la trompeta de <strong>Donald Byrd<\/strong> tiene a su lado a\u00a0<strong>Wayne Shorter<\/strong> en saxo tenor, <strong>Herbie Hancock<\/strong> en piano, <strong>Butch Warren<\/strong> en contrabajo y <strong>Billy Higgins<\/strong> en bater\u00eda.<\/span><\/p>\n<p><span style=\"font-size: 14pt;\">Adem\u00e1s, desde Rosario desarrollamos una cobertura especial de la noche <strong>Blue Art<\/strong> en el <em>Centro Cultural Atlas<\/em>, en celebraci\u00f3n de los 17 a\u00f1os del sello. Dialogamos con <strong>Horacio Vargas<\/strong>, su fundador y director, sobre la trayectoria del sello, sus varias distinciones y sobre el reciente lanzamiento del libro <strong><em>Gente con Swing<\/em><\/strong>, que lo tiene como compilador de textos sobre jazz de diversos autores.<\/span><\/p>\n<div style=\"width: 800px;\" class=\"wp-video\"><video class=\"wp-video-shortcode\" id=\"video-6056-1\" width=\"800\" height=\"450\" preload=\"metadata\" controls=\"controls\"><source type=\"video\/mp4\" src=\"http:\/\/lanotaazul.com.ar\/wp-content\/uploads\/2018\/06\/Cobertura-La-Nota-Azul-desde-Rosario-Noche-Blue-Art-Records.mp4?_=1\" \/><a href=\"http:\/\/lanotaazul.com.ar\/wp-content\/uploads\/2018\/06\/Cobertura-La-Nota-Azul-desde-Rosario-Noche-Blue-Art-Records.mp4\">http:\/\/lanotaazul.com.ar\/wp-content\/uploads\/2018\/06\/Cobertura-La-Nota-Azul-desde-Rosario-Noche-Blue-Art-Records.mp4<\/a><\/video><\/div>\n<p>&nbsp;<\/p>\n<p><span style=\"font-size: 14pt;\">La noche <strong>Blue Art<\/strong> en Rosario presentaba un concierto triple con m\u00fasicos del cat\u00e1logo del sello. La apertura estuvo a cargo del tr\u00edo <strong>Su\u00e1rez\/Socolsky\/Su\u00e1rez<\/strong>, con <strong>Mariano Su\u00e1rez<\/strong> en la trompeta, <strong>Pablo Socolsky<\/strong> en el piano y <strong>Ferm\u00edn Su\u00e1rez<\/strong> en el contrabajo. Charlamos justamente con Ferm\u00edn sobre la actualidad del tr\u00edo, la nueva m\u00fasica que vienen preparando y sobre los distintos proyectos en los que se mueve como contrabajista y compositor.<\/span><\/p>\n<figure id=\"attachment_1683\" aria-describedby=\"caption-attachment-1683\" style=\"width: 542px\" class=\"wp-caption aligncenter\"><img decoding=\"async\" class=\"wp-image-1683\" src=\"http:\/\/lanotaazul.com.ar\/wp-content\/uploads\/2018\/06\/WP_20180616_21_24_48_Rich-1024x577.jpg\" alt=\"\" width=\"542\" height=\"306\" \/><figcaption id=\"caption-attachment-1683\" class=\"wp-caption-text\">Ferm\u00edn Merlo del tr\u00edo Su\u00e1rez\/Socolsky\/Su\u00e1rez en la noche Blue Art en Rosario<\/figcaption><\/figure>\n<p>&nbsp;<\/p>\n<p><span style=\"font-size: 14pt;\">En segundo t\u00e9rmino el concierto en Rosario <img decoding=\"async\" class=\"alignright wp-image-1675\" src=\"http:\/\/lanotaazul.com.ar\/wp-content\/uploads\/2018\/06\/ruggieri-luciano-salmo-cd-nuevo-D_NQ_NP_893374-MLA26387482792_112017-F-1024x948.jpg\" alt=\"\" width=\"336\" height=\"311\" \/>incluy\u00f3 la participaci\u00f3n del <strong>Luciano\u00a0Ruggeri Grupo<\/strong>, de quien escuchamos su \u00e1lbum <strong><em>Salmo,<\/em><\/strong> un disco lanzado por <strong>Blue Art<\/strong> a finales del pasado a\u00f1o 2017, que recrea con un perfil muy propio y particular un\u00a0repertorio de spitituals.<\/span><\/p>\n<p><span style=\"font-size: 14pt;\">El cierre del concierto <strong>Blue Art<\/strong> estuvo a cargo del <strong>Maximiliano Kirszner Tr\u00edo<\/strong>, que adem\u00e1s del contrabajo de Kirszner, re\u00fane a\u00a0<strong>Nataniel Edelman<\/strong> en el piano y <strong>Ferm\u00edn Merlo<\/strong> en la bater\u00eda. De ellos, tambi\u00e9n el a\u00f1o pasado <strong>Blue Art<\/strong> edit\u00f3 el \u00e1lbum <strong><em>Dispositivo<\/em><\/strong>,<strong>\u00a0<\/strong>que ya son\u00f3 en <strong>La Nota Azul<\/strong>\u00a0<strong><em> &gt;&gt;<\/em><\/strong>\u00a0<strong><a href=\"http:\/\/lanotaazul.com.ar\/programas\/musica-para-incendiar-el-mundo\/\" target=\"_blank\" rel=\"noopener noreferrer\"><em>ESCUCHAR AQU\u00cd EL PROGRAMA<\/em><\/a><\/strong>.<\/span><\/p>\n<p><span style=\"font-size: 14pt;\"><img loading=\"lazy\" decoding=\"async\" class=\"alignleft size-medium wp-image-1673\" src=\"http:\/\/lanotaazul.com.ar\/wp-content\/uploads\/2018\/06\/Mike-Osborne-Trio-with-Harry-Miller-Tony-Levin-The-Birmingham-Jazz-Concert-1-300x278.jpg\" alt=\"\" width=\"300\" height=\"278\" \/>Nos despedimos escuchando a <strong>Mike Osborne Trio<\/strong> con su <strong><em>The Birmingham Jazz Concert<\/em><\/strong>, que tiene a <strong>Harry Miller<\/strong> en contrabajo, <strong>Tony Levin<\/strong> en bater\u00eda y por supuesto <strong>Mike Osborne<\/strong> en saxo.<\/span><\/p>\n<p><span style=\"font-size: 14pt;\">Todo eso y mucho m\u00e1s en dos horas de jazz, m\u00fasica y radio.<\/span><\/p>\n<p>&nbsp;<\/p>\n<p>&nbsp;<\/p>\n<p style=\"text-align: center;\"><span style=\"font-size: 18pt;\"><a href=\"http:\/\/lanotaazul.com.ar\/programas\/cobertura-especial-desde-rosario-y-la-noche-blue-art-records-el-jazz-y-la-emocion-de-la-lucha-por-la-libertad\/\" target=\"_blank\" rel=\"noopener noreferrer\"><strong><em>ESCUCHAR TAMBI\u00c9N POR AC\u00c1<\/em><\/strong><\/a><\/span><\/p>\n<div class='share-to-whatsapp-wrapper'><div class='share-on-whsp'>Share on: <\/div><div class='clear '><\/div><\/div>","protected":false},"excerpt":{"rendered":"<p>No hay nada que produzca mayor emoci\u00f3n que la lucha apasionada por la libertad. En 1961, Estados Unidos estaba regado de luchas. Aqu\u00ed, ahora, vivimos algo similar a lo que Donald Byrd vivi\u00f3 para poder componer Free Forms. Mucho color, gritos, solidaridad, convicci\u00f3n y la victoria que llega. Porque todo devenir implica la muerte de [&hellip;]<\/p>\n","protected":false},"author":14,"featured_media":6057,"comment_status":"open","ping_status":"open","sticky":false,"template":"","format":"standard","meta":{"footnotes":""},"categories":[261],"tags":[81,52,293,305,296,166],"class_list":["post-6056","post","type-post","status-publish","format-standard","has-post-thumbnail","hentry","category-la-nota-azul","tag-agenda-cultural","tag-cultura","tag-jazz","tag-jazz-federal-club","tag-la-nota-azul","tag-musica"],"_links":{"self":[{"href":"https:\/\/zumbalaturba.com.ar\/index.php?rest_route=\/wp\/v2\/posts\/6056","targetHints":{"allow":["GET"]}}],"collection":[{"href":"https:\/\/zumbalaturba.com.ar\/index.php?rest_route=\/wp\/v2\/posts"}],"about":[{"href":"https:\/\/zumbalaturba.com.ar\/index.php?rest_route=\/wp\/v2\/types\/post"}],"author":[{"embeddable":true,"href":"https:\/\/zumbalaturba.com.ar\/index.php?rest_route=\/wp\/v2\/users\/14"}],"replies":[{"embeddable":true,"href":"https:\/\/zumbalaturba.com.ar\/index.php?rest_route=%2Fwp%2Fv2%2Fcomments&post=6056"}],"version-history":[{"count":0,"href":"https:\/\/zumbalaturba.com.ar\/index.php?rest_route=\/wp\/v2\/posts\/6056\/revisions"}],"wp:featuredmedia":[{"embeddable":true,"href":"https:\/\/zumbalaturba.com.ar\/index.php?rest_route=\/wp\/v2\/media\/6057"}],"wp:attachment":[{"href":"https:\/\/zumbalaturba.com.ar\/index.php?rest_route=%2Fwp%2Fv2%2Fmedia&parent=6056"}],"wp:term":[{"taxonomy":"category","embeddable":true,"href":"https:\/\/zumbalaturba.com.ar\/index.php?rest_route=%2Fwp%2Fv2%2Fcategories&post=6056"},{"taxonomy":"post_tag","embeddable":true,"href":"https:\/\/zumbalaturba.com.ar\/index.php?rest_route=%2Fwp%2Fv2%2Ftags&post=6056"}],"curies":[{"name":"wp","href":"https:\/\/api.w.org\/{rel}","templated":true}]}}