{"id":6078,"date":"2018-06-26T16:07:22","date_gmt":"2018-06-26T19:07:22","guid":{"rendered":"http:\/\/zumbalaturba.com.ar\/?p=6078"},"modified":"2023-10-14T19:05:48","modified_gmt":"2023-10-14T22:05:48","slug":"jornadas-incendiarias-maite-amaya-presente-en-la-lucha","status":"publish","type":"post","link":"https:\/\/zumbalaturba.com.ar\/?p=6078","title":{"rendered":"Jornadas Incendiarias: Maite Amaya presente en la lucha"},"content":{"rendered":"<p><em>El 13, 14 y 15 de junio se homenaje\u00f3 a la compa\u00f1era Maite Amaya en la FOB C\u00f3rdoba. La Casa Caracol se habit\u00f3 por muchisimxs compa\u00f1eres de distintas partes del pa\u00eds. Tambi\u00e9n inauguraron la biblioteca feminista, que de a poco se fue llenando de libros y adornos en sus paredes.<\/em><\/p>\n<p>La FOB Regional C\u00f3rdoba organiz\u00f3 las Jornadas Incendiarias para recordar y homenajear a nuestra hermana Maite Amaya, a un a\u00f1o de su fallecimiento f\u00edsico. La grilla estuvo cargada de conversatorios, presentaciones art\u00edsticas, charlas sobre libros, asambleas, entre otros. Con un impronta feminista y piquetera.<\/p>\n<p><img fetchpriority=\"high\" decoding=\"async\" class=\"alignnone size-large wp-image-6080\" src=\"https:\/\/zumbalaturba.com.ar\/wp-content\/uploads\/2018\/06\/WhatsApp-Image-2018-06-22-at-22.50.04-1024x729.jpeg\" alt=\"WhatsApp Image 2018-06-22 at 22.50.04\" width=\"800\" height=\"570\" srcset=\"https:\/\/zumbalaturba.com.ar\/wp-content\/uploads\/2018\/06\/WhatsApp-Image-2018-06-22-at-22.50.04-1024x729.jpeg 1024w, https:\/\/zumbalaturba.com.ar\/wp-content\/uploads\/2018\/06\/WhatsApp-Image-2018-06-22-at-22.50.04-300x214.jpeg 300w, https:\/\/zumbalaturba.com.ar\/wp-content\/uploads\/2018\/06\/WhatsApp-Image-2018-06-22-at-22.50.04-768x547.jpeg 768w, https:\/\/zumbalaturba.com.ar\/wp-content\/uploads\/2018\/06\/WhatsApp-Image-2018-06-22-at-22.50.04.jpeg 1280w\" sizes=\"(max-width: 800px) 100vw, 800px\" \/><\/p>\n<p>La casa Caracol se pobl\u00f3 de compa\u00f1eres que vinieron desde las distintas regionales del pa\u00eds, como Salta, Chaco, Buenos Aires, localidades cordobesas (Sebasti\u00e1n El Cano y San Jos\u00e9 de la Dormida), en un abrazo colectivo y combativo. Tambi\u00e9n se invit\u00f3 a compa\u00f1eres de Neuqu\u00e9n, Entre R\u00edos, Santa F\u00e9, entre otros.<\/p>\n<p>Tres d\u00edas intensos con olor a brujas piqueteras. Les compa\u00f1eres (no masculinizados) se hicieron escuchar, tomaron el micr\u00f3fono, gritaron bien fuerte y abrieron sus corazones a quienes celebraron\u00a0all\u00ed las semillas de alegr\u00eda y rebeld\u00eda sembradas por Maite. En medio de la efervecencia por la media sansi\u00f3n en C\u00e1mara de Diputados de la Ley de Interrupci\u00f3n Voluntaria del Embarazo las brujas piqueteras cortaron la calle y cantaron bien fuerte \u201cAborto Legal para no morir\u201d acompa\u00f1ado de un \u201cMaite Amaya presente, ahora y siempre\u201d.<\/p>\n<p>Les compartimos las transmisiones especiales de las Jornadas Incendiaras, en un esfuerzo amoroso y colectivo de lxs compa\u00f1eres de radio Zumba La Turba y radio la Quinta Pata. Con los conversatorios completos y el minuto a minuto de lo que se vivi\u00f3 en Casa Caracol. Un plus de entrevistas a la Cooperativa Gr\u00e1fica La Voz de La Mujer de la FOB Lugano (Bs. As.), compa\u00f1eras de la asamblea de mujeres de la FOB Salta y de la FOB C\u00f3rdoba. Tambi\u00e9n hablamos con Maxi Postay de la c\u00e1tedra de derecho anarquista de Buenos Aires, con las compa\u00f1eras de la c\u00e1tedra Anarquista de Paran\u00e1, con la Editorial\u00a0Kuruf de Neuqu\u00e9n, El Deleite de los Cuerpos (Cba), y Susy Shock.<\/p>\n<p>Mi\u00e9rcoles 13\/06:<\/p>\n<audio class=\"wp-audio-shortcode\" id=\"audio-6078-1\" preload=\"none\" style=\"width: 100%;\" controls=\"controls\"><source type=\"audio\/mpeg\" src=\"http:\/\/ar.ivoox.com\/es\/jornadas-incendiarias-fob-cba-13-06-18_md_26727124_wp_1.mp3?_=1\" \/><a href=\"http:\/\/ar.ivoox.com\/es\/jornadas-incendiarias-fob-cba-13-06-18_md_26727124_wp_1.mp3\">http:\/\/ar.ivoox.com\/es\/jornadas-incendiarias-fob-cba-13-06-18_md_26727124_wp_1.mp3<\/a><\/audio>\n<p><a title=\"Jornadas Incendiarias FOB Cba 13\/06\/18\" href=\"http:\/\/ar.ivoox.com\/es\/jornadas-incendiarias-fob-cba-13-06-18-audios-mp3_rf_26727124_1.html\">Ir a descargar<\/a><br \/>\nJueves 14\/06:<\/p>\n<audio class=\"wp-audio-shortcode\" id=\"audio-6078-2\" preload=\"none\" style=\"width: 100%;\" controls=\"controls\"><source type=\"audio\/mpeg\" src=\"http:\/\/ar.ivoox.com\/es\/jornadas-incendiarias-fob-cba-14-06-18_md_26641745_wp_1.mp3?_=2\" \/><a href=\"http:\/\/ar.ivoox.com\/es\/jornadas-incendiarias-fob-cba-14-06-18_md_26641745_wp_1.mp3\">http:\/\/ar.ivoox.com\/es\/jornadas-incendiarias-fob-cba-14-06-18_md_26641745_wp_1.mp3<\/a><\/audio>\n<p><a title=\"Jornadas Incendiarias FOB Cba 14\/06\/18\" href=\"http:\/\/ar.ivoox.com\/es\/jornadas-incendiarias-fob-cba-14-06-18-audios-mp3_rf_26641745_1.html\">Ir a descargar<\/a><\/p>\n<p>Viernes 15\/06:<\/p>\n<audio class=\"wp-audio-shortcode\" id=\"audio-6078-3\" preload=\"none\" style=\"width: 100%;\" controls=\"controls\"><source type=\"audio\/mpeg\" src=\"http:\/\/ar.ivoox.com\/es\/jornadas-incendiarias-fob-cba-16-06-18_md_26735755_wp_1.mp3?_=3\" \/><a href=\"http:\/\/ar.ivoox.com\/es\/jornadas-incendiarias-fob-cba-16-06-18_md_26735755_wp_1.mp3\">http:\/\/ar.ivoox.com\/es\/jornadas-incendiarias-fob-cba-16-06-18_md_26735755_wp_1.mp3<\/a><\/audio>\n<p><a title=\"Jornadas Incendiarias FOB Cba 16\/06\/18\" href=\"http:\/\/ar.ivoox.com\/es\/jornadas-incendiarias-fob-cba-16-06-18-audios-mp3_rf_26735755_1.html\">Ir a descargar<\/a><\/p>\n<div class='share-to-whatsapp-wrapper'><div class='share-on-whsp'>Share on: <\/div><div class='clear '><\/div><\/div>","protected":false},"excerpt":{"rendered":"<p>El 13, 14 y 15 de junio se homenaje\u00f3 a la compa\u00f1era Maite Amaya en la FOB C\u00f3rdoba. La Casa Caracol se habit\u00f3 por muchisimxs compa\u00f1eres de distintas partes del pa\u00eds. Tambi\u00e9n inauguraron la biblioteca feminista, que de a poco se fue llenando de libros y adornos en sus paredes. La FOB Regional C\u00f3rdoba organiz\u00f3 [&hellip;]<\/p>\n","protected":false},"author":23,"featured_media":6079,"comment_status":"open","ping_status":"open","sticky":false,"template":"","format":"standard","meta":{"footnotes":""},"categories":[239,1241,15,233,3,29,5],"tags":[1025,1026,169],"class_list":["post-6078","post","type-post","status-publish","format-standard","has-post-thumbnail","hentry","category-cbatransmisiones-dela-rnma","category-ddhh","category-la-zumba","category-lucha-y-orgasmizacion","category-rnma","category-trabajadores-en-lucha","category-transfeminismos","tag-luchayorganizacion","tag-maite-amaya-presente","tag-transmision-especial"],"_links":{"self":[{"href":"https:\/\/zumbalaturba.com.ar\/index.php?rest_route=\/wp\/v2\/posts\/6078","targetHints":{"allow":["GET"]}}],"collection":[{"href":"https:\/\/zumbalaturba.com.ar\/index.php?rest_route=\/wp\/v2\/posts"}],"about":[{"href":"https:\/\/zumbalaturba.com.ar\/index.php?rest_route=\/wp\/v2\/types\/post"}],"author":[{"embeddable":true,"href":"https:\/\/zumbalaturba.com.ar\/index.php?rest_route=\/wp\/v2\/users\/23"}],"replies":[{"embeddable":true,"href":"https:\/\/zumbalaturba.com.ar\/index.php?rest_route=%2Fwp%2Fv2%2Fcomments&post=6078"}],"version-history":[{"count":0,"href":"https:\/\/zumbalaturba.com.ar\/index.php?rest_route=\/wp\/v2\/posts\/6078\/revisions"}],"wp:featuredmedia":[{"embeddable":true,"href":"https:\/\/zumbalaturba.com.ar\/index.php?rest_route=\/wp\/v2\/media\/6079"}],"wp:attachment":[{"href":"https:\/\/zumbalaturba.com.ar\/index.php?rest_route=%2Fwp%2Fv2%2Fmedia&parent=6078"}],"wp:term":[{"taxonomy":"category","embeddable":true,"href":"https:\/\/zumbalaturba.com.ar\/index.php?rest_route=%2Fwp%2Fv2%2Fcategories&post=6078"},{"taxonomy":"post_tag","embeddable":true,"href":"https:\/\/zumbalaturba.com.ar\/index.php?rest_route=%2Fwp%2Fv2%2Ftags&post=6078"}],"curies":[{"name":"wp","href":"https:\/\/api.w.org\/{rel}","templated":true}]}}