{"id":6124,"date":"2018-07-01T05:26:58","date_gmt":"2018-07-01T05:26:58","guid":{"rendered":"http:\/\/zumbalaturba.com.ar\/?p=6124"},"modified":"2018-07-01T05:26:58","modified_gmt":"2018-07-01T05:26:58","slug":"jazz-tradicion-y-vanguardia-contra-el-olvido","status":"publish","type":"post","link":"https:\/\/zumbalaturba.com.ar\/?p=6124","title":{"rendered":"Jazz, tradici\u00f3n y vanguardia contra el olvido"},"content":{"rendered":"<p style=\"padding-left: 150px;\"><span style=\"font-size: 14pt;\">Hecha de improvisaci\u00f3n y cita, &#8220;<em>el jazz es una m\u00fasica contra el olvido<\/em>&#8220;, dice Beatriz Sarlo en su\u00a0art\u00edculo incluido en el libro <strong><em>Gente con Swing<\/em><\/strong>, <em>textos de jazz compilados por Horacio Vargas<\/em>, y con esa referencia y la m\u00fasica de <strong>Mal Waldron<\/strong> y <strong>Thad Jones<\/strong> para el sello <strong>Prestige<\/strong> en el a\u00f1o 1957 comenzamos este\u00a0programa n\u00famero 137 de <strong>La Nota Azul<\/strong>, correspondiente al s\u00e1bado 30 de junio de 2018. Por radio <strong>Zumba La Turba<\/strong>, en la FM 99.5 de C\u00f3rdoba, Argentina.<\/span><\/p>\n<p><iframe id=\"audio_26830520\" style=\"border: 1px solid #EEE; box-sizing: border-box; width: 100%;\" src=\"http:\/\/ar.ivoox.com\/es\/player_ej_26830520_4_1.html?c1=0330a3\" width=\"300\" height=\"200\" frameborder=\"0\" scrolling=\"no\" allowfullscreen=\"allowfullscreen\"><\/iframe><\/p>\n<p><span style=\"font-size: 14pt;\">Iniciamos con la m\u00fasica del disco <em><strong>After Hours<\/strong><\/em>,<img fetchpriority=\"high\" decoding=\"async\" class=\"alignright wp-image-1711\" src=\"http:\/\/lanotaazul.com.ar\/wp-content\/uploads\/2018\/07\/After-hours-300x300.jpg\" alt=\"\" width=\"263\" height=\"263\" \/> lanzado por el sello <strong>Prestige<\/strong> en el a\u00f1o\u00a01957 con una selecci\u00f3n de m\u00fasicos que reun\u00eda a <strong>Mal Waldron<\/strong> en el piano, <strong>Frank Wess<\/strong> en flauta y saxo tenor, <strong>Paul Chambers<\/strong> en contrabajo, <strong>Art Taylor<\/strong> en bater\u00eda, <strong>Kenny Burrell<\/strong> en guitarra y <strong>Thad Jones<\/strong> en trompeta.<\/span><\/p>\n<p><span style=\"font-size: 14pt;\">Luego entrevistamos al contrabajista y compositor <strong>Maximiliano Kirszner<\/strong> y conversamos acerca de su \u00faltimo \u00e1lbum <strong><em>Dispositivo,<\/em><\/strong> lanzado por el sello <strong>Blue Art<\/strong> el pasado a\u00f1o\u00a02017. <img decoding=\"async\" class=\"alignleft wp-image-1716\" src=\"http:\/\/lanotaazul.com.ar\/wp-content\/uploads\/2018\/07\/Maxi-Kirszner-2-300x300.jpg\" alt=\"\" width=\"281\" height=\"281\" \/>Tambi\u00e9n dialogamos sobre su formaci\u00f3n musical, la relaci\u00f3n con sus pares y maestros, la est\u00e9tica musical de una generaci\u00f3n y sus proyectos futuros.<\/span><\/p>\n<p>&nbsp;<\/p>\n<p><span style=\"font-size: 14pt;\">Y cerramos con la m\u00fasica de la trompetista canadiense <strong>Ingrid Jensen<\/strong> y su disco <em><strong>Here On Earth<\/strong><\/em>, del a\u00f1o 1997. En el \u00e1lbum participan, adem\u00e1s de la propia Jensen en trompeta y flugel, <strong>Gary Bartz<\/strong> en saxos alto y soprano, <strong>George Colligan<\/strong> en piano, <strong>Dwayne Burno<\/strong> en contrabajo, <strong>Bill Stewart<\/strong> en bater\u00eda, y <strong>Jill Seifers<\/strong> en voces.<\/span><\/p>\n<div id='gallery-1' class='gallery galleryid-6124 gallery-columns-2 gallery-size-medium'><figure class='gallery-item'>\n\t\t\t<div class='gallery-icon landscape'>\n\t\t\t\t<img decoding=\"async\" width=\"300\" height=\"264\" src=\"https:\/\/zumbalaturba.com.ar\/wp-content\/uploads\/2018\/07\/DISPOSITIVO-FRONT-300x264.jpg\" class=\"attachment-medium size-medium\" alt=\"\" srcset=\"https:\/\/zumbalaturba.com.ar\/wp-content\/uploads\/2018\/07\/DISPOSITIVO-FRONT-300x264.jpg 300w, https:\/\/zumbalaturba.com.ar\/wp-content\/uploads\/2018\/07\/DISPOSITIVO-FRONT-768x676.jpg 768w, https:\/\/zumbalaturba.com.ar\/wp-content\/uploads\/2018\/07\/DISPOSITIVO-FRONT-1024x901.jpg 1024w, https:\/\/zumbalaturba.com.ar\/wp-content\/uploads\/2018\/07\/DISPOSITIVO-FRONT.jpg 1280w\" sizes=\"(max-width: 300px) 100vw, 300px\" \/>\n\t\t\t<\/div><\/figure><figure class='gallery-item'>\n\t\t\t<div class='gallery-icon landscape'>\n\t\t\t\t<img loading=\"lazy\" decoding=\"async\" width=\"300\" height=\"300\" src=\"https:\/\/zumbalaturba.com.ar\/wp-content\/uploads\/2018\/07\/Ingrid-Jensen-tapa-300x300.jpg\" class=\"attachment-medium size-medium\" alt=\"\" srcset=\"https:\/\/zumbalaturba.com.ar\/wp-content\/uploads\/2018\/07\/Ingrid-Jensen-tapa-300x300.jpg 300w, https:\/\/zumbalaturba.com.ar\/wp-content\/uploads\/2018\/07\/Ingrid-Jensen-tapa.jpg 500w\" sizes=\"(max-width: 300px) 100vw, 300px\" \/>\n\t\t\t<\/div><\/figure>\n\t\t<\/div>\n\n<p>&nbsp;<\/p>\n<p><span style=\"font-size: 14pt;\">Es parte de lo que se pudo escuchar en <strong>La Nota Azul<\/strong> en dos horas de jazz, m\u00fasica y radio.<\/span><\/p>\n<p>&nbsp;<\/p>\n<p style=\"text-align: center;\"><span style=\"font-size: 18pt;\"><a href=\"http:\/\/lanotaazul.com.ar\/programas\/jazz-tradicion-y-vanguardia-contra-el-olvido\/\" target=\"_blank\" rel=\"noopener noreferrer\"><em><strong>ESCUCHALO TAMBI\u00c9N POR AC\u00c1<\/strong><\/em><\/a><\/span><\/p>\n<div class='share-to-whatsapp-wrapper'><div class='share-on-whsp'>Share on: <\/div><div class='clear '><\/div><\/div>","protected":false},"excerpt":{"rendered":"<p>Hecha de improvisaci\u00f3n y cita, &#8220;el jazz es una m\u00fasica contra el olvido&#8220;, dice Beatriz Sarlo en su\u00a0art\u00edculo incluido en el libro Gente con Swing, textos de jazz compilados por Horacio Vargas, y con esa referencia y la m\u00fasica de Mal Waldron y Thad Jones para el sello Prestige en el a\u00f1o 1957 comenzamos este\u00a0programa [&hellip;]<\/p>\n","protected":false},"author":14,"featured_media":6127,"comment_status":"open","ping_status":"open","sticky":false,"template":"","format":"standard","meta":{"footnotes":""},"categories":[261],"tags":[81,52,293,305,296,166],"class_list":["post-6124","post","type-post","status-publish","format-standard","has-post-thumbnail","hentry","category-la-nota-azul","tag-agenda-cultural","tag-cultura","tag-jazz","tag-jazz-federal-club","tag-la-nota-azul","tag-musica"],"_links":{"self":[{"href":"https:\/\/zumbalaturba.com.ar\/index.php?rest_route=\/wp\/v2\/posts\/6124","targetHints":{"allow":["GET"]}}],"collection":[{"href":"https:\/\/zumbalaturba.com.ar\/index.php?rest_route=\/wp\/v2\/posts"}],"about":[{"href":"https:\/\/zumbalaturba.com.ar\/index.php?rest_route=\/wp\/v2\/types\/post"}],"author":[{"embeddable":true,"href":"https:\/\/zumbalaturba.com.ar\/index.php?rest_route=\/wp\/v2\/users\/14"}],"replies":[{"embeddable":true,"href":"https:\/\/zumbalaturba.com.ar\/index.php?rest_route=%2Fwp%2Fv2%2Fcomments&post=6124"}],"version-history":[{"count":0,"href":"https:\/\/zumbalaturba.com.ar\/index.php?rest_route=\/wp\/v2\/posts\/6124\/revisions"}],"wp:featuredmedia":[{"embeddable":true,"href":"https:\/\/zumbalaturba.com.ar\/index.php?rest_route=\/wp\/v2\/media\/6127"}],"wp:attachment":[{"href":"https:\/\/zumbalaturba.com.ar\/index.php?rest_route=%2Fwp%2Fv2%2Fmedia&parent=6124"}],"wp:term":[{"taxonomy":"category","embeddable":true,"href":"https:\/\/zumbalaturba.com.ar\/index.php?rest_route=%2Fwp%2Fv2%2Fcategories&post=6124"},{"taxonomy":"post_tag","embeddable":true,"href":"https:\/\/zumbalaturba.com.ar\/index.php?rest_route=%2Fwp%2Fv2%2Ftags&post=6124"}],"curies":[{"name":"wp","href":"https:\/\/api.w.org\/{rel}","templated":true}]}}