{"id":6178,"date":"2018-07-08T20:03:23","date_gmt":"2018-07-08T20:03:23","guid":{"rendered":"http:\/\/zumbalaturba.com.ar\/?p=6178"},"modified":"2018-07-08T20:03:23","modified_gmt":"2018-07-08T20:03:23","slug":"jazz-arte-creacion-y-libertad","status":"publish","type":"post","link":"https:\/\/zumbalaturba.com.ar\/?p=6178","title":{"rendered":"Jazz, arte, creaci\u00f3n y libertad"},"content":{"rendered":"<p style=\"padding-left: 150px;\"><span style=\"font-size: 14pt;\"><em>Eso que puede resultar filoso, hiriente como el amanecer al ojo del que duerme, eso que puede parecer cortante y a la vez sonar l\u00edrico y rom\u00e1ntico. Esa estructura firme, precisa y regular, que permite que crezca y que prospere la forma m\u00e1s radical de libertad. Esa m\u00fasica que suena es el jazz\u2026<\/em><\/span><\/p>\n<p><iframe id=\"audio_26950912\" style=\"border: 1px solid #EEE; box-sizing: border-box; width: 100%;\" src=\"http:\/\/ar.ivoox.com\/es\/player_ej_26950912_4_1.html?c1=0500ff\" width=\"300\" height=\"200\" frameborder=\"0\" scrolling=\"no\" allowfullscreen=\"allowfullscreen\"><\/iframe><\/p>\n<p><span style=\"font-size: 14pt;\">De esta manera comenzamos este programa<img fetchpriority=\"high\" decoding=\"async\" class=\"alignright wp-image-1775\" src=\"http:\/\/lanotaazul.com.ar\/wp-content\/uploads\/2018\/07\/Balladyna-Stanko-1024x1024.jpg\" alt=\"\" width=\"327\" height=\"327\" \/> n\u00famero\u00a0138\u00a0de <strong>La Nota Azul<\/strong>, correspondiente al s\u00e1bado 07 de julio de 2018. Por radio <strong>Zumba La Turba<\/strong> en la FM 99.5 de C\u00f3rdoba, Argentina.<\/span><\/p>\n<p><span style=\"font-size: 14pt;\">Iniciamos el programa con la m\u00fasica del disco <strong><em>Balladyna<\/em><\/strong> del trompetista polaco <strong>Tomasz Stanko<\/strong>. Lanzado en 1976 <strong><em>Balladyna<\/em><\/strong> es el primer \u00e1lbum de Stanko para el sello <em>ECM.<\/em> El brillo creativo de su trompeta est\u00e1 aqu\u00ed escoltada por <strong>Tomasz Szukalski<\/strong> en los saxos tenor y soprano, <strong>Dave Holland<\/strong> en el contrabajo y <strong>Edward Vesala<\/strong> en la bater\u00eda.<\/span><\/p>\n<p>&nbsp;<\/p>\n<p><span style=\"font-size: 14pt;\">Contamos adem\u00e1s con la voz de <strong>Ignacio Villamil<\/strong> que invita al ciclo <em><strong>Jazz &amp; Art<\/strong><\/em> todos los s\u00e1bados de julio all\u00ed en La Cumbre. Escuchamos algo del disco <strong><em>Uno. Standards<\/em><\/strong>, grabado con su cuarteto rosarino, con <strong>Facundo Canosa<\/strong> en piano, <strong>Emilio Madeo<\/strong> en contrabajo, <strong>Mart\u00edn Fern\u00e1ndez<\/strong> en bater\u00eda y por supuesto <strong>Ignacio Villamil<\/strong> en la voz.<\/span><\/p>\n<p><a href=\"http:\/\/lanotaazul.com.ar\/wp-content\/uploads\/2018\/07\/Jazz-Art-Villamil.jpeg\" target=\"_blank\" rel=\"noopener noreferrer\"><img decoding=\"async\" class=\"aligncenter wp-image-1788\" src=\"http:\/\/lanotaazul.com.ar\/wp-content\/uploads\/2018\/07\/Jazz-Art-Villamil.jpeg\" alt=\"\" width=\"453\" height=\"586\" \/><\/a><\/p>\n<p>&nbsp;<\/p>\n<p><span style=\"font-size: 14pt;\"><strong>Tom Harrell<\/strong> es el segundo trompetista que aparece en la tarde de jazz. Lo escuchamos desde su \u00e1lbum <em><strong>Something Gold, Something Blue<\/strong><\/em>, lanzado por el sello <em>HighNote<\/em> en el a\u00f1o 2016. Adem\u00e1s de <strong>Tom Harrell<\/strong> en trompeta y flugel, el plantel est\u00e1 integrado por <strong>Ambrose Akinmusire<\/strong> tambi\u00e9n en trompeta, <strong>Charles Altura<\/strong> en guitarra, <strong>Ugonna Okegwo<\/strong> en contrabajo, <strong>Johnathan Blake<\/strong> en bater\u00eda y como invitado <strong>Omer Avital<\/strong> en oud en un tema.<\/span><\/p>\n<p><span style=\"font-size: 14pt;\"><img decoding=\"async\" class=\"wp-image-1776 alignleft\" src=\"http:\/\/lanotaazul.com.ar\/wp-content\/uploads\/2018\/07\/CbaJazzCamp-804x1024.jpg\" alt=\"\" width=\"338\" height=\"431\" \/>Del 15 al 20 de julio se desarrollar\u00e1 el <strong>C\u00f3rdoba Jazz Camp<\/strong>, este encuentro formativo que re\u00fane cada a\u00f1o a una selecci\u00f3n de docentes para la capacitaci\u00f3n intensiva de m\u00fasicos con orientaci\u00f3n hacia el jazz. Esta vez la sede ser\u00e1 la propia Ciudad de C\u00f3rdoba.<\/span><\/p>\n<p style=\"text-align: center;\"><span style=\"font-size: 14pt;\"><a href=\"http:\/\/lanotaazul.com.ar\/agenda\/cordoba-jazz-camp-2018\/\" target=\"_blank\" rel=\"noopener noreferrer\"><em><strong>Aqu\u00ed m\u00e1s informaci\u00f3n sobre el C\u00d3RDOBA JAZZ CAMP 2018<\/strong><\/em><\/a><\/span><\/p>\n<p>&nbsp;<\/p>\n<p><span style=\"font-size: 14pt;\">Uno de los docentes del <strong>C\u00f3rdoba Jazz Camp<\/strong> es el guitarrista tucumano <strong>Julio Gonz\u00e1lez Goyt\u00eda<\/strong>. Escuchamos algo del \u00e1lbum de los <strong>Hermanos Gonz\u00e1lez Goytia Tr\u00edo<\/strong> con <strong>John Stowell<\/strong>. Suena <strong><em>Solar,<\/em><\/strong> composici\u00f3n atribuida a Miles Davis.<\/span><\/p>\n<p>&nbsp;<\/p>\n<p><span style=\"font-size: 14pt;\">Seguimos con el \u00e1lbum de <strong>Pablo Ledesma<\/strong> y <strong>Pepe Angelillo<\/strong> <em><strong>Memorial Steve Lacy (1934-2004)<\/strong><\/em>, disco grabado en 2007, como su t\u00edtulo indica en memoria del saxofonista Steve Lacy. Escuchamos el tema que abre el \u00e1lbum: <em><strong>Blues for Aida<\/strong><\/em>, con <strong>Pablo Ledesma<\/strong> en saxo soprano y <strong>Pepe Angelillo<\/strong> en piano.<\/span><\/p>\n<div id='gallery-1' class='gallery galleryid-6178 gallery-columns-3 gallery-size-medium'><figure class='gallery-item'>\n\t\t\t<div class='gallery-icon landscape'>\n\t\t\t\t<a href='https:\/\/zumbalaturba.com.ar\/wp-content\/uploads\/2018\/07\/TOM-HARRELL-Something-Gold-Something-Blue.jpg'><img loading=\"lazy\" decoding=\"async\" width=\"300\" height=\"300\" src=\"https:\/\/zumbalaturba.com.ar\/wp-content\/uploads\/2018\/07\/TOM-HARRELL-Something-Gold-Something-Blue-300x300.jpg\" class=\"attachment-medium size-medium\" alt=\"\" srcset=\"https:\/\/zumbalaturba.com.ar\/wp-content\/uploads\/2018\/07\/TOM-HARRELL-Something-Gold-Something-Blue-300x300.jpg 300w, https:\/\/zumbalaturba.com.ar\/wp-content\/uploads\/2018\/07\/TOM-HARRELL-Something-Gold-Something-Blue-768x768.jpg 768w, https:\/\/zumbalaturba.com.ar\/wp-content\/uploads\/2018\/07\/TOM-HARRELL-Something-Gold-Something-Blue.jpg 1000w\" sizes=\"(max-width: 300px) 100vw, 300px\" \/><\/a>\n\t\t\t<\/div><\/figure><figure class='gallery-item'>\n\t\t\t<div class='gallery-icon landscape'>\n\t\t\t\t<a href='https:\/\/zumbalaturba.com.ar\/wp-content\/uploads\/2018\/07\/Gonz\u00e1lez-Goytia.jpg'><img loading=\"lazy\" decoding=\"async\" width=\"300\" height=\"272\" src=\"https:\/\/zumbalaturba.com.ar\/wp-content\/uploads\/2018\/07\/Gonz\u00e1lez-Goytia-300x272.jpg\" class=\"attachment-medium size-medium\" alt=\"\" srcset=\"https:\/\/zumbalaturba.com.ar\/wp-content\/uploads\/2018\/07\/Gonz\u00e1lez-Goytia-300x272.jpg 300w, https:\/\/zumbalaturba.com.ar\/wp-content\/uploads\/2018\/07\/Gonz\u00e1lez-Goytia-768x698.jpg 768w, https:\/\/zumbalaturba.com.ar\/wp-content\/uploads\/2018\/07\/Gonz\u00e1lez-Goytia.jpg 970w\" sizes=\"(max-width: 300px) 100vw, 300px\" \/><\/a>\n\t\t\t<\/div><\/figure><figure class='gallery-item'>\n\t\t\t<div class='gallery-icon landscape'>\n\t\t\t\t<a href='https:\/\/zumbalaturba.com.ar\/wp-content\/uploads\/2018\/07\/pablo-ledesma-pepe-angelillo-memorial-steve-lacy-1934-2004-.jpg'><img loading=\"lazy\" decoding=\"async\" width=\"300\" height=\"300\" src=\"https:\/\/zumbalaturba.com.ar\/wp-content\/uploads\/2018\/07\/pablo-ledesma-pepe-angelillo-memorial-steve-lacy-1934-2004--300x300.jpg\" class=\"attachment-medium size-medium\" alt=\"\" srcset=\"https:\/\/zumbalaturba.com.ar\/wp-content\/uploads\/2018\/07\/pablo-ledesma-pepe-angelillo-memorial-steve-lacy-1934-2004--300x300.jpg 300w, https:\/\/zumbalaturba.com.ar\/wp-content\/uploads\/2018\/07\/pablo-ledesma-pepe-angelillo-memorial-steve-lacy-1934-2004-.jpg 600w\" sizes=\"(max-width: 300px) 100vw, 300px\" \/><\/a>\n\t\t\t<\/div><\/figure>\n\t\t<\/div>\n\n<p>&nbsp;<\/p>\n<p><span style=\"font-size: 14pt;\">Cerramos el programa con algo de improvisaci\u00f3n libre. El saxofonista y clarinetista suizo <strong>Hans Koch<\/strong> a d\u00fao primero con <strong>Evan Parker<\/strong> y luego con <strong>Louis Sclavis<\/strong>. Y para finalizar, de vuelta <strong>Hans Koch<\/strong> en clarinetes, saxos y electr\u00f3nicas, <strong>Martin Sch\u00fctz<\/strong> en cello y electr\u00f3nica, <strong>Fredy Studer<\/strong> en bater\u00eda y percusi\u00f3n, y m\u00fasicos cubanos. El \u00e1lbum, grabado en La Habana, Cuba, en 1997, se titula <strong><em>Fidel.<\/em><\/strong><\/span><\/p>\n<div id='gallery-2' class='gallery galleryid-6178 gallery-columns-2 gallery-size-medium'><figure class='gallery-item'>\n\t\t\t<div class='gallery-icon landscape'>\n\t\t\t\t<a href='https:\/\/zumbalaturba.com.ar\/?attachment_id=6180'><img loading=\"lazy\" decoding=\"async\" width=\"300\" height=\"298\" src=\"https:\/\/zumbalaturba.com.ar\/wp-content\/uploads\/2018\/07\/Hans-Koch-Duets-300x298.jpg\" class=\"attachment-medium size-medium\" alt=\"\" srcset=\"https:\/\/zumbalaturba.com.ar\/wp-content\/uploads\/2018\/07\/Hans-Koch-Duets-300x298.jpg 300w, https:\/\/zumbalaturba.com.ar\/wp-content\/uploads\/2018\/07\/Hans-Koch-Duets-768x762.jpg 768w, https:\/\/zumbalaturba.com.ar\/wp-content\/uploads\/2018\/07\/Hans-Koch-Duets-1024x1016.jpg 1024w, https:\/\/zumbalaturba.com.ar\/wp-content\/uploads\/2018\/07\/Hans-Koch-Duets.jpg 1200w\" sizes=\"(max-width: 300px) 100vw, 300px\" \/><\/a>\n\t\t\t<\/div><\/figure><figure class='gallery-item'>\n\t\t\t<div class='gallery-icon landscape'>\n\t\t\t\t<a href='https:\/\/zumbalaturba.com.ar\/?attachment_id=6181'><img loading=\"lazy\" decoding=\"async\" width=\"300\" height=\"300\" src=\"https:\/\/zumbalaturba.com.ar\/wp-content\/uploads\/2018\/07\/Hans-Koch-Fidel-300x300.jpg\" class=\"attachment-medium size-medium\" alt=\"\" srcset=\"https:\/\/zumbalaturba.com.ar\/wp-content\/uploads\/2018\/07\/Hans-Koch-Fidel-300x300.jpg 300w, https:\/\/zumbalaturba.com.ar\/wp-content\/uploads\/2018\/07\/Hans-Koch-Fidel-768x768.jpg 768w, https:\/\/zumbalaturba.com.ar\/wp-content\/uploads\/2018\/07\/Hans-Koch-Fidel-1024x1024.jpg 1024w, https:\/\/zumbalaturba.com.ar\/wp-content\/uploads\/2018\/07\/Hans-Koch-Fidel.jpg 1200w\" sizes=\"(max-width: 300px) 100vw, 300px\" \/><\/a>\n\t\t\t<\/div><\/figure>\n\t\t<\/div>\n\n<p>&nbsp;<\/p>\n<p><span style=\"font-size: 14pt;\">Todo eso y mucho m\u00e1s en dos horas radio, m\u00fasica, jazz y otras formas libres.<\/span><\/p>\n<p>&nbsp;<\/p>\n<p style=\"text-align: center;\"><span style=\"font-size: 18pt;\"><a href=\"http:\/\/lanotaazul.com.ar\/programas\/jazz-arte-creacion-y-libertad\/\" target=\"_blank\" rel=\"noopener noreferrer\"><strong><em>ESCUCHALO TAMBI\u00c9N POR AC\u00c1<\/em><\/strong><\/a><\/span><\/p>\n<div class='share-to-whatsapp-wrapper'><div class='share-on-whsp'>Share on: <\/div><div class='clear '><\/div><\/div>","protected":false},"excerpt":{"rendered":"<p>Eso que puede resultar filoso, hiriente como el amanecer al ojo del que duerme, eso que puede parecer cortante y a la vez sonar l\u00edrico y rom\u00e1ntico. Esa estructura firme, precisa y regular, que permite que crezca y que prospere la forma m\u00e1s radical de libertad. Esa m\u00fasica que suena es el jazz\u2026 De esta [&hellip;]<\/p>\n","protected":false},"author":14,"featured_media":6184,"comment_status":"open","ping_status":"open","sticky":false,"template":"","format":"standard","meta":{"footnotes":""},"categories":[261],"tags":[81,52,305,296,166],"class_list":["post-6178","post","type-post","status-publish","format-standard","has-post-thumbnail","hentry","category-la-nota-azul","tag-agenda-cultural","tag-cultura","tag-jazz-federal-club","tag-la-nota-azul","tag-musica"],"_links":{"self":[{"href":"https:\/\/zumbalaturba.com.ar\/index.php?rest_route=\/wp\/v2\/posts\/6178","targetHints":{"allow":["GET"]}}],"collection":[{"href":"https:\/\/zumbalaturba.com.ar\/index.php?rest_route=\/wp\/v2\/posts"}],"about":[{"href":"https:\/\/zumbalaturba.com.ar\/index.php?rest_route=\/wp\/v2\/types\/post"}],"author":[{"embeddable":true,"href":"https:\/\/zumbalaturba.com.ar\/index.php?rest_route=\/wp\/v2\/users\/14"}],"replies":[{"embeddable":true,"href":"https:\/\/zumbalaturba.com.ar\/index.php?rest_route=%2Fwp%2Fv2%2Fcomments&post=6178"}],"version-history":[{"count":0,"href":"https:\/\/zumbalaturba.com.ar\/index.php?rest_route=\/wp\/v2\/posts\/6178\/revisions"}],"wp:featuredmedia":[{"embeddable":true,"href":"https:\/\/zumbalaturba.com.ar\/index.php?rest_route=\/wp\/v2\/media\/6184"}],"wp:attachment":[{"href":"https:\/\/zumbalaturba.com.ar\/index.php?rest_route=%2Fwp%2Fv2%2Fmedia&parent=6178"}],"wp:term":[{"taxonomy":"category","embeddable":true,"href":"https:\/\/zumbalaturba.com.ar\/index.php?rest_route=%2Fwp%2Fv2%2Fcategories&post=6178"},{"taxonomy":"post_tag","embeddable":true,"href":"https:\/\/zumbalaturba.com.ar\/index.php?rest_route=%2Fwp%2Fv2%2Ftags&post=6178"}],"curies":[{"name":"wp","href":"https:\/\/api.w.org\/{rel}","templated":true}]}}