{"id":6217,"date":"2018-07-23T23:36:57","date_gmt":"2018-07-24T02:36:57","guid":{"rendered":"http:\/\/zumbalaturba.com.ar\/?p=6217"},"modified":"2023-10-14T19:04:34","modified_gmt":"2023-10-14T22:04:34","slug":"machi-celestino-en-huelga-seca-comunicado-publico-del-machi-desde-la-carcel-de-temuko","status":"publish","type":"post","link":"https:\/\/zumbalaturba.com.ar\/?p=6217","title":{"rendered":"Machi Celestino en HUELGA SECA. Comunicado p\u00fablico del machi desde la c\u00e1rcel de Temuko"},"content":{"rendered":"<div data-contents=\"true\">\n<div class=\"\" data-block=\"true\" data-editor=\"d6oud\" data-offset-key=\"2i762-0-0\">\n<div class=\"_1mf _1mj\" data-offset-key=\"2i762-0-0\"><span style=\"font-size: 14pt;\"><strong><span data-offset-key=\"2i762-0-0\"><span data-text=\"true\">Desde la c\u00e1rcel de Temuco <\/span><\/span><img fetchpriority=\"high\" decoding=\"async\" class=\"alignleft size-medium wp-image-6221\" src=\"https:\/\/zumbalaturba.com.ar\/wp-content\/uploads\/2018\/07\/30706273_10156252955629431_8558007896770609152_n-300x300.jpg\" alt=\"30706273_10156252955629431_8558007896770609152_n\" width=\"300\" height=\"300\" srcset=\"https:\/\/zumbalaturba.com.ar\/wp-content\/uploads\/2018\/07\/30706273_10156252955629431_8558007896770609152_n-300x300.jpg 300w, https:\/\/zumbalaturba.com.ar\/wp-content\/uploads\/2018\/07\/30706273_10156252955629431_8558007896770609152_n.jpg 531w\" sizes=\"(max-width: 300px) 100vw, 300px\" \/><span data-offset-key=\"2i762-0-0\"><span data-text=\"true\">Novena Regi\u00f3n de la Araucan\u00eda 23 de julio del 2018<\/span><\/span><\/strong><\/span><\/div>\n<\/div>\n<div class=\"\" data-block=\"true\" data-editor=\"d6oud\" data-offset-key=\"9artl-0-0\">\n<div class=\"_1mf _1mj\" data-offset-key=\"9artl-0-0\"><span style=\"font-size: 14pt;\"><strong><span data-offset-key=\"9artl-0-0\"><span data-text=\"true\"> COMUNICADO PUBLICO<\/span><\/span><\/strong><\/span><\/div>\n<\/div>\n<\/div>\n<div data-contents=\"true\">\n<div class=\"\" data-block=\"true\" data-editor=\"d6oud\" data-offset-key=\"4qmlt-0-0\">\n<div class=\"_1mf _1mj\" data-offset-key=\"4qmlt-0-0\"><span style=\"font-size: 14pt;\"><strong><span data-offset-key=\"4qmlt-0-0\"><span data-text=\"true\">De: Machi Celestino C\u00f3rdova.<\/span><\/span><\/strong><\/span><\/div>\n<div class=\"_1mf _1mj\" data-offset-key=\"4qmlt-0-0\"><\/div>\n<\/div>\n<div class=\"\" data-block=\"true\" data-editor=\"d6oud\" data-offset-key=\"9doju-0-0\">\n<div class=\"_1mf _1mj\" data-offset-key=\"9doju-0-0\"><span style=\"font-size: 14pt;\" data-offset-key=\"9doju-0-0\"><span data-text=\"true\">Para todos los pueblos originarios en el mundo a todos los pueblo, mapuche y no mapuche, a la sociedad humilde.<\/span><\/span><\/div>\n<\/div>\n<div class=\"\" data-block=\"true\" data-editor=\"d6oud\" data-offset-key=\"85jjn-0-0\">\n<div class=\"_1mf _1mj\" data-offset-key=\"85jjn-0-0\"><span style=\"font-size: 14pt;\" data-offset-key=\"85jjn-0-0\"><span data-text=\"true\">Hago tomar conocimiento que a partir de hoy lunes 23 de julio del 2018 doy inicio una huelga de hambre seca en la c\u00e1rcel de Temuco ya que el estado de chile y su gobierno de turno que ha transgredido todos los l\u00edmites y est\u00e1ndares de derechos humanos tanto a nivel nacional como internacional sobre los pueblos originarios principalmente en todo lo que tiene que ver con el convenio 169 de la OIT.<\/span><\/span><\/div>\n<\/div>\n<div class=\"\" data-block=\"true\" data-editor=\"d6oud\" data-offset-key=\"arit1-0-0\">\n<div class=\"_1mf _1mj\" data-offset-key=\"arit1-0-0\"><span style=\"font-size: 14pt;\"><span data-offset-key=\"arit1-0-0\"><span data-text=\"true\">Adem\u00e1s ha t<\/span><\/span><span data-offset-key=\"arit1-0-0\"><span data-text=\"true\">ransgredido todas las recomendaciones de los distintos relatores especiales para DD.HH de las Naciones Unidas.<\/span><\/span><\/span><\/div>\n<\/div>\n<div class=\"\" data-block=\"true\" data-editor=\"d6oud\" data-offset-key=\"ajgbf-0-0\">\n<div class=\"_1mf _1mj\" data-offset-key=\"ajgbf-0-0\"><span style=\"font-size: 14pt;\" data-offset-key=\"ajgbf-0-0\"><span data-text=\"true\">Por lo que en esta oportunidad debo se\u00f1alar con un profundo convencimiento que si me ha tocado sacrificar mi vida lo hago con gusto y orgullo. <\/span><\/span><\/div>\n<div class=\"_1mf _1mj\" data-offset-key=\"ajgbf-0-0\"><span style=\"font-size: 14pt;\">\u00a0<\/span><\/div>\n<\/div>\n<div class=\"\" data-block=\"true\" data-editor=\"d6oud\" data-offset-key=\"avfoj-0-0\">\n<div class=\"_1mf _1mj\" data-offset-key=\"avfoj-0-0\"><span style=\"font-size: 14pt;\" data-offset-key=\"avfoj-0-0\"><span data-text=\"true\">Que tiene el siguiente petitorio:<\/span><\/span><\/div>\n<\/div>\n<div class=\"\" data-block=\"true\" data-editor=\"d6oud\" data-offset-key=\"fdpu8-0-0\">\n<div class=\"_1mf _1mj\" data-offset-key=\"fdpu8-0-0\"><span style=\"font-size: 14pt;\" data-offset-key=\"fdpu8-0-0\"><span data-text=\"true\">1.- Por el respeto y derechos para toda autoridad espiritual mapuche, solicito 48 horas de salida a mi Rewe URGENTE, para la renovaci\u00f3n de \u00e9ste.<\/span><\/span><\/div>\n<\/div>\n<div class=\"\" data-block=\"true\" data-editor=\"d6oud\" data-offset-key=\"7d9m2-0-0\">\n<div class=\"_1mf _1mj\" data-offset-key=\"7d9m2-0-0\"><span style=\"font-size: 14pt;\" data-offset-key=\"7d9m2-0-0\"><span data-text=\"true\">2.- Por el respeto y derecho para todos los pertenecientes a pueblos ind\u00edgenas, exijo la libertad de ejercer nuestra propia creencia espiritual y ceremonial en el interior (y exterior) de las c\u00e1rceles del pa\u00eds, cuesti\u00f3n que es igualmente URGENTE.<\/span><\/span><\/div>\n<\/div>\n<div class=\"\" data-block=\"true\" data-editor=\"d6oud\" data-offset-key=\"5gfvl-0-0\">\n<div class=\"_1mf _1mj\" data-offset-key=\"5gfvl-0-0\"><span style=\"font-size: 14pt;\" data-offset-key=\"5gfvl-0-0\"><span data-text=\"true\">3.- Derecho a habitar m\u00f3dulos exclusivos para miembros de pueblos ind\u00edgenas en las c\u00e1rceles del pa\u00eds, acorde con nuestras vidas y costumbres.<\/span><\/span><\/div>\n<\/div>\n<div class=\"\" data-block=\"true\" data-editor=\"d6oud\" data-offset-key=\"omh7-0-0\">\n<div class=\"_1mf _1mj\" data-offset-key=\"omh7-0-0\"><span style=\"font-size: 14pt;\" data-offset-key=\"omh7-0-0\"><span data-text=\"true\"> 4.-Exigir la aplicaci\u00f3n del Convenio 169 de la OIT sobre Pueblos Ind\u00edgenas.<\/span><\/span><\/div>\n<\/div>\n<div class=\"\" data-block=\"true\" data-editor=\"d6oud\" data-offset-key=\"c1nkt-0-0\">\n<div class=\"_1mf _1mj\" data-offset-key=\"c1nkt-0-0\"><span style=\"font-size: 14pt;\"><span data-offset-key=\"c1nkt-0-0\"><span data-text=\"true\">5.- La restituci\u00f3n de nuestras tierras, territorio e indemnizaci\u00f3n y compensaci\u00f3n por los da\u00f1os causados hist\u00f3rica y actualmente por actos de lesa hu<\/span><\/span><span data-offset-key=\"c1nkt-0-0\"><span data-text=\"true\">manidad por parte del Estado chileno.<\/span><\/span><\/span><\/div>\n<\/div>\n<div class=\"\" data-block=\"true\" data-editor=\"d6oud\" data-offset-key=\"817ni-0-0\">\n<div class=\"_1mf _1mj\" data-offset-key=\"817ni-0-0\"><span style=\"font-size: 14pt;\" data-offset-key=\"817ni-0-0\"><span data-text=\"true\">6- La absoluci\u00f3n de todas y todos nuestros pe\u00f1i y lamieng perseguidos pol\u00edtica y judicialmente por causa mapuche.<\/span><\/span><\/div>\n<\/div>\n<div class=\"\" data-block=\"true\" data-editor=\"d6oud\" data-offset-key=\"1vu5d-0-0\">\n<div class=\"_1mf _1mj\" data-offset-key=\"1vu5d-0-0\"><span style=\"font-size: 14pt;\" data-offset-key=\"1vu5d-0-0\"><span data-text=\"true\">Asumo esta Huelga de Hambre seca por nuestra creencia espiritual, por la vida, por la salud, por nuestra tierra, por nuestro territorio, nuestra madre naturaleza y la conservaci\u00f3n de esta. <\/span><\/span><\/div>\n<\/div>\n<div class=\"\" data-block=\"true\" data-editor=\"d6oud\" data-offset-key=\"9bimm-0-0\">\n<div class=\"_1mf _1mj\" data-offset-key=\"9bimm-0-0\"><span style=\"font-size: 14pt;\" data-offset-key=\"9bimm-0-0\"><span data-text=\"true\">Por la lealtad a nuestros antepasados, por la libertad y la dignidad de todas nuestra generaciones.<\/span><\/span><\/div>\n<\/div>\n<div class=\"\" data-block=\"true\" data-editor=\"d6oud\" data-offset-key=\"4ha02-0-0\">\n<div class=\"_1mf _1mj\" data-offset-key=\"4ha02-0-0\"><span style=\"font-size: 14pt;\" data-offset-key=\"4ha02-0-0\"><span data-text=\"true\">Por lo tanto en esta negativa de ida a mi Rewe y la tozudez de no querer dialogar los actores del estado chileno y particularmente el Gobierno de turno para poder avanzar en la resoluci\u00f3n del petitorio.<\/span><\/span><\/div>\n<\/div>\n<div class=\"\" data-block=\"true\" data-editor=\"d6oud\" data-offset-key=\"ah3od-0-0\">\n<div class=\"_1mf _1mj\" data-offset-key=\"ah3od-0-0\"><span style=\"font-size: 14pt;\" data-offset-key=\"ah3od-0-0\"><span data-text=\"true\">Ante un desenlac\u00e9 fatal y posible fallecimiento, hago responsable al Presidente de la Republica Sr. Sebasti\u00e1n Pi\u00f1era, al Ministro del Interior Sr. Andr\u00e9s Chadwick, al Ministro de Justicia Sr: Hern\u00e1n Larra\u00edn, a la directora Nacional de Gendarmer\u00eda Sra. Claudia Bendeck, al Director Regional Sr Leonardo Barrientos y al Alcaide de la c\u00e1rcel de Temuco Sr. Crist\u00f3bal Ortega. Al intendente de la Araucan\u00eda Sr: Luis Mayol y al Gobernador de Cautin Sr. Mauricio Ojeda. <\/span><\/span><\/div>\n<\/div>\n<div class=\"\" data-block=\"true\" data-editor=\"d6oud\" data-offset-key=\"1mn1r-0-0\">\n<div class=\"_1mf _1mj\" data-offset-key=\"1mn1r-0-0\"><span style=\"font-size: 14pt;\" data-offset-key=\"1mn1r-0-0\"><span data-text=\"true\">Que el Pueblo Naci\u00f3n Mapuche y toda la sociedad no Mapuche humilde recuerde que nunca debe rendirse y bajar la guardia de continuar validando sus leg\u00edtimos derechos<\/span><\/span><\/div>\n<\/div>\n<div class=\"\" data-block=\"true\" data-editor=\"d6oud\" data-offset-key=\"2gfv3-0-0\">\n<div class=\"_1mf _1mj\" data-offset-key=\"2gfv3-0-0\"><span style=\"font-size: 14pt;\" data-offset-key=\"2gfv3-0-0\"><span data-text=\"true\">Finalmente Exijo respeto y garant\u00eda de no realizar ning\u00fan tipo de intervenci\u00f3n de la medicina occidental previo y posterior a mi fallecimiento.<\/span><\/span><\/div>\n<\/div>\n<div class=\"\" data-block=\"true\" data-editor=\"d6oud\" data-offset-key=\"aqm7d-0-0\">\n<div class=\"_1mf _1mj\" data-offset-key=\"aqm7d-0-0\"><span style=\"font-size: 14pt;\" data-offset-key=\"aqm7d-0-0\"><span data-text=\"true\">Atentamente<\/span><\/span><\/div>\n<\/div>\n<div class=\"\" data-block=\"true\" data-editor=\"d6oud\" data-offset-key=\"809jr-0-0\">\n<div class=\"_1mf _1mj\" data-offset-key=\"809jr-0-0\"><span style=\"font-size: 14pt;\" data-offset-key=\"809jr-0-0\"><span data-text=\"true\">Machi Celestino C\u00f3rdova Transito<\/span><\/span><\/div>\n<\/div>\n<div class=\"\" data-block=\"true\" data-editor=\"d6oud\" data-offset-key=\"5jbj-0-0\">\n<div class=\"_1mf _1mj\" data-offset-key=\"5jbj-0-0\"><span style=\"font-size: 14pt;\" data-offset-key=\"5jbj-0-0\"><span data-text=\"true\">Privado de Libertad por Causa Mapuche<\/span><\/span><\/div>\n<\/div>\n<\/div>\n<div class=\"_1mf _1mj\" data-offset-key=\"5jbj-0-0\"><\/div>\n<div class=\"_1mf _1mj\" data-offset-key=\"5jbj-0-0\"><\/div>\n<div class=\"_1mf _1mj\" data-offset-key=\"5jbj-0-0\"><\/div>\n<div class=\"_1mf _1mj\" data-offset-key=\"5jbj-0-0\"><em><span style=\"font-size: 14pt;\"><strong>En apoyo al pedido del machi se esta realizando y convocando a una <span style=\"font-size: 18pt;\">huelga de hambre colectiva<\/span>. Cada vez son m\u00e1s las personas que se suman a esta medida radical de presi\u00f3n y el estado sigue negando este derecho fundamental. En el video palabras de los huelguistas.<\/strong><\/span><\/em><\/div>\n<div class=\"_1mf _1mj\" data-offset-key=\"5jbj-0-0\"><\/div>\n<div class=\"_1mf _1mj\" data-offset-key=\"5jbj-0-0\">\n<div style=\"width: 800px;\" class=\"wp-video\"><video class=\"wp-video-shortcode\" id=\"video-6217-1\" width=\"800\" height=\"450\" preload=\"metadata\" controls=\"controls\"><source type=\"video\/mp4\" src=\"https:\/\/zumbalaturba.com.ar\/wp-content\/uploads\/2018\/07\/WhatsApp-Video-2018-07-23-at-19.37.35.mp4?_=1\" \/><a href=\"https:\/\/zumbalaturba.com.ar\/wp-content\/uploads\/2018\/07\/WhatsApp-Video-2018-07-23-at-19.37.35.mp4\">https:\/\/zumbalaturba.com.ar\/wp-content\/uploads\/2018\/07\/WhatsApp-Video-2018-07-23-at-19.37.35.mp4<\/a><\/video><\/div>\n<\/div>\n<div data-contents=\"true\">\n<p>&nbsp;<\/p>\n<div class=\"_1mf _1mj\" style=\"text-align: center;\" data-offset-key=\"5jbj-0-0\"><img decoding=\"async\" class=\"wp-image-6134 aligncenter\" src=\"https:\/\/zumbalaturba.com.ar\/wp-content\/uploads\/2018\/07\/31387990_1673773056046116_1848821938050116556_n-242x300.jpg\" alt=\"31387990_1673773056046116_1848821938050116556_n\" width=\"376\" height=\"466\" srcset=\"https:\/\/zumbalaturba.com.ar\/wp-content\/uploads\/2018\/07\/31387990_1673773056046116_1848821938050116556_n-242x300.jpg 242w, https:\/\/zumbalaturba.com.ar\/wp-content\/uploads\/2018\/07\/31387990_1673773056046116_1848821938050116556_n.jpg 337w\" sizes=\"(max-width: 376px) 100vw, 376px\" \/><\/div>\n<\/div>\n<div class=\"_1mf _1mj\" style=\"text-align: center;\" data-offset-key=\"5jbj-0-0\"><\/div>\n<div data-contents=\"true\">\n<div class=\"_1mf _1mj\" data-offset-key=\"5jbj-0-0\"><img decoding=\"async\" class=\"wp-image-6218 aligncenter\" src=\"https:\/\/zumbalaturba.com.ar\/wp-content\/uploads\/2018\/07\/WhatsApp-Image-2018-07-23-at-17.28.20-300x293.jpeg\" alt=\"WhatsApp Image 2018-07-23 at 17.28.20\" width=\"426\" height=\"416\" srcset=\"https:\/\/zumbalaturba.com.ar\/wp-content\/uploads\/2018\/07\/WhatsApp-Image-2018-07-23-at-17.28.20-300x293.jpeg 300w, https:\/\/zumbalaturba.com.ar\/wp-content\/uploads\/2018\/07\/WhatsApp-Image-2018-07-23-at-17.28.20-768x751.jpeg 768w, https:\/\/zumbalaturba.com.ar\/wp-content\/uploads\/2018\/07\/WhatsApp-Image-2018-07-23-at-17.28.20.jpeg 819w\" sizes=\"(max-width: 426px) 100vw, 426px\" \/><\/div>\n<div class=\"_1mf _1mj\" data-offset-key=\"5jbj-0-0\"><\/div>\n<div class=\"_1mf _1mj\" style=\"text-align: center;\" data-offset-key=\"5jbj-0-0\">\n<div class=\"_1mf _1mj\" data-offset-key=\"5jbj-0-0\"><\/div>\n<div class=\"_1mf _1mj\" data-offset-key=\"5jbj-0-0\"><\/div>\n<div class=\"_1mf _1mj\" data-offset-key=\"5jbj-0-0\"><span style=\"font-size: 14pt;\"><strong>LIBERTAD A TODXS LXS PRESXS POLITICXS MAPUCHE<\/strong><\/span><\/div>\n<div class=\"_1mf _1mj\" data-offset-key=\"5jbj-0-0\"><span style=\"font-size: 14pt;\"><strong>BASTA DE REPRESI\u00d3N A LOS PUEBLOS ORIGINARIOS<\/strong><\/span><\/div>\n<div class=\"_1mf _1mj\" data-offset-key=\"5jbj-0-0\"><span style=\"font-size: 14pt;\"><strong>SOLIDARIDAD CON LXS PRESXS DEL MUNDO<\/strong><\/span><\/div>\n<div class=\"_1mf _1mj\" data-offset-key=\"5jbj-0-0\"><span style=\"font-size: 14pt;\"><strong>POR EL DERECHO A LA ESPIRITUALIDAD<\/strong><\/span><\/div>\n<div class=\"_1mf _1mj\" data-offset-key=\"5jbj-0-0\"><span style=\"font-size: 14pt;\"><strong>MACHI CELESTINO A SU REWE X 48HRS<\/strong><\/span><\/div>\n<div class=\"_1mf _1mj\" data-offset-key=\"5jbj-0-0\"><\/div>\n<div class=\"_1mf _1mj\" style=\"text-align: left;\" data-offset-key=\"5jbj-0-0\"><\/div>\n<div class=\"\" style=\"text-align: left;\" data-block=\"true\" data-editor=\"d6oud\" data-offset-key=\"5jbj-0-0\"><span style=\"font-size: 14pt;\"><strong>Mas informaci\u00f3n sobre el caso en la siguiente nota:<\/strong><\/span><\/div>\n<div class=\"\" style=\"text-align: left;\" data-block=\"true\" data-editor=\"d6oud\" data-offset-key=\"5jbj-0-0\"><span style=\"font-size: 14pt;\"><strong>https:\/\/zumbalaturba.com.ar\/?p=6131<\/strong><\/span><\/div>\n<\/div>\n<\/div>\n<div class='share-to-whatsapp-wrapper'><div class='share-on-whsp'>Share on: <\/div><div class='clear '><\/div><\/div>","protected":false},"excerpt":{"rendered":"<p>Desde la c\u00e1rcel de Temuco Novena Regi\u00f3n de la Araucan\u00eda 23 de julio del 2018 COMUNICADO PUBLICO De: Machi Celestino C\u00f3rdova. Para todos los pueblos originarios en el mundo a todos los pueblo, mapuche y no mapuche, a la sociedad humilde. Hago tomar conocimiento que a partir de hoy lunes 23 de julio del 2018 [&hellip;]<\/p>\n","protected":false},"author":18,"featured_media":6220,"comment_status":"open","ping_status":"open","sticky":false,"template":"","format":"standard","meta":{"footnotes":""},"categories":[38,39,15,1191,42,3],"tags":[1036,1029,912,1035],"class_list":["post-6217","post","type-post","status-publish","format-standard","has-post-thumbnail","hentry","category-anticarcelario-antrepresivo","category-cordoba-originaria","category-la-zumba","category-luchas-por-el-territorio","category-pueblosoriginarios","category-rnma","tag-huelga-de-hambre","tag-machi-celestino","tag-mapuche","tag-rewe"],"_links":{"self":[{"href":"https:\/\/zumbalaturba.com.ar\/index.php?rest_route=\/wp\/v2\/posts\/6217","targetHints":{"allow":["GET"]}}],"collection":[{"href":"https:\/\/zumbalaturba.com.ar\/index.php?rest_route=\/wp\/v2\/posts"}],"about":[{"href":"https:\/\/zumbalaturba.com.ar\/index.php?rest_route=\/wp\/v2\/types\/post"}],"author":[{"embeddable":true,"href":"https:\/\/zumbalaturba.com.ar\/index.php?rest_route=\/wp\/v2\/users\/18"}],"replies":[{"embeddable":true,"href":"https:\/\/zumbalaturba.com.ar\/index.php?rest_route=%2Fwp%2Fv2%2Fcomments&post=6217"}],"version-history":[{"count":0,"href":"https:\/\/zumbalaturba.com.ar\/index.php?rest_route=\/wp\/v2\/posts\/6217\/revisions"}],"wp:featuredmedia":[{"embeddable":true,"href":"https:\/\/zumbalaturba.com.ar\/index.php?rest_route=\/wp\/v2\/media\/6220"}],"wp:attachment":[{"href":"https:\/\/zumbalaturba.com.ar\/index.php?rest_route=%2Fwp%2Fv2%2Fmedia&parent=6217"}],"wp:term":[{"taxonomy":"category","embeddable":true,"href":"https:\/\/zumbalaturba.com.ar\/index.php?rest_route=%2Fwp%2Fv2%2Fcategories&post=6217"},{"taxonomy":"post_tag","embeddable":true,"href":"https:\/\/zumbalaturba.com.ar\/index.php?rest_route=%2Fwp%2Fv2%2Ftags&post=6217"}],"curies":[{"name":"wp","href":"https:\/\/api.w.org\/{rel}","templated":true}]}}