{"id":6227,"date":"2018-08-10T04:43:41","date_gmt":"2018-08-10T07:43:41","guid":{"rendered":"http:\/\/zumbalaturba.com.ar\/?p=6227"},"modified":"2023-07-22T17:37:52","modified_gmt":"2023-07-22T20:37:52","slug":"fuerza-mapuche-machi-celestino-cordova-es-trasladado-a-su-rewe-comunicados","status":"publish","type":"post","link":"https:\/\/zumbalaturba.com.ar\/?p=6227","title":{"rendered":"FUERZA MAPUCHE: MACHI CELESTINO CORDOVA ES TRASLADADO A SU REWE [COMUNICADOS]"},"content":{"rendered":"<div data-contents=\"true\">\n<div class=\"\" data-block=\"true\" data-editor=\"4tm27\" data-offset-key=\"7d8ft-0-0\">\n<div class=\"_1mf _1mj\" data-offset-key=\"7d8ft-0-0\">\n<p style=\"text-align: center;\"><span style=\"font-size: 14pt;\">Tras una lucha hist\u00f3rica del pueblo mapuche y la comunidad consciente. El estado Chileno cedi\u00f3 y autoriz\u00f3 la ida al rewe (sitio ceremonial) del Machi Celestino Cordova. El pasado 27 de Julio el Machi realiz\u00f3 su ceremonia.<\/span><\/p>\n<p style=\"text-align: center;\"><strong><span style=\"font-size: 14pt;\"> <span data-offset-key=\"7d8ft-0-0\"><span data-text=\"true\"> Gracias a todxs lxs que aportaron en esta lucha e hicieron que esto sea posible.\u00a0<\/span><\/span><\/span><\/strong><\/p>\n<p style=\"text-align: center;\"><strong><span style=\"font-size: 14pt;\"><span data-offset-key=\"7d8ft-0-0\"><span data-text=\"true\"> NO OLVIDAR DE DONDE VENIMOS Y LA SABIDUR\u00cdA DA LA NATURALEZA <\/span><\/span><\/span><\/strong><\/p>\n<p style=\"text-align: center;\"><span style=\"font-size: 14pt;\"><span data-offset-key=\"7d8ft-0-0\"><span data-text=\"true\"><strong>NO M\u00c1S PRESXS POR DEFENDER LA MAPU (TIERRA)<\/strong> <\/span><\/span><\/span><\/p>\n<p><strong>COMUNICADO PUBLICO <\/strong><br \/>\n<strong> NUEVA IMPERIAL 27 JULIO 2018<\/strong><br \/>\nMari mari kom pu lamieng ka kom pu wenuy,<br \/>\nAntes que todo saludar y agradecer a nuestro Kar\u00fcl Wenu Mapu Chaw, y al orden natural, a todas la fuerzas espirituales y ancestrales a todos los Lof Mapu y Comunidades en Resistencia del Wall Mapu, a las Autoridades Espirituales y ancestrales de nuestro pueblo, a los Machi, Lonko, Werken, a los lamieng que se sumaron a la Huelga de Hambre en distintos territorios,<span class=\"text_exposed_show\"> a todos los Pueblos originarios de Chile y el Mundo, a los distintos Credos , sectores urbanos, no mapuche, organizaciones, profesionales, estudiantes, Comisiones y Observadores de DD.HH. nacionales e internacionales, familiares, amigos de las y los privados de libertad , a los estudiantes, a los no mapuche que apoyaron activamente y se hicieron parte de las justas demandas y causa mapuche, a la sociedad humilde en general .<br \/>\nSe agradece infinitamente el cari\u00f1o, la generosidad y la solidaridad, se agradece toda la movilizaci\u00f3n de cada uno de nuestros lamieng en cada lugar en que estuvieron y el gran aporte a nuestra justa demanda, a los del campo y la ciudad a nivel nacional e internacional<br \/>\nEl d\u00eda de 27 de Julio del 2018 nuestro machi Celestino C\u00f3rdova ha decidido DEPONER LA HUELGA DE HAMBRE.<br \/>\nDecir que el Derecho a la Salud y a ejercer su Espiritualidad SE HA LOGRADO, que este es un triunfo principalmente del machi Celestino, de su familia y todo el pueblo Mapuche y no Mapuche .Hoy hemos podido avanzar en la mejora de la situaci\u00f3n carcelaria, a\u00fan estamos tratando de terminar de consensuar la salida de nuestro machi .a su Rewe, esperamos que prontamente se resuelva y realice.<br \/>\nPor ultimo hacemos un llamado a continuar apoyando y solidarizando con los hermanos Pablo y Benito Trangol quienes a\u00fan contin\u00faan en Huelga de Hambre por la Anulaci\u00f3n del proceso que los condeno con testigos sin rostro&#8230;<br \/>\nHoy hemos avanzado en el respeto a los Derechos de nuestro Machi lo que le permitir\u00e1 fortalecerse a \u00e9l y a todos nosotros. A\u00fan nos queda seguir luchando por los derechos de todo el pueblo Mapuche y en ese camino seguiremos empujando.<br \/>\n\u201cQue el Pueblo Naci\u00f3n Mapuche y toda la sociedad no Mapuche humilde recuerde que nunca debe rendirse y bajar la guardia de continuar validando sus leg\u00edtimos derechos\u201d.(Machi Celestino Cordova.)<br \/>\nChaltumay pu lamieng.<br \/>\nFamiliares,Voceria,Amigos y Red de Apoyo .<br \/>\nMACHI CELESTINO DE VUELTA A SU REWE AHORA\u2026!!!<br \/>\nNO A LA LEY ANITERRORISTA..!!!<br \/>\nLIBERTAD A TODOS LOS PRIVADOS DE LIBERTAD POR CAUSA MAPUCHE\u2026!!!<\/span><\/p>\n<\/div>\n<div class=\"_1mf _1mj\" data-offset-key=\"7d8ft-0-0\">\n<p>&nbsp;<\/p>\n<p><strong>COMUNICADO PUBLICO<\/strong><\/p>\n<p><strong>URGENTE DIFUNDIR MACHI CELESTINO CORDOVA ES TRASLADADO A LA C\u00c1RCEL DE TEMUCO<\/strong><br \/>\n<strong>Nueva Imperial 9 de Agosto del 2018.<\/strong><img fetchpriority=\"high\" decoding=\"async\" class=\" wp-image-6356 alignright\" src=\"https:\/\/zumbalaturba.com.ar\/wp-content\/uploads\/2018\/08\/38765878_2067168590265757_1350174238522212352_o-300x169.jpg\" alt=\"38765878_2067168590265757_1350174238522212352_o\" width=\"367\" height=\"207\" srcset=\"https:\/\/zumbalaturba.com.ar\/wp-content\/uploads\/2018\/08\/38765878_2067168590265757_1350174238522212352_o-300x169.jpg 300w, https:\/\/zumbalaturba.com.ar\/wp-content\/uploads\/2018\/08\/38765878_2067168590265757_1350174238522212352_o-768x432.jpg 768w, https:\/\/zumbalaturba.com.ar\/wp-content\/uploads\/2018\/08\/38765878_2067168590265757_1350174238522212352_o-1024x576.jpg 1024w, https:\/\/zumbalaturba.com.ar\/wp-content\/uploads\/2018\/08\/38765878_2067168590265757_1350174238522212352_o.jpg 1280w\" sizes=\"(max-width: 367px) 100vw, 367px\" \/><br \/>\nMari mari kom pu che,Kom pu wenuy, a todos n<span class=\"text_exposed_show\">uestros hermanos mapuche y no mapuche, en horas de esta tarde ha sido trasladado de vuelta desde el Hospital Intercultural de Nueva Imperial a la <\/span><span class=\"text_exposed_show\">c\u00e1rc<\/span><span class=\"text_exposed_show\">el de Temuco y luego de haber bajado la huelga de hambre el d\u00eda 28 de julio del presente a\u00f1o, mismo d\u00eda que pudo por fin visitar su Rewe queremos recordar que:<br \/>\n1.- El petitorio de la huelga de hambre que sostuvo nuestro machi de 102 + 57 liquida y 3 d\u00edas de huelga seca, vino a englobar una lucha que trasciende la propia individualidad del mach<\/span><span class=\"text_exposed_show\">i y consider\u00f3 demandas hist\u00f3ricas del pueblo mapuche y no se queda ah\u00ed, sino que tambi\u00e9n, consider\u00f3 la situaci\u00f3n carcelaria de todos los internos de origen mapuche y de pueblos ind\u00edgenas. Elev\u00f3 la cr\u00edtica desde un plano pol\u00edtico-espiritual que instal\u00f3 en la palestra el respeto a los derechos fundamentales como es la salud mapuche y el libre ejercicio espiritual al interior de la c\u00e1rce<\/span><img decoding=\"async\" class=\"alignleft wp-image-6358\" src=\"https:\/\/zumbalaturba.com.ar\/wp-content\/uploads\/2018\/08\/foto_0000000120180728195551-300x169.jpg\" alt=\"foto_0000000120180728195551\" width=\"351\" height=\"198\" srcset=\"https:\/\/zumbalaturba.com.ar\/wp-content\/uploads\/2018\/08\/foto_0000000120180728195551-300x169.jpg 300w, https:\/\/zumbalaturba.com.ar\/wp-content\/uploads\/2018\/08\/foto_0000000120180728195551-768x433.jpg 768w, https:\/\/zumbalaturba.com.ar\/wp-content\/uploads\/2018\/08\/foto_0000000120180728195551-1024x577.jpg 1024w, https:\/\/zumbalaturba.com.ar\/wp-content\/uploads\/2018\/08\/foto_0000000120180728195551.jpg 1128w\" sizes=\"(max-width: 351px) 100vw, 351px\" \/><span class=\"text_exposed_show\">l, por ello que queremos exponer nuevamente el petitorio de nuestro machi, para que lo hagan suyo:<br \/>\nKi\u00f1e: Por el respeto y derechos para t<\/span><span class=\"text_exposed_show\">oda autoridad espiritual mapuche, solicito 48 <\/span><span class=\"text_exposed_show\">horas de salida a mi Rewe en forma urgente, para la renovaci\u00f3n de <\/span><span class=\"text_exposed_show\">\u00e9ste<\/span><span class=\"text_exposed_show\">; que si bien se realiz\u00f3 el cambio de Rewe la visita a este solo fue 14 horas y con un m\u00ednimo de personas y con un fuerte resguardo policial comunicarles que esta Ceremonia sirvi\u00f3 solo como paliativo al Machi kutrang que aqueja a nuestra autoridad <\/span><span class=\"text_exposed_show\">espiritual , ya que el Machitun no se pudo realizar por problemas de tiempo y por no contar con todas las personas necesarias para dicha ceremonia por lo tanto esta quedo en veremos.<br \/>\nEpu: Por el respeto y derecho para todos los pertenecientes a pueblos ind\u00edgenas, exijo la libertad d<\/span><img decoding=\"async\" class=\"alignleft wp-image-6360\" src=\"https:\/\/zumbalaturba.com.ar\/wp-content\/uploads\/2018\/08\/x480-UZ--300x169.jpg\" alt=\"x480-UZ-\" width=\"351\" height=\"198\" srcset=\"https:\/\/zumbalaturba.com.ar\/wp-content\/uploads\/2018\/08\/x480-UZ--300x169.jpg 300w, https:\/\/zumbalaturba.com.ar\/wp-content\/uploads\/2018\/08\/x480-UZ--768x432.jpg 768w, https:\/\/zumbalaturba.com.ar\/wp-content\/uploads\/2018\/08\/x480-UZ-.jpg 854w\" sizes=\"(max-width: 351px) 100vw, 351px\" \/><span class=\"text_exposed_show\">e ejercer nuestra propia creencia espiritual y ceremonial en el interior (y exterior) de las c\u00e1rceles del pa\u00eds, cuesti\u00f3n que es igualmente urgente;<br \/>\nK\u00fcla: Derecho a habitar m\u00f3d<\/span><span class=\"text_exposed_show\">ulos exclusivos para miembros de pueblos ind\u00edgenas en las c\u00e1rceles del pa\u00eds, acorde con nuestras vidas y costumbres.<br \/>\nMeli: Exigir la aplicaci\u00f3n del Convenio 169 de la OIT sobre Pueblos Ind\u00edgenas.<br \/>\nKechu: La restituci\u00f3n de nuestras tierras, territorio e indemnizaci\u00f3n y compensaci\u00f3n por los da\u00f1os causados hist\u00f3rica y actualmente por actos de lesa humanidad por parte del Estado chileno<br \/>\nKayu: La absoluci\u00f3n de todas y todos nuestras lamieng perseguidos pol\u00edtica y judicialmente por causa mapuche<br \/>\n2- Hoy va de vuelta a la c\u00e1rcel con la moral en alto, con su Newen fortalecido y firme en sus convicciones. Hoy hacemos la exigencia al Estado Chileno, el Gobierno de turno y sus instituciones, que de una vez por todas resuelvan el punto del petitorio en beneficio de todos los privados de libertad.<br \/>\n3.- Hacemos un llamado a seguir peleando por la libertad de los Hermanos Pablo y Benito Trangol, y de todos los privados de libertad por causa mapuche. No podemos seguir aceptando las aberraciones judiciales, la ley antiterrorista, la militarizaci\u00f3n de nuestros territorios y la impunidad con la que se mueve el poder judicial y los organismos de seguridad.<br \/>\nKom pu lamngen nuevamente agradecer a los movimientos sociales, organizaciones mapuche y no mapuche, a las comunidades en resistencia, a los diversos credos y a las personas naturales que se articularon en funci\u00f3n del petitorio de nuestro machi. Lo que gener\u00f3 el despertar de nuestra espiritualidad, la transversalidad de la demanda desde diversos sectores, el cari\u00f1o, el empuje y el compromiso de llegar hasta el final, sin duda todo lo anterior es un logro importante de todos y que tiene la huella del Machi Celestino C\u00f3rdova.<br \/>\nLos invitamos a seguir avanzando en la defensa de todos nuestros derechos, territorio y su biodiversidad.<br \/>\nEn un mediano plazo comenzaran nuevamente las movilizaciones y los emplazamos a seguir apoyando el petitorio de nuestra autoridad ancestral Machi Celestino C\u00f3rdova, y los convidamos a visitarlo en la c\u00e1rcel de hombres de Temuco los d\u00edas Lunes y Viernes de 10.00 a 15.30 horas. <\/span><\/p>\n<div class=\"text_exposed_show\">\n<p>RESISTENCIA NO ES TERRORISMO..!! NO A LA MILITARIZACION DEL TERRITORIO ANCESTRAL..!!<br \/>\nPABLO Y BENITO TRANGOL EN HUELGA DE HAMBRE..!!<br \/>\nLIBERTAD A TODOS LOS PRIVADOS DE LIBERTAD POR CAUSA MAPUCHE \u00a1\u00a1<br \/>\nNO A LA LEY ANTITERRORISTA \u00a1\u00a1<br \/>\nFUERA LAS FORESTALES Y EMPRESAS EXTRACTIVISTAS DE TERRITORIO MAPUCHE \u00a1\u00a1<br \/>\nRESPETO Y DIGNIDAD PARA NUESTROS NI\u00d1OS, MUJERES, HOMBRES Y ANCIANOS MAPUCHE \u00a1\u00a1<br \/>\nAMULEPE TAI\u00d1 WEICHAN ,WEIWAI\u00d1 \u00a1\u00a1<br \/>\nMARICHIWEW MARICHIWEW \u00a1\u00a1\u00a1<br \/>\nTXI PATUPE TAI\u00d1 MACHI CELESTINO CORDOVA, WI\u00d1OY TAMI REWE FEWLA\u00a1\u00a1\u00a1\u00a1<br \/>\nFamiliares, Vocer\u00eda, Amigos y Red de apoyo al Machi Celestino C\u00f3rdova<br \/>\nNueva Imperial 9 de Agosto del 2018.<\/p>\n<\/div>\n<p>&nbsp;<\/p>\n<p style=\"text-align: center;\"><span data-offset-key=\"7d8ft-0-0\"><span data-offset-key=\"7d8ft-0-0\"><span data-text=\"true\"><strong>Desde el colectivo radia Cordoba Originaria abrazamos, acompa\u00f1amos y agradecemos infinitamente a lxs hermanxs que lucharon por defender la libertad, por tanto newen, sus manifestaciones, acciones, ceremonias lograron que esto ocurra.<\/strong><\/span><\/span><\/span><\/p>\n<p style=\"text-align: center;\"><span data-offset-key=\"7d8ft-0-0\"><span data-offset-key=\"7d8ft-0-0\"><span data-text=\"true\"><strong><span style=\"font-size: 18pt;\">&#8220;Escrito para la descolonizaci\u00f3n&#8221;<\/span><\/strong><br \/>\n<\/span><\/span><\/span><em>Hay un llamado opacado y no de alguna telef\u00f3nica<\/em><\/p>\n<p style=\"text-align: center;\"><em>Sino de una vibraci\u00f3n que sale de los \u00e1rboles y esa serpiente que mueve los r\u00edos y te mira desde los mares<\/em><\/p>\n<p style=\"text-align: center;\"><em>Es una forma de habitar la vida<\/em><\/p>\n<p style=\"text-align: center;\"><em>Una mirada que muchxs quieres esquivar<\/em><\/p>\n<p style=\"text-align: center;\"><em>\u00a1Pero ya no da m\u00e1s !<\/em><\/p>\n<p style=\"text-align: center;\"><em>Es esencial entendernos de una vez y descubrir nuestra historia<\/em><\/p>\n<p style=\"text-align: center;\"><em>La historia de nuestra tierra<\/em><\/p>\n<p style=\"text-align: center;\"><em>Muchos cuentos vienen de los castillos,de los estados, de cuentas, las balas, las medallas de sangre, las ciudades.<\/em><\/p>\n<p style=\"text-align: center;\"><em>Pero esa no es nuestra verdad.<\/em><\/p>\n<p style=\"text-align: center;\"><em>Es simple y comparto:<\/em><\/p>\n<p style=\"text-align: center;\"><em>Si eres de\u00a0 \u00c1frica, Palestina, el Caribe,\u00a0 Abya Yala, Latinoamerica,wallmapu o el extremo sur continental y no eres de una familia poderosa<\/em><\/p>\n<p style=\"text-align: center;\"><em>Entre todo lo que eres<\/em><\/p>\n<p style=\"text-align: center;\"><em>Tambi\u00e9n eres mapuche, qom diaguita, kiche o lo que corresponda<\/em><\/p>\n<p style=\"text-align: center;\"><em>y por sobre todo: Parte de una geograf\u00eda oprimida, parte de un continente estrangulado<\/em><\/p>\n<p style=\"text-align: center;\"><em>De primer momento puede parecer DESCONCERTADOR<\/em><\/p>\n<p style=\"text-align: center;\"><em>Y dif\u00edcil de asumir, porque nos moldearon ajeno<\/em><\/p>\n<p style=\"text-align: center;\"><em>Pero, Si \u00a0pasamos ese umbral de indiferencia y rechazo<\/em><\/p>\n<p style=\"text-align: center;\"><em>Descubriremos que es la m\u00e1s grande dicha<\/em><\/p>\n<p style=\"text-align: center;\"><em>Porque tenemos m\u00e1s de 10.000 a\u00f1os de sabidur\u00eda ancestral<\/em><\/p>\n<p style=\"text-align: center;\"><em>Tenemos kimun del bosque y el mensaje de los p\u00e1jaros<\/em><\/p>\n<p style=\"text-align: center;\"><em>Newen de los m\u00e1s grandes guerrerxs, sanadores, \u00f1a\u00f1as ka wenuy<\/em><\/p>\n<p style=\"text-align: center;\"><em>Descubrir\u00e1s que con las plantas te puedes sanar<\/em><\/p>\n<p style=\"text-align: center;\"><em>Que todo es circular<\/em><\/p>\n<p style=\"text-align: center;\"><em>Y que la ciencia nunca dejar\u00e1 de ser solo una hip\u00f3tesis, NUNKA<\/em><\/p>\n<p style=\"text-align: center;\"><em>Hip\u00f3tesis de locos y de reyes par\u00e1sitos<\/em><\/p>\n<p style=\"text-align: center;\"><em><span data-offset-key=\"7d8ft-0-0\"><span data-offset-key=\"7d8ft-0-0\"><span data-text=\"true\"><br \/>\n<\/span><\/span><\/span>Por nuestros ancestros<\/em><\/p>\n<p style=\"text-align: center;\"><em>Porque este sistema de opresi\u00f3n se deshaga entre las hiedras<\/em><\/p>\n<p style=\"text-align: center;\"><em>Que impulse los terremotos, que caliente los volcanes \u00a0y solo quede un eco<\/em><\/p>\n<p style=\"text-align: center;\"><em>Una historia quiz\u00e1s<\/em><\/p>\n<p style=\"text-align: center;\"><em>Pero al menos, ya que estamos ac\u00e1 hagamos algo <\/em><\/p>\n<p style=\"text-align: center;\"><em>escuchemos al viento<\/em><\/p>\n<p style=\"text-align: center;\"><em>Y es simple..<\/em><\/p>\n<p style=\"text-align: center;\"><em>Si sabemos cosmovisi\u00f3n mapuche o de cualquier cultura ancestral<\/em><\/p>\n<p style=\"text-align: center;\"><em>El imperio se CAE, fuerte, se desploma.<\/em><\/p>\n<p style=\"text-align: center;\"><em>Y de pronto el viento ya no solo sopla sino que HABLA Y ABRAZA<\/em><\/p>\n<p style=\"text-align: center;\"><em>Tiene mucho que decir. Escuchale y se valiente<\/em><\/p>\n<p style=\"text-align: center;\"><em>\u00bfAcaso no te da curiosidad?. RECORDEMOS POR FAVOR, EST\u00c1 AH\u00cd EN TU PIWKE<\/em><\/p>\n<p style=\"text-align: center;\">NEWENTULEAYMUNFRENTEN NEWEN<\/p>\n<p style=\"text-align: center;\">MA\u00d1UN POR TODO LO APRENDIDO<\/p>\n<p style=\"text-align: center;\">LIBERTAD A LXS PREXS POR LUCHAR<\/p>\n<p style=\"text-align: center;\">\u00a1MARICHIWEU.<\/p>\n<\/div>\n<div class=\"_1mf _1mj\" data-offset-key=\"7d8ft-0-0\"><img loading=\"lazy\" decoding=\"async\" class=\"wp-image-6359 aligncenter\" src=\"https:\/\/zumbalaturba.com.ar\/wp-content\/uploads\/2018\/08\/kyufi-kimun-300x64.jpg\" alt=\"kyufi-kimun\" width=\"572\" height=\"122\" srcset=\"https:\/\/zumbalaturba.com.ar\/wp-content\/uploads\/2018\/08\/kyufi-kimun-300x64.jpg 300w, https:\/\/zumbalaturba.com.ar\/wp-content\/uploads\/2018\/08\/kyufi-kimun-768x164.jpg 768w, https:\/\/zumbalaturba.com.ar\/wp-content\/uploads\/2018\/08\/kyufi-kimun-1024x219.jpg 1024w, https:\/\/zumbalaturba.com.ar\/wp-content\/uploads\/2018\/08\/kyufi-kimun.jpg 1170w\" sizes=\"(max-width: 572px) 100vw, 572px\" \/><\/div>\n<div class=\"_1mf _1mj\" data-offset-key=\"7d8ft-0-0\"><\/div>\n<div class=\"_1mf _1mj\" data-offset-key=\"7d8ft-0-0\"><img loading=\"lazy\" decoding=\"async\" class=\" wp-image-6355 aligncenter\" src=\"https:\/\/zumbalaturba.com.ar\/wp-content\/uploads\/2018\/08\/37940076_685627888437643_4049650235910127616_n-300x183.jpg\" alt=\"37940076_685627888437643_4049650235910127616_n\" width=\"477\" height=\"291\" srcset=\"https:\/\/zumbalaturba.com.ar\/wp-content\/uploads\/2018\/08\/37940076_685627888437643_4049650235910127616_n-300x183.jpg 300w, https:\/\/zumbalaturba.com.ar\/wp-content\/uploads\/2018\/08\/37940076_685627888437643_4049650235910127616_n.jpg 460w\" sizes=\"(max-width: 477px) 100vw, 477px\" \/><\/div>\n<\/div>\n<\/div>\n<div class='share-to-whatsapp-wrapper'><div class='share-on-whsp'>Share on: <\/div><div class='clear '><\/div><\/div>","protected":false},"excerpt":{"rendered":"<p>Tras una lucha hist\u00f3rica del pueblo mapuche y la comunidad consciente. El estado Chileno cedi\u00f3 y autoriz\u00f3 la ida al rewe (sitio ceremonial) del Machi Celestino Cordova. El pasado 27 de Julio el Machi realiz\u00f3 su ceremonia. Gracias a todxs lxs que aportaron en esta lucha e hicieron que esto sea posible.\u00a0 NO OLVIDAR DE [&hellip;]<\/p>\n","protected":false},"author":18,"featured_media":6354,"comment_status":"open","ping_status":"open","sticky":false,"template":"","format":"standard","meta":{"footnotes":""},"categories":[39,1191,42,3],"tags":[1029,912,342,1035],"class_list":["post-6227","post","type-post","status-publish","format-standard","has-post-thumbnail","hentry","category-cordoba-originaria","category-luchas-por-el-territorio","category-pueblosoriginarios","category-rnma","tag-machi-celestino","tag-mapuche","tag-presos-politicos","tag-rewe"],"_links":{"self":[{"href":"https:\/\/zumbalaturba.com.ar\/index.php?rest_route=\/wp\/v2\/posts\/6227","targetHints":{"allow":["GET"]}}],"collection":[{"href":"https:\/\/zumbalaturba.com.ar\/index.php?rest_route=\/wp\/v2\/posts"}],"about":[{"href":"https:\/\/zumbalaturba.com.ar\/index.php?rest_route=\/wp\/v2\/types\/post"}],"author":[{"embeddable":true,"href":"https:\/\/zumbalaturba.com.ar\/index.php?rest_route=\/wp\/v2\/users\/18"}],"replies":[{"embeddable":true,"href":"https:\/\/zumbalaturba.com.ar\/index.php?rest_route=%2Fwp%2Fv2%2Fcomments&post=6227"}],"version-history":[{"count":0,"href":"https:\/\/zumbalaturba.com.ar\/index.php?rest_route=\/wp\/v2\/posts\/6227\/revisions"}],"wp:featuredmedia":[{"embeddable":true,"href":"https:\/\/zumbalaturba.com.ar\/index.php?rest_route=\/wp\/v2\/media\/6354"}],"wp:attachment":[{"href":"https:\/\/zumbalaturba.com.ar\/index.php?rest_route=%2Fwp%2Fv2%2Fmedia&parent=6227"}],"wp:term":[{"taxonomy":"category","embeddable":true,"href":"https:\/\/zumbalaturba.com.ar\/index.php?rest_route=%2Fwp%2Fv2%2Fcategories&post=6227"},{"taxonomy":"post_tag","embeddable":true,"href":"https:\/\/zumbalaturba.com.ar\/index.php?rest_route=%2Fwp%2Fv2%2Ftags&post=6227"}],"curies":[{"name":"wp","href":"https:\/\/api.w.org\/{rel}","templated":true}]}}