{"id":6299,"date":"2018-08-05T21:24:18","date_gmt":"2018-08-05T21:24:18","guid":{"rendered":"http:\/\/zumbalaturba.com.ar\/?p=6299"},"modified":"2018-08-05T21:24:18","modified_gmt":"2018-08-05T21:24:18","slug":"la-musica-el-credo-y-los-fragmentos-apocrifos","status":"publish","type":"post","link":"https:\/\/zumbalaturba.com.ar\/?p=6299","title":{"rendered":"La m\u00fasica, el credo y los fragmentos ap\u00f3crifos"},"content":{"rendered":"<p style=\"padding-left: 150px;\"><span style=\"font-size: 14pt;\"><em>Lejos del refugio y la respuesta, de la confianza tranquila en el estado permanente de las cosas, la funci\u00f3n de la m\u00fasica y el credo s\u00f3lo puede estar en hacer m\u00e1s habitable la existencia. Como el trabajo de educar, aquello en lo que se cree llena de sentido a la vida y al mundo. Con <strong>Credo,<\/strong>\u00a0\u00e1lbum debut del saxofonista israelita <\/em><strong>Micha\u00ebl Attias<\/strong><em>, comienza este programa n\u00famero\u00a0139 de <\/em><strong>La Nota Azul<\/strong><em> del s\u00e1bado 4 de agosto de 2018. Por radio <\/em><strong>Zumba La Turba<\/strong><em>, en la FM 99.5 de C\u00f3rdoba, Argentina.<\/em><\/span><\/p>\n<p><iframe id=\"audio_27593082\" style=\"border: 1px solid #EEE; box-sizing: border-box; width: 100%;\" src=\"https:\/\/ar.ivoox.com\/es\/player_ej_27593082_4_1.html?c1=ff6600\" width=\"300\" height=\"200\" frameborder=\"0\" scrolling=\"no\" allowfullscreen=\"allowfullscreen\"><\/iframe><\/p>\n<p><span style=\"font-size: 14pt;\">La\u00a0referencia al \u201ccredo\u201d est\u00e1 aqu\u00ed despojada por nosotros de sentido religioso. La usamos\u00a0para indicar aquello en lo que se cree y que llena de sentido a la vida y al mundo. El trabajo de educar es tambi\u00e9n un credo. Este programa est\u00e1 dedicado a Sandra Calamaro y Rub\u00e9n Rodr\u00edguez, trabajadores de la educaci\u00f3n, de Moreno, Provincia de Buenos Aires, asesinados por la desidia estatal mientras preparaban el desayuno de <img fetchpriority=\"high\" decoding=\"async\" class=\"alignright wp-image-1795\" src=\"http:\/\/lanotaazul.com.ar\/wp-content\/uploads\/2018\/08\/Credo.jpg\" alt=\"\" width=\"340\" height=\"338\" \/>sus alumnos.<\/span><\/p>\n<p><span style=\"font-size: 14pt;\">El inicio musical es con el disco <strong><em>Credo,<\/em><\/strong> de <strong>Micha\u00ebl Attias<\/strong>, saxofonista israelita nacido en Haifa\u00a0el 4 de agosto de 1968, que luego creci\u00f3 en Par\u00eds y en Minneapolis y vive actualmente en los Estados Unidos. Credo fue grabado en 1999 y lanzado por el sello <em>Clean Feed<\/em> en el a\u00f1o 2005, con <strong>Micha\u00ebl Attias<\/strong> en saxos alto y bar\u00edtono,\u00a0<strong>Reut Regev<\/strong> en tromb\u00f3n,\u00a0<strong>Chris Lightcap<\/strong> en el contrabajo, <strong>Igal Foni<\/strong> en bater\u00eda, y la participaci\u00f3n de\u00a0<strong>Sam Bardfield<\/strong> en viol\u00edn y de\u00a0<strong>Mark Taylor<\/strong> en corno franc\u00e9s.<\/span><\/p>\n<p><span style=\"font-size: 14pt;\">Adem\u00e1s, nos visitan <strong>Ives Romero<\/strong>, <strong>Federico Ragessi<\/strong> y <strong>C\u00e9sar Alarc\u00f3n<\/strong> con quienes charlamos sobre la m\u00fasica y los ciclos de improvisaci\u00f3n coordinados por el del D<strong>\u00fao Cayote<\/strong>. Ragessi y Romero adelantan su disco <strong><em>Fragmentos ap\u00f3crifos<\/em><\/strong> que est\u00e1 a punto de ser lanzado y suena por anticipado en <strong>La Nota Azul<\/strong>. El disco del <strong>D\u00fao Cayote<\/strong> es el resultado del registro de una serie de encuentros musicales de domingos en <em>InB Estudio<\/em> en Mendiolaza, y cuenta con la participaci\u00f3n de ocho invitados de lujo.<\/span><\/p>\n<p><img decoding=\"async\" class=\"aligncenter size-large wp-image-1804\" src=\"http:\/\/lanotaazul.com.ar\/wp-content\/uploads\/2018\/08\/WhatsApp-Image-2018-08-04-at-7.18.36-PM-1024x576.jpeg\" alt=\"\" width=\"640\" height=\"360\" \/><\/p>\n<p><span style=\"font-size: 14pt;\"><strong>C\u00e9sar Alarc\u00f3n<\/strong>, por su parte, invita a los eventos en los que participar\u00e1 el pr\u00f3ximo viernes en<em>\u00a0Bast\u00f3n del Moro<\/em> y el s\u00e1bado en el <em>Teatro La Luna<\/em> con Cecilia Quinteros, Franco Pellini, el d\u00fao Cayote y M\u00e1ximo Endrek.<\/span><\/p>\n<p><span style=\"font-size: 14pt;\">Luego comentamos algo de lo que fue el concierto del Quinteto de <strong>Rodrigo Dom\u00ednguez<\/strong> y <strong>Valent\u00edn Garvie<\/strong> con <strong>Juli\u00e1n Maliandi<\/strong>, <strong>Nicol\u00e1s Passetti<\/strong> y <strong>Luciano Monte<\/strong>, en Presidencia Roque S\u00e1enz Pe\u00f1a, provincia del Chaco. Escuchamos una peque\u00f1a muestra del concierto y parte del \u00e1lbum <strong><em>Lim\u00f3n<\/em><\/strong> de <strong>Rodrigo Dom\u00ednguez<\/strong>.<\/span><\/p>\n<p><img decoding=\"async\" class=\"aligncenter wp-image-1797\" src=\"http:\/\/lanotaazul.com.ar\/wp-content\/uploads\/2018\/08\/Garvie-Dom\u00ednguez-en-S\u00e1enz-Pe\u00f1a-3.jpg\" alt=\"\" width=\"647\" height=\"425\" \/><\/p>\n<p>&nbsp;<\/p>\n<p><span style=\"font-size: 14pt;\">Finalmente, cerramos con la m\u00fasica del contrabajista franc\u00e9s <strong>Henri Texier<\/strong> en dos formatos: con el clarinetista <strong>Louis Sclavis<\/strong> y el baterista <strong>Aldo Romano<\/strong>, y con el pianista <strong>Alain Jean-Marie<\/strong>, para el sello <em>Label Bleu<\/em>.<\/span><\/p>\n<p><img loading=\"lazy\" decoding=\"async\" class=\"aligncenter wp-image-1805\" src=\"http:\/\/lanotaazul.com.ar\/wp-content\/uploads\/2018\/08\/WhatsApp-Image-2018-08-04-at-8.36.16-PM-1024x576.jpeg\" alt=\"\" width=\"489\" height=\"275\" \/><\/p>\n<p>&nbsp;<\/p>\n<p><span style=\"font-size: 14pt;\">Todo eso y mucho m\u00e1s en dos horas de jazz, m\u00fasica y radio.<\/span><\/p>\n<p>&nbsp;<\/p>\n<p style=\"text-align: center;\"><span style=\"font-size: 18pt;\"><a href=\"http:\/\/lanotaazul.com.ar\/programas\/la-musica-el-credo-y-los-fragmentos-apocrifos\/\" target=\"_blank\" rel=\"noopener noreferrer\"><em><strong>ESCUCHALO TAMBI\u00c9N POR AC\u00c1<\/strong><\/em><\/a><\/span><\/p>\n<div class='share-to-whatsapp-wrapper'><div class='share-on-whsp'>Share on: <\/div><div class='clear '><\/div><\/div>","protected":false},"excerpt":{"rendered":"<p>Lejos del refugio y la respuesta, de la confianza tranquila en el estado permanente de las cosas, la funci\u00f3n de la m\u00fasica y el credo s\u00f3lo puede estar en hacer m\u00e1s habitable la existencia. Como el trabajo de educar, aquello en lo que se cree llena de sentido a la vida y al mundo. Con [&hellip;]<\/p>\n","protected":false},"author":14,"featured_media":6300,"comment_status":"open","ping_status":"open","sticky":false,"template":"","format":"standard","meta":{"footnotes":""},"categories":[261],"tags":[81,52,293,305,296,166],"class_list":["post-6299","post","type-post","status-publish","format-standard","has-post-thumbnail","hentry","category-la-nota-azul","tag-agenda-cultural","tag-cultura","tag-jazz","tag-jazz-federal-club","tag-la-nota-azul","tag-musica"],"_links":{"self":[{"href":"https:\/\/zumbalaturba.com.ar\/index.php?rest_route=\/wp\/v2\/posts\/6299","targetHints":{"allow":["GET"]}}],"collection":[{"href":"https:\/\/zumbalaturba.com.ar\/index.php?rest_route=\/wp\/v2\/posts"}],"about":[{"href":"https:\/\/zumbalaturba.com.ar\/index.php?rest_route=\/wp\/v2\/types\/post"}],"author":[{"embeddable":true,"href":"https:\/\/zumbalaturba.com.ar\/index.php?rest_route=\/wp\/v2\/users\/14"}],"replies":[{"embeddable":true,"href":"https:\/\/zumbalaturba.com.ar\/index.php?rest_route=%2Fwp%2Fv2%2Fcomments&post=6299"}],"version-history":[{"count":0,"href":"https:\/\/zumbalaturba.com.ar\/index.php?rest_route=\/wp\/v2\/posts\/6299\/revisions"}],"wp:featuredmedia":[{"embeddable":true,"href":"https:\/\/zumbalaturba.com.ar\/index.php?rest_route=\/wp\/v2\/media\/6300"}],"wp:attachment":[{"href":"https:\/\/zumbalaturba.com.ar\/index.php?rest_route=%2Fwp%2Fv2%2Fmedia&parent=6299"}],"wp:term":[{"taxonomy":"category","embeddable":true,"href":"https:\/\/zumbalaturba.com.ar\/index.php?rest_route=%2Fwp%2Fv2%2Fcategories&post=6299"},{"taxonomy":"post_tag","embeddable":true,"href":"https:\/\/zumbalaturba.com.ar\/index.php?rest_route=%2Fwp%2Fv2%2Ftags&post=6299"}],"curies":[{"name":"wp","href":"https:\/\/api.w.org\/{rel}","templated":true}]}}